{"id":609766,"date":"2025-12-19T15:29:36","date_gmt":"2025-12-19T15:29:36","guid":{"rendered":"https:\/\/www.europesays.com\/fr\/609766\/"},"modified":"2025-12-19T15:29:36","modified_gmt":"2025-12-19T15:29:36","slug":"cest-insuffisant-le-verdict-pour-paul-seixas","status":"publish","type":"post","link":"https:\/\/www.europesays.com\/fr\/609766\/","title":{"rendered":"\u00ab\u00a0C&rsquo;est insuffisant\u00a0\u00bb, le verdict pour Paul Seixas"},"content":{"rendered":"<p><strong>Christian Prudhomme a comment\u00e9 la<br \/>\ndomination de Tadej Pogacar et le d\u00e9fi que repr\u00e9sentent pour lui la<br \/>\nmont\u00e9e en puissance de Paul Magnier et Paul Seixas.<\/strong><\/p>\n<p>Le parcours de Paris-Nice 2026 est d\u00e9sormais officiel. Ce<br \/>\nmercredi 17 d\u00e9cembre, la pr\u00e9sentation a d\u00e9voil\u00e9 les huit \u00e9tapes qui<br \/>\nattendent les coureurs du 8 au 15 mars. Plusieurs Fran\u00e7ais seront<br \/>\nde la partie, notamment K\u00e9vin Vauquelin, Lenny Martinez, Valentin<br \/>\nParet-Peintre, Beno\u00eet Cosnefroy ou encore David Gaudu, comme l\u2019a<br \/>\npr\u00e9cis\u00e9 Christian Prudhomme au micro de Cyclism\u2019Actu.<\/p>\n<p>En revanche, Paul Seixas, le jeune coureur de D\u00e9cathlon-CMA CGM,<br \/>\nne figure pas au programme. Apr\u00e8s sa rentr\u00e9e au Tour de l\u2019Algarve<br \/>\n(18-22 f\u00e9vrier) et sa participation aux Strade Bianche le 7 mars,<br \/>\nil encha\u00eenera avec le Tour du Pays Basque (6-11 avril) et les deux<br \/>\ngrandes classiques ardennaises : la Fl\u00e8che Wallonne (22 avril) et<br \/>\nLi\u00e8ge-Bastogne-Li\u00e8ge (26 avril).<\/p>\n<blockquote class=\"twitter-tweet\"><p><a class=\"twitter-link\" rel=\"noindex, nofollow noopener\" href=\"https:\/\/twitter.com\/sports_fr\/status\/2001600116617003497\" target=\"_blank\"><\/p><\/blockquote>\n<p>Quant au Tour de France, rien n\u2019est encore d\u00e9cid\u00e9 pour Seixas.<br \/>\nPour Prudhomme, le prodige de 19 ans n\u2019est pas encore pr\u00eat pour la<br \/>\nGrande Boucle. \u00ab\u202fC\u2019est encore insuffisant. Son \u00e9quipe d\u00e9cidera,<br \/>\nje l\u2019ai d\u00e9j\u00e0 dit. Je ne serai pas malheureux si Paul Seixas n\u2019est<br \/>\npas au d\u00e9part du Tour de France. Rappelez-moi donc son \u00e2ge\u202f\u00bb,<br \/>\na-t-il lanc\u00e9.<\/p>\n<p>Pogacar en danger<\/p>\n<p>Malgr\u00e9 cela, le directeur du Tour voit en Seixas un avenir<br \/>\nprometteur. Interrog\u00e9 sur la domination de Tadej Pogacar, il a<br \/>\nsoulign\u00e9 les talents fran\u00e7ais : \u00ab\u202fSi la domination de Pogacar<br \/>\nse confirme encore un peu plus qu\u2019en 2025, je n\u2019ai personnellement<br \/>\nrien contre. Mais avec nos jeunes Fran\u00e7ais, il faut faire<br \/>\nattention. On a de vrais talents : Paul Seixas, Paul<br \/>\nMagnier.\u202f\u00bb<\/p>\n<p>Prudhomme a ensuite d\u00e9taill\u00e9 son analyse : \u00ab\u202fPaul Magnier,<br \/>\nen dehors de Pogacar, est le coureur qui a le plus gagn\u00e9 l\u2019an<br \/>\ndernier, avec une pointe de vitesse redoutable. Paul Seixas, nous<br \/>\nsavons tous quels sont les r\u00eaves des uns et des autres. Maintenant,<br \/>\nil faut les laisser grandir et faire confiance \u00e0 leurs \u00e9quipes pour<br \/>\nles amener un jour au d\u00e9part du Tour de France dans les meilleures<br \/>\nconditions possibles.\u202f\u00bb\u00a0Les concern\u00e9s appr\u00e9cieront.<\/p>\n<p><script async src=\"https:\/\/platform.twitter.com\/widgets.js\" charset=\"utf-8\"><\/script><\/p>\n","protected":false},"excerpt":{"rendered":"Christian Prudhomme a comment\u00e9 la domination de Tadej Pogacar et le d\u00e9fi que repr\u00e9sentent pour lui la mont\u00e9e&hellip;\n","protected":false},"author":2,"featured_media":609767,"comment_status":"","ping_status":"","sticky":false,"template":"","format":"standard","meta":{"footnotes":""},"categories":[1411],"tags":[1154,207,1011,27,60],"class_list":{"0":"post-609766","1":"post","2":"type-post","3":"status-publish","4":"format-standard","5":"has-post-thumbnail","7":"category-cyclisme","8":"tag-cycling","9":"tag-cyclisme","10":"tag-fr","11":"tag-france","12":"tag-sports"},"share_on_mastodon":{"url":"https:\/\/pubeurope.com\/@fr\/115746947955307774","error":""},"_links":{"self":[{"href":"https:\/\/www.europesays.com\/fr\/wp-json\/wp\/v2\/posts\/609766","targetHints":{"allow":["GET"]}}],"collection":[{"href":"https:\/\/www.europesays.com\/fr\/wp-json\/wp\/v2\/posts"}],"about":[{"href":"https:\/\/www.europesays.com\/fr\/wp-json\/wp\/v2\/types\/post"}],"author":[{"embeddable":true,"href":"https:\/\/www.europesays.com\/fr\/wp-json\/wp\/v2\/users\/2"}],"replies":[{"embeddable":true,"href":"https:\/\/www.europesays.com\/fr\/wp-json\/wp\/v2\/comments?post=609766"}],"version-history":[{"count":0,"href":"https:\/\/www.europesays.com\/fr\/wp-json\/wp\/v2\/posts\/609766\/revisions"}],"wp:featuredmedia":[{"embeddable":true,"href":"https:\/\/www.europesays.com\/fr\/wp-json\/wp\/v2\/media\/609767"}],"wp:attachment":[{"href":"https:\/\/www.europesays.com\/fr\/wp-json\/wp\/v2\/media?parent=609766"}],"wp:term":[{"taxonomy":"category","embeddable":true,"href":"https:\/\/www.europesays.com\/fr\/wp-json\/wp\/v2\/categories?post=609766"},{"taxonomy":"post_tag","embeddable":true,"href":"https:\/\/www.europesays.com\/fr\/wp-json\/wp\/v2\/tags?post=609766"}],"curies":[{"name":"wp","href":"https:\/\/api.w.org\/{rel}","templated":true}]}}