{"id":609770,"date":"2025-12-19T15:34:14","date_gmt":"2025-12-19T15:34:14","guid":{"rendered":"https:\/\/www.europesays.com\/fr\/609770\/"},"modified":"2025-12-19T15:34:14","modified_gmt":"2025-12-19T15:34:14","slug":"le-cineaste-christophe-ruggia-juge-en-appel-pour-agressions-sexuelles-sur-adele-haenel-mineure-actualites","status":"publish","type":"post","link":"https:\/\/www.europesays.com\/fr\/609770\/","title":{"rendered":"Le cin\u00e9aste Christophe Ruggia jug\u00e9 en appel pour agressions sexuelles sur Ad\u00e8le Haenel mineure : Actualit\u00e9s"},"content":{"rendered":"<p class=\"lead \">Un an apr\u00e8s un proc\u00e8s \u00e9lectrique dans cette affaire embl\u00e9matique du #MeToo du cin\u00e9ma fran\u00e7ais, le cin\u00e9aste Christophe Ruggia est jug\u00e9 vendredi en appel \u00e0 Paris pour agressions sexuelles sur l&rsquo;actrice Ad\u00e8le Haenel entre ses 12 et 14 ans.<\/p>\n<p class=\"lead \">Condamn\u00e9 en premi\u00e8re instance \u00e0 quatre ans de prison, dont deux ferme \u00e0 effectuer sous bracelet \u00e9lectronique, le r\u00e9alisateur de 60 ans est \u00e0 nouveau confront\u00e9 dans le pr\u00e9toire \u00e0 l&rsquo;actrice doublement c\u00e9saris\u00e9e de 36 ans, qui a depuis tourn\u00e9 le dos aux tapis rouges et plateaux de tournage.<\/p>\n<p class=\"lead \">Une jeune adolescente faisant ses premiers pas de com\u00e9dienne, un r\u00e9alisateur d\u00e9miurge vingt-quatre ans plus vieux qu&rsquo;elle, un tournage \u00ab\u00a0totalement anormal\u00a0\u00bb avec des mineurs qui d\u00e9rivent vers un syst\u00e8me d'\u00a0\u00bbemprise\u00a0\u00bb: ce #MeToo fran\u00e7ais interroge les rapports du pouvoir dans le monde du cin\u00e9ma et leur possible instrumentalisation.<\/p>\n<p class=\"lead \">Le scandale a \u00e9clat\u00e9 il y a six ans, en novembre 2019, lorsque dans une enqu\u00eate de Mediapart Ad\u00e8le Haenel accuse Christophe Ruggia d&rsquo;agressions sexuelles de 2001 \u00e0 2004, dans la foul\u00e9e de l&rsquo;\u00e9prouvant tournage du film d&rsquo;auteur \u00ab\u00a0Les diables\u00a0\u00bb, o\u00f9 le r\u00e9alisateur lui a offert son premier r\u00f4le de cin\u00e9ma.<\/p>\n<p class=\"lead \">De mani\u00e8re constante, de sa premi\u00e8re prise de parole publique au proc\u00e8s de d\u00e9cembre 2024, Ad\u00e8le Haenel d\u00e9crit des caresses r\u00e9p\u00e9t\u00e9es et non consenties de la part de Christophe Ruggia sur son corps de coll\u00e9gienne \u00e0 l&rsquo;occasion de rendez-vous chez celui-ci, les samedis apr\u00e8s-midi durant plus de deux ans.<\/p>\n<p class=\"lead \"> \u00ab\u00a0Et moi je me tends, mon corps se crispe, je me recroqueville dans un coin du canap\u00e9\u00a0\u00bb, a t\u00e9moign\u00e9 \u00e0 la barre, en col\u00e8re, la com\u00e9dienne en premi\u00e8re instance.<\/p>\n<p class=\"lead \">Selon ses d\u00e9clarations durant l&rsquo;enqu\u00eate, Christophe Ruggia la mena\u00e7ait de retourner \u00ab\u00a0dans le n\u00e9ant\u00a0\u00bb si elle le rejetait, \u00ab\u00a0\u00e0 cette chose nulle\u00a0\u00bb qu&rsquo;elle \u00e9tait avant qu&rsquo;il ne lui permette sa premi\u00e8re apparition sur grand \u00e9cran.<\/p>\n<p class=\"lead \">&#8211; \u00ab\u00a0Ferme ta gueule !\u00a0\u00bb &#8211;<\/p>\n<p class=\"lead \">Son r\u00e9cit a \u00e9t\u00e9 qualifi\u00e9 \u00e0 l&rsquo;audience de \u00ab\u00a0pur mensonge\u00a0\u00bb par Christophe Ruggia qui d\u00e9ment cat\u00e9goriquement les faits depuis leur r\u00e9v\u00e9lation. Devant le tribunal correctionnel, il a affirm\u00e9 n&rsquo;avoir \u00ab\u00a0jamais\u00a0\u00bb \u00e9t\u00e9 \u00ab\u00a0attir\u00e9 sexuellement\u00a0\u00bb par l&rsquo;enfant qui d\u00e9gageait selon lui une \u00ab\u00a0sensualit\u00e9 d\u00e9bordante\u00a0\u00bb.<\/p>\n<p class=\"lead \">\u00ab\u00a0Il fallait lancer un #MeToo en France et c&rsquo;est tomb\u00e9 sur moi\u00a0\u00bb, a regrett\u00e9 le cin\u00e9aste qui pr\u00e9parait un nouveau film avec des adolescents au moment de la publication de l&rsquo;article de Mediapart.<\/p>\n<p class=\"lead \">Ses d\u00e9mentis r\u00e9p\u00e9t\u00e9s au proc\u00e8s ont exc\u00e9d\u00e9 Ad\u00e8le Haenel au point que celle-ci a interrompu son interrogatoire en hurlant \u00ab\u00a0Mais ferme ta gueule !\u00a0\u00bb avant de quitter la salle d&rsquo;audience, comme un \u00e9cho \u00e0 son d\u00e9part de la c\u00e9r\u00e9monie des C\u00e9sar en 2020 pour d\u00e9noncer le sacre de Roman Polanski.<\/p>\n<p class=\"lead \">Dans son jugement condamnant par ailleurs Christophe Ruggia \u00e0 indemniser Ad\u00e8le Haenel \u00e0 hauteur de 15.000 euros pour son pr\u00e9judice moral et 20.000 pour ses ann\u00e9es de suivi psychologique, le tribunal de Paris a estim\u00e9 que le pr\u00e9venu a profit\u00e9 de son \u00ab\u00a0ascendance\u00a0\u00bb sur l&rsquo;actrice d\u00e9butante, \u00ab\u00a0cons\u00e9quence de la relation instaur\u00e9e\u00a0\u00bb pendant le tournage du film \u00ab\u00a0Les diables\u00a0\u00bb.<\/p>\n<p class=\"lead \">\u00c0 l&rsquo;occasion des rendez-vous hebdomadaires \u00e0 son domicile, Christophe Ruggia \u00ab\u00a0continuait d&rsquo;exercer son autorit\u00e9 de r\u00e9alisateur, (l&rsquo;adolescente) n&rsquo;\u00e9tait pas en mesure de s&rsquo;opposer ni de s&rsquo;extraire de cette emprise\u00a0\u00bb, ont estim\u00e9 les juges.<\/p>\n<p class=\"lead \">Contact\u00e9s par l&rsquo;AFP, les avocats des deux parties n&rsquo;ont pas souhait\u00e9 s&rsquo;exprimer avant l&rsquo;audience \u00e0 la cour d&rsquo;appel de Paris.<\/p>\n<p class=\"lead \">Apr\u00e8s son r\u00f4le le plus marquant dans \u00ab\u00a0Portrait de la jeune fille en feu\u00a0\u00bb (2019) de la r\u00e9alisatrice C\u00e9line Sciamma, devenue une \u0153uvre f\u00e9ministe et lesbienne de r\u00e9f\u00e9rence, Ad\u00e8le Haenel a rompu avec le 7e art \u00e0 partir de 2020 pour se consacrer au th\u00e9\u00e2tre et au militantisme de gauche radicale.<\/p>\n<p class=\"lead \">Dans une lettre publi\u00e9e par T\u00e9l\u00e9rama en 2023, elle justifiait son d\u00e9part du cin\u00e9ma \u00ab\u00a0pour d\u00e9noncer la complaisance g\u00e9n\u00e9ralis\u00e9e du m\u00e9tier vis-\u00e0-vis des agresseurs sexuels, et plus g\u00e9n\u00e9ralement, la mani\u00e8re dont ce milieu collabore avec l&rsquo;ordre mortif\u00e8re \u00e9cocide raciste du monde tel qu&rsquo;il est\u00a0\u00bb.<\/p>\n<p class=\"small font-weight-bold text-gray3 \"> publi\u00e9 le 19 d\u00e9cembre \u00e0 14h58, AFP<\/p>\n<p>                             Partager<\/p>\n","protected":false},"excerpt":{"rendered":"Un an apr\u00e8s un proc\u00e8s \u00e9lectrique dans cette affaire embl\u00e9matique du #MeToo du cin\u00e9ma fran\u00e7ais, le cin\u00e9aste Christophe&hellip;\n","protected":false},"author":2,"featured_media":609771,"comment_status":"","ping_status":"","sticky":false,"template":"","format":"standard","meta":{"footnotes":""},"categories":[1359],"tags":[3959,1120,1971,1972,58,1769,59,4651,1011,27,973,4780],"class_list":{"0":"post-609770","1":"post","2":"type-post","3":"status-publish","4":"format-standard","5":"has-post-thumbnail","7":"category-people","8":"tag-adolescents","9":"tag-agression","10":"tag-clbrits","11":"tag-cinma","12":"tag-divertissement","13":"tag-enqute","14":"tag-entertainment","15":"tag-femmes","16":"tag-fr","17":"tag-france","18":"tag-people","19":"tag-procs"},"share_on_mastodon":{"url":"https:\/\/pubeurope.com\/@fr\/115746967656599724","error":""},"_links":{"self":[{"href":"https:\/\/www.europesays.com\/fr\/wp-json\/wp\/v2\/posts\/609770","targetHints":{"allow":["GET"]}}],"collection":[{"href":"https:\/\/www.europesays.com\/fr\/wp-json\/wp\/v2\/posts"}],"about":[{"href":"https:\/\/www.europesays.com\/fr\/wp-json\/wp\/v2\/types\/post"}],"author":[{"embeddable":true,"href":"https:\/\/www.europesays.com\/fr\/wp-json\/wp\/v2\/users\/2"}],"replies":[{"embeddable":true,"href":"https:\/\/www.europesays.com\/fr\/wp-json\/wp\/v2\/comments?post=609770"}],"version-history":[{"count":0,"href":"https:\/\/www.europesays.com\/fr\/wp-json\/wp\/v2\/posts\/609770\/revisions"}],"wp:featuredmedia":[{"embeddable":true,"href":"https:\/\/www.europesays.com\/fr\/wp-json\/wp\/v2\/media\/609771"}],"wp:attachment":[{"href":"https:\/\/www.europesays.com\/fr\/wp-json\/wp\/v2\/media?parent=609770"}],"wp:term":[{"taxonomy":"category","embeddable":true,"href":"https:\/\/www.europesays.com\/fr\/wp-json\/wp\/v2\/categories?post=609770"},{"taxonomy":"post_tag","embeddable":true,"href":"https:\/\/www.europesays.com\/fr\/wp-json\/wp\/v2\/tags?post=609770"}],"curies":[{"name":"wp","href":"https:\/\/api.w.org\/{rel}","templated":true}]}}