{"id":609774,"date":"2025-12-19T15:37:14","date_gmt":"2025-12-19T15:37:14","guid":{"rendered":"https:\/\/www.europesays.com\/fr\/609774\/"},"modified":"2025-12-19T15:37:14","modified_gmt":"2025-12-19T15:37:14","slug":"nikos-aliagas-la-star-academy-cest-le-voyage-du-heros","status":"publish","type":"post","link":"https:\/\/www.europesays.com\/fr\/609774\/","title":{"rendered":"Nikos Aliagas: la Star Academy, \u00ab\u00a0c&rsquo;est le voyage du h\u00e9ros\u00a0\u00bb"},"content":{"rendered":"<p>TF1 diffuse en ce moment la 13e saison de la Star Academy. Son pr\u00e9sentateur Nikos Aliagas retrace vendredi dans Tout un monde l&rsquo;\u00e9volution de l&rsquo;\u00e9mission musicale depuis le d\u00e9but des ann\u00e9es 2000. Elle suit un fil conducteur: ses participants entreprennent une sorte de \u00ab\u00a0voyage du h\u00e9ros\u00a0\u00bb digne des personnages de la mythologie grecque, selon l&rsquo;animateur.<\/p>\n<p>En un quart de si\u00e8cle, le t\u00e9l\u00e9crochet de TF1 a connu des hauts et des bas. Diffus\u00e9 une toute premi\u00e8re fois le 20 octobre 2001, il est arr\u00eat\u00e9 \u00e0 l&rsquo;issue de sa 9e saison, en 2012, d&rsquo;ailleurs diffus\u00e9e cette fois-ci sur NRJ 12.<\/p>\n<p>Le programme a fait son grand retour en 2022, de nouveau sur TF1. Les ingr\u00e9dients de base sont rest\u00e9s les m\u00eames: des candidats, de jeunes adultes, qui vivent et r\u00e9p\u00e8tent dans un ch\u00e2teau sous l&rsquo;\u0153il des cam\u00e9ras et se produisent lors d&rsquo;un \u00ab\u00a0live\u00a0\u00bb le samedi \u00e0 l&rsquo;issue duquel l&rsquo;un d&rsquo;eux est \u00e9limin\u00e9.<\/p>\n<p>\u00ab\u00a0Regarder par le trou de la serrure\u00a0\u00bb<\/p>\n<p>Qu&rsquo;est-ce qui a chang\u00e9 depuis le d\u00e9but du si\u00e8cle? La mise en sc\u00e8ne n&rsquo;est plus la m\u00eame, observe Nikos Aliagas. \u00ab\u00a0A l&rsquo;\u00e9poque, la t\u00e9l\u00e9vision, \u00e7a piquait\u00a0\u00bb, se rappelle le pr\u00e9sentateur de 56 ans. L&rsquo;\u00e9mission de t\u00e9l\u00e9-r\u00e9alit\u00e9 fonctionnait comme \u00ab\u00a0un dispositif d&rsquo;observation o\u00f9 les gens regardaient derri\u00e8re le miroir et par le trou de la serrure\u00a0\u00bb.<\/p>\n<p>L&rsquo;homme de t\u00e9l\u00e9vision greco-fran\u00e7ais confie ne jamais avoir \u00e9t\u00e9 \u00ab\u00a0super friand\u00a0\u00bb de ces codes un peu trash. \u00ab\u00a0\u00c7a n&rsquo;a pas \u00e9t\u00e9 mon ADN naturel. J&rsquo;ai donc d\u00fb l&rsquo;assumer, faire mon chemin et essayer non pas d&rsquo;imposer quoi que ce soit, mais d&rsquo;\u00eatre en phase avec ce que je ressentais. On est pass\u00e9 du conflit \u00e0 l&rsquo;\u00e9motion, du regard voyeur \u00e0 quelque chose de plus patrimonial\u00a0\u00bb, d\u00e9veloppe-t-il.<\/p>\n<p><strong class=\"inline-title\">&gt;&gt; A lire \u00e9galement:\u00a0: <\/strong><a href=\"https:\/\/www.rts.ch\/info\/suisse\/2024\/article\/toujours-plus-de-candidats-suisses-dans-les-emissions-francaises-de-telerealite-28605581.html\" data-item-id=\"richtext_link\" target=\"_blank\" rel=\"noopener\">Toujours plus de candidats suisses dans les \u00e9missions fran\u00e7aises de t\u00e9l\u00e9r\u00e9alit\u00e9<\/a><\/p>\n<p>Des jeunes habitu\u00e9s \u00e0 l&rsquo;objectif<\/p>\n<p>En pr\u00e8s de 25 ans, forc\u00e9ment, c&rsquo;est aussi une autre g\u00e9n\u00e9ration d'\u00a0\u00bbacad\u00e9miciens\u00a0\u00bb qui est arriv\u00e9e sur le devant de la sc\u00e8ne. Des jeunes qui ont toujours eu un smartphone entre les mains, et par cons\u00e9quent un \u00e9cran et une cam\u00e9ra.<\/p>\n<p>\u00ab\u00a0Les candidats des ann\u00e9es 2000 ne savaient pas faire de selfies, n&rsquo;avaient jamais entendu leur voix et n&rsquo;avaient jamais ou rarement vu leur visage sur le petit \u00e9cran. C&rsquo;\u00e9tait une autre \u00e9poque. On \u00e9tait encore dans les balbutiements de la repr\u00e9sentation de soi-m\u00eame\u00a0\u00bb, analyse Nikos Aliagas. \u00ab\u00a0Aujourd&rsquo;hui, nos \u00e9l\u00e8ves de la Star Ac&rsquo; sont d&rsquo;une g\u00e9n\u00e9ration qui a toujours v\u00e9cu connect\u00e9e et qui sait donc se mettre en sc\u00e8ne.\u00a0\u00bb<\/p>\n<blockquote class=\"rts-quote quote with-image\">\n<p class=\"q-text\">La Star Ac&rsquo; repose sur une structure narrative assez classique qui a toujours exist\u00e9<\/p>\n<p><img decoding=\"async\" class=\"q-img\" src=\"https:\/\/www.europesays.com\/fr\/wp-content\/uploads\/2025\/12\/dk8ivo-29096081.image\" data-ratio=\"square\"\/>  Nikos Aliagas, pr\u00e9sentateur de la Star Academy <\/p><\/blockquote>\n<p>Et puis, les artistes ont aussi l&rsquo;avantage d&rsquo;avoir en t\u00eate toutes les \u00e9missions des ann\u00e9es pr\u00e9c\u00e9dentes. Quand ils arrivent dans le ch\u00e2teau, \u00ab\u00a0c&rsquo;est aussi une premi\u00e8re fois, mais ils ont une conscience t\u00e9l\u00e9visuelle plus puissante que les autres. Ils savent comment \u00e7a se passe. Alors que Jennifer, Mario et Jean-Pascal (la gagnante, son dauphin et un demi-finaliste de la 1re \u00e9dition, ndlr), eux, ne savaient rien de tout \u00e7a.\u00a0\u00bb<\/p>\n<p>L&rsquo;Odyss\u00e9e de la Star Ac&rsquo;<\/p>\n<p>Les apprentis stars d&rsquo;aujourd&rsquo;hui ont peut-\u00eatre un l\u00e9ger avantage. Mais leur participation rel\u00e8ve de la m\u00eame aventure humaine que leurs pr\u00e9d\u00e9cesseurs. \u00ab\u00a0La Star Ac&rsquo; repose sur une structure narrative assez classique qui a toujours exist\u00e9. Des gens qui ne sont pas connus quittent leur quotidien pour traverser des \u00e9preuves. Et dans l&rsquo;\u00e9preuve, ils vont se trouver, se surpasser parfois, pour \u00eatre consacr\u00e9s\u00a0\u00bb, analyse Nikos Aliagas.<\/p>\n<p>Ces ficelles ne sont pas nouvelles. On les trouve d\u00e9j\u00e0 dans la mythologie grecque, d&rsquo;apr\u00e8s l&rsquo;animateur, qui fait r\u00e9f\u00e9rence au c\u00e9l\u00e8bre livre Le H\u00e9ros aux mille et un visages de Joseph Campbell.<\/p>\n<p>L&rsquo;arch\u00e9type d\u00e9crit dans cet ouvrage? \u00ab\u00a0C&rsquo;est le voyage du h\u00e9ros, rappelle Nikos Aliagas, c&rsquo;est-\u00e0-dire de celui qui a rendez-vous avec son destin, qui va essayer, qui n&rsquo;a pas de certitudes, mais qui en m\u00eame temps a assez de folie pour se dire: pourquoi pas moi?\u00a0\u00bb<\/p>\n<p>L\u00e9a, la candidate suisse de cette 13e \u00e9dition, est donc une h\u00e9ro\u00efne hom\u00e9rienne! Pour la chanteuse originaire de Bellmund (BE), l&rsquo;aventure se poursuit. Heureux qui, comme Ulysse, a fait un beau voyage&#8230;<\/p>\n<p>Contenu externe<\/p>\n<p> Ce contenu externe ne peut pas \u00eatre affich\u00e9 car il est susceptible de collecter des donn\u00e9es personnelles. Pour voir ce contenu vous devez autoriser la cat\u00e9gorie <strong>R\u00e9seaux sociaux<\/strong>. <\/p>\n<p> Accepter Plus d&rsquo;info <\/p>\n<p class=\"sources\">Propos recueillis par Eric Guevara-Frey<\/p>\n<p class=\"credit\">Texte web: Antoine Michel<\/p>\n","protected":false},"excerpt":{"rendered":"TF1 diffuse en ce moment la 13e saison de la Star Academy. Son pr\u00e9sentateur Nikos Aliagas retrace vendredi&hellip;\n","protected":false},"author":2,"featured_media":609775,"comment_status":"","ping_status":"","sticky":false,"template":"","format":"standard","meta":{"footnotes":""},"categories":[1356],"tags":[1693,426,58,59,1011,27,500,1698,10827,853,5095,252,199,1364,586],"class_list":{"0":"post-609774","1":"post","2":"type-post","3":"status-publish","4":"format-standard","5":"has-post-thumbnail","7":"category-television","8":"tag-arts-et-divertissement","9":"tag-candidat","10":"tag-divertissement","11":"tag-entertainment","12":"tag-fr","13":"tag-france","14":"tag-medias","15":"tag-musiques","16":"tag-nikos-aliagas","17":"tag-spectacles","18":"tag-star-academy","19":"tag-television","20":"tag-tf1","21":"tag-tv","22":"tag-voyage"},"share_on_mastodon":{"url":"","error":""},"_links":{"self":[{"href":"https:\/\/www.europesays.com\/fr\/wp-json\/wp\/v2\/posts\/609774","targetHints":{"allow":["GET"]}}],"collection":[{"href":"https:\/\/www.europesays.com\/fr\/wp-json\/wp\/v2\/posts"}],"about":[{"href":"https:\/\/www.europesays.com\/fr\/wp-json\/wp\/v2\/types\/post"}],"author":[{"embeddable":true,"href":"https:\/\/www.europesays.com\/fr\/wp-json\/wp\/v2\/users\/2"}],"replies":[{"embeddable":true,"href":"https:\/\/www.europesays.com\/fr\/wp-json\/wp\/v2\/comments?post=609774"}],"version-history":[{"count":0,"href":"https:\/\/www.europesays.com\/fr\/wp-json\/wp\/v2\/posts\/609774\/revisions"}],"wp:featuredmedia":[{"embeddable":true,"href":"https:\/\/www.europesays.com\/fr\/wp-json\/wp\/v2\/media\/609775"}],"wp:attachment":[{"href":"https:\/\/www.europesays.com\/fr\/wp-json\/wp\/v2\/media?parent=609774"}],"wp:term":[{"taxonomy":"category","embeddable":true,"href":"https:\/\/www.europesays.com\/fr\/wp-json\/wp\/v2\/categories?post=609774"},{"taxonomy":"post_tag","embeddable":true,"href":"https:\/\/www.europesays.com\/fr\/wp-json\/wp\/v2\/tags?post=609774"}],"curies":[{"name":"wp","href":"https:\/\/api.w.org\/{rel}","templated":true}]}}