{"id":609816,"date":"2025-12-19T15:59:23","date_gmt":"2025-12-19T15:59:23","guid":{"rendered":"https:\/\/www.europesays.com\/fr\/609816\/"},"modified":"2025-12-19T15:59:23","modified_gmt":"2025-12-19T15:59:23","slug":"grenoble-il-tente-de-mettre-le-feu-au-sapin-de-noel-de-la-place-notre-dame-et-se-rebelle-lors-de-son-arrestation","status":"publish","type":"post","link":"https:\/\/www.europesays.com\/fr\/609816\/","title":{"rendered":"Grenoble. Il tente de mettre le feu au sapin de No\u00ebl de la place Notre Dame et se rebelle lors de son arrestation"},"content":{"rendered":"<p>Au cours de la manifestation organis\u00e9e \u00e0 l\u2019occasion de la Journ\u00e9e internationale des migrants, dans la soir\u00e9e de jeudi 18\u00a0d\u00e9cembre \u00e0 Grenoble, un homme muni d\u2019un flambeau l\u2019a volontairement d\u00e9pos\u00e9 sous le sapin de No\u00ebl \u00e9rig\u00e9 sur la place Notre-Dame dans le but de l\u2019incendier. Deux autres manifestants l\u2019ont vu et ont pu enlever la torche avant qu\u2019elle n\u2019embrase l\u2019arbre d\u00e9cor\u00e9.<\/p>\n<p>Vers 20 heures, lorsque le cort\u00e8ge est arriv\u00e9 rue F\u00e9lix-Poulat devant l\u2019\u00e9glise Saint-Louis, l\u2019incendiaire a \u00e9t\u00e9 d\u00e9sign\u00e9 aux policiers qui ont voulu proc\u00e9der \u00e0 son interpellation. Mais l\u2019homme, \u00e2g\u00e9 de 41 ans, s\u2019est rebell\u00e9 et violemment d\u00e9battu, blessant l\u00e9g\u00e8rement quatre fonctionnaires qui tentaient de le ma\u00eetriser, et il a harangu\u00e9 la foule pour qu\u2019elle s\u2019oppose \u00e0 son arrestation. La voiture de police, \u00e0 bord de laquelle le suspect avait \u00e9t\u00e9 install\u00e9, a ainsi \u00e9t\u00e9 encercl\u00e9e par un groupe hostile que les policiers ont d\u00fb disperser en faisant usage de grenade lacrymog\u00e8ne.<\/p>\n<p>Ils ont ainsi pu se d\u00e9gager et se rendre \u00e0 l\u2019h\u00f4tel de police o\u00f9 le quadrag\u00e9naire a \u00e9t\u00e9 plac\u00e9 en garde \u00e0 vue pour \u00ab\u00a0tentative de d\u00e9gradation par un moyen dangereux pour les personnes lors d\u2019une manifestation sur la voie publique\u00a0\u00bb, \u00ab\u00a0violences sur personnes d\u00e9positaires de l\u2019autorit\u00e9 publique\u00a0\u00bb et \u00ab\u00a0r\u00e9bellion\u00a0\u00bb.<\/p>\n","protected":false},"excerpt":{"rendered":"Au cours de la manifestation organis\u00e9e \u00e0 l\u2019occasion de la Journ\u00e9e internationale des migrants, dans la soir\u00e9e de&hellip;\n","protected":false},"author":2,"featured_media":609817,"comment_status":"","ping_status":"","sticky":false,"template":"","format":"standard","meta":{"footnotes":""},"categories":[9566],"tags":[1111,11,2430,271,272,112,1777,674,274,1795,1011,27,2731,2732,108,12,25],"class_list":{"0":"post-609816","1":"post","2":"type-post","3":"status-publish","4":"format-standard","5":"has-post-thumbnail","7":"category-grenoble","8":"tag-actu","9":"tag-actualites","10":"tag-auvergne-rhone-alpes","11":"tag-crime","12":"tag-delit-et-contravention","13":"tag-edition-grenoble-agglomeration","14":"tag-eu","15":"tag-europe","16":"tag-faits-divers-justice","17":"tag-fil-web","18":"tag-fr","19":"tag-france","20":"tag-grenoble","21":"tag-grenoble-bassin","22":"tag-isere","23":"tag-news","24":"tag-republique-francaise"},"share_on_mastodon":{"url":"https:\/\/pubeurope.com\/@fr\/115747066030795669","error":""},"_links":{"self":[{"href":"https:\/\/www.europesays.com\/fr\/wp-json\/wp\/v2\/posts\/609816","targetHints":{"allow":["GET"]}}],"collection":[{"href":"https:\/\/www.europesays.com\/fr\/wp-json\/wp\/v2\/posts"}],"about":[{"href":"https:\/\/www.europesays.com\/fr\/wp-json\/wp\/v2\/types\/post"}],"author":[{"embeddable":true,"href":"https:\/\/www.europesays.com\/fr\/wp-json\/wp\/v2\/users\/2"}],"replies":[{"embeddable":true,"href":"https:\/\/www.europesays.com\/fr\/wp-json\/wp\/v2\/comments?post=609816"}],"version-history":[{"count":0,"href":"https:\/\/www.europesays.com\/fr\/wp-json\/wp\/v2\/posts\/609816\/revisions"}],"wp:featuredmedia":[{"embeddable":true,"href":"https:\/\/www.europesays.com\/fr\/wp-json\/wp\/v2\/media\/609817"}],"wp:attachment":[{"href":"https:\/\/www.europesays.com\/fr\/wp-json\/wp\/v2\/media?parent=609816"}],"wp:term":[{"taxonomy":"category","embeddable":true,"href":"https:\/\/www.europesays.com\/fr\/wp-json\/wp\/v2\/categories?post=609816"},{"taxonomy":"post_tag","embeddable":true,"href":"https:\/\/www.europesays.com\/fr\/wp-json\/wp\/v2\/tags?post=609816"}],"curies":[{"name":"wp","href":"https:\/\/api.w.org\/{rel}","templated":true}]}}