{"id":609820,"date":"2025-12-19T16:02:21","date_gmt":"2025-12-19T16:02:21","guid":{"rendered":"https:\/\/www.europesays.com\/fr\/609820\/"},"modified":"2025-12-19T16:02:21","modified_gmt":"2025-12-19T16:02:21","slug":"romans-bd-la-selection-de-la-librairie-critic-pour-faire-plaisir-a-noel","status":"publish","type":"post","link":"https:\/\/www.europesays.com\/fr\/609820\/","title":{"rendered":"Romans, BD : la s\u00e9lection de la librairie Critic pour faire plaisir \u00e0 No\u00ebl"},"content":{"rendered":"<p style=\"text-align: justify\"><strong>Apr\u00e8s notre s\u00e9lection de romans \u00ab made in Rennes \u00bb d\u2019hier, c\u2019est au tour des libraires \u00c9ric et \u00c9tienne de chez <a href=\"https:\/\/www.librairie-critic.fr\" target=\"_blank\" rel=\"noopener\">Critic<\/a>, rue Hoche, de nous livrer leur s\u00e9lections de bons livres\u2026 toujours \u00e9crit par des Rennais.<\/strong><\/p>\n<p style=\"text-align: justify\"><strong>ROMANS<br \/><img loading=\"lazy\" decoding=\"async\" class=\"wp-image-108907 aligncenter\" src=\"data:image\/svg+xml,%3Csvg%20xmlns=\" http:=\"\" alt=\"\" width=\"118\" height=\"179\" data-wp-pid=\"108907\" data-lazy- data-lazy- data-lazy-src=\"https:\/\/www.europesays.com\/fr\/wp-content\/uploads\/2025\/12\/Simplement-Immortels-394x600.jpeg\"\/><a href=\"https:\/\/www.librairie-critic.fr\/simplement-immortels.html\" target=\"_blank\" rel=\"noopener\">Simplement immortels<\/a>, Mich\u00e8le Astrud<\/strong><\/p>\n<p style=\"text-align: justify\">Un futur pas si lointain. Un couple, brillant, ambitieux. Une soci\u00e9t\u00e9 technologiquement avanc\u00e9e, empreinte de militarisme. Quand lui doit rester sur Terre, elle est envoy\u00e9e dans l\u2019espace afin d\u2019y int\u00e9grer une base d\u2019entra\u00eenement. Alors qu\u2019elle y re\u00e7oit une formation la transformant en un soldat presque invincible, son humanit\u00e9 se d\u00e9sint\u00e8gre presque simultan\u00e9ment. L\u2019amour r\u00e9sistera-t-il \u00e0 la volont\u00e9 d\u2019int\u00e9grer l\u2019\u00e9lite\u00a0?<\/p>\n<p style=\"text-align: justify\"><strong><a href=\"https:\/\/www.librairie-critic.fr\/le-mensonge-suffit.html\" target=\"_blank\" rel=\"noopener\">Le mensonge suffit<\/a>\u00a0<\/strong><strong>de Christopher Bouix <\/strong><\/p>\n<p>Quand Black Mirror rencontre Anatomie d\u2019une chute, une fiction m\u00ealant thriller judiciaire et anticipation hyper emballante, o\u00f9 l\u2019ironie de Christopher Bouix met le doigt l\u00e0 o\u00f9 \u00e7a fait mal : sur nos nombreux paradoxes et petits renoncements qui permettent aux gouvernements de nous diriger.<\/p>\n<p style=\"text-align: justify\"><a href=\"https:\/\/www.librairie-critic.fr\/du-the-pour-les-fantomes-collector.html\" target=\"_blank\" rel=\"noopener\"><strong>Du th\u00e9 pour les fant\u00f4mes<\/strong><\/a><strong>\u00a0de Chris Vuklisevic <\/strong><\/p>\n<p>Histoire de fant\u00f4mes \u00e9videmment, mais aussi histoire de sorci\u00e8res, Chris Vuklisevic nous conte autour d\u2019une tasse de th\u00e9 fumante l\u2019\u00e9trange histoire de deux s\u0153urs jumelles dans la r\u00e9gion de Nice, qui pour se r\u00e9concilier \u00e0 la mort de leur m\u00e8re, vont enqu\u00eater justement sur les origines myst\u00e9rieuses de cette derni\u00e8re, afin de comprendre l\u2019\u00e9trange personnage qu\u2019elle \u00e9tait. Un magnifique roman intimiste, avec du style, une voix, de l\u2019\u00e9motion. Un roman aux nombreuses interpr\u00e9tations, avec un sens de la m\u00e9taphore certain qui permet de traiter des th\u00e8mes familiaux pas \u00e9vidents \u00e0 aborder. Un texte r\u00e9confortant de cosy fantastic comme le d\u00e9crit son \u00e9diteur, mais pas d\u00e9nu\u00e9 de certaines f\u00ealures, qui nous laissent en suspension.<\/p>\n<p style=\"text-align: justify\"><a href=\"https:\/\/www.librairie-critic.fr\/danser-avec-le-vent.html\" target=\"_blank\" rel=\"noopener\"><strong>Danser avec le vent<\/strong><\/a><strong>\u00a0d\u2019Emmanuel Lepage\u00a0<\/strong><\/p>\n<p style=\"text-align: justify\">Emmanuel Lepage, auteur incontournable, d\u00e9cide de retourner aux \u00eeles Kerguelen pour, presque 15 ans apr\u00e8s son premier voyage, faire un \u00e9tat des lieux de ce biotope hors-norme et juger des effets du temps dans un contexte global de changement climatique. Fort de cela, le voyage n\u2019en est que plus diff\u00e9rent et offre un nouveau reportage dessin\u00e9 somptueux\u2008!<\/p>\n<p style=\"text-align: justify\"><strong>AUTRES ROMANS (PAR AUTEURS RENNAIS)<\/strong><\/p>\n<p style=\"text-align: justify\"><strong>Eva Martin,<\/strong>\u00a0De l\u2019or dans les mains\u00a0\/\u00a0Miska. \u00ab\u00a0Une voleuse, de la magie, de l\u2019aventure !\u00a0\u00bb<\/p>\n<p><strong>No\u00ebmie Lemos,<\/strong>\u00a0Station Symbiose\u00a0(jeunesse) \/\u00a0Hope. \u00ab\u00a0Monstres &amp; cie fa\u00e7on aliens !\u00a0\u00bb<\/p>\n<p><strong>Pierre L\u00e9aut\u00e9<\/strong> Le Haut Mal\u00a0\/\u00a0Je n\u2019aime pas les grands\u00a0\/\u00a0The 8 List. \u00ab\u00a0Le frisson des Pyr\u00e9n\u00e9es !\u00a0\u00bb<\/p>\n<p><strong>Paul Hartzuri, <\/strong>Le Chant des Monstres. \u00ab\u00a0Les Animaux fantastique fa\u00e7on Lovecraft !\u00a0\u00bb<\/p>\n<p><strong>Lys Krysler,<\/strong>\u00a0Demos\u00a0(2 tomes, ado-adultes). \u00ab\u00a0Magie, antiquit\u00e9, complots !\u00a0\u00bb<\/p>\n<p><strong>Marc Nagels,<\/strong>\u00a0La L\u00e9gende Arthurienne. \u00ab\u00a0Entre litt\u00e9rature m\u00e9di\u00e9vale et fantasy contemporaine. \u00bb<\/p>\n<p style=\"text-align: justify\"><strong>BANDES DESSIN\u00c9ES<br \/><img loading=\"lazy\" decoding=\"async\" class=\"wp-image-108908 aligncenter\" src=\"data:image\/svg+xml,%3Csvg%20xmlns=\" http:=\"\" alt=\"\" width=\"129\" height=\"172\" data-wp-pid=\"108908\" data-lazy- data-lazy- data-lazy-src=\"https:\/\/www.europesays.com\/fr\/wp-content\/uploads\/2025\/12\/islander-450x600.webp.webp\"\/><a href=\"https:\/\/www.librairie-critic.fr\/islander-01-islander-t01.html\" target=\"_blank\" rel=\"noopener\">Islander<\/a> T01\u00a0de Caryl F\u00e9rey et Corentin Rouge<\/strong><\/p>\n<p style=\"text-align: justify\">Apr\u00e8s le percutant Sangoma, le duo Caryl F\u00e9rey et Corentin Rouge se reforme pour un nouveau thriller non moins percutant, plus immersif encore avec sa petite touche d\u2019anticipation et son sc\u00e9nario au long cours (3 tomes pr\u00e9vus). Les d\u00e9cors de l\u2019Islande se pr\u00eatent \u00e0 merveille pour ce page-turner terriblement efficace et addictif.<\/p>\n<p style=\"text-align: justify\"><strong><a href=\"https:\/\/www.librairie-critic.fr\/le-grizzli-02-une-haleine-de-cadavre.html\" target=\"_blank\" rel=\"noopener\">Le Grizzli<\/a> T02<\/strong><strong>\u00a0de Fred Simon et Matz<\/strong><\/p>\n<p style=\"text-align: justify\">Nouvel \u00e9pisode de ce polar \u00e0 la fran\u00e7aise tendance Audiard, avec son argot, ses personnages, ses r\u00e9pliques, et nouvelle r\u00e9ussite\u2008! Chaque volume propose une histoire compl\u00e8te, et si nous avions ador\u00e9 la premi\u00e8re, la deuxi\u00e8me se hisse ais\u00e9ment au m\u00eame niveau, voire plus haut encore\u2008!<\/p>\n<p style=\"text-align: justify\"><strong><a href=\"https:\/\/www.librairie-critic.fr\/fox-boy-04-fox-et-pol.html\" target=\"_blank\" rel=\"noopener\">Fox-Boy<\/a> T04<\/strong><strong>\u00a0de Laurent Lefeuvre<\/strong><\/p>\n<p style=\"text-align: justify\">Plus introspectif, diff\u00e9rent, ce tome 4 de notre super-h\u00e9ros rennais sonne le glas des illusions et le passage \u00e0 l\u2019\u00e2ge adulte pour Paul, qui n\u2019a plus remis son habit de Fox-Boy depuis plusieurs ann\u00e9es, tourment\u00e9 par le monde qui l\u2019entoure. Moins de sc\u00e8nes d\u2019action donc, et pourtant un art du pinceau intact de la part de Laurent Lefeuvre.<\/p>\n<p style=\"text-align: justify\"><strong>AUTRES BD, PAR AUTEURS (RENNAIS)\u00a0:<\/strong><\/p>\n<p style=\"text-align: justify\"><strong>Zanzim, <\/strong>Peau d\u2019homme\u00a0(\u00e9dition collector). <strong>\u00ab\u00a0La BD sera bient\u00f4t adapt\u00e9e au cin\u00e9ma !\u00a0\u00bb<\/strong><\/p>\n<p><strong>Renan Coquin,<\/strong>\u00a0Enferm\u00e9\u00a0\/\u00a0Pillages\u00a0\/\u00a0Le Sourire d\u2019Auschwitz. <strong>\u00ab\u00a0<\/strong><strong>L\u2019histoire vraie et m\u00e9connue du bagne pour enfants de Belle-\u00cele !\u00a0\u00bb<\/strong><\/p>\n<p><strong>Maud B\u00e9n\u00e9zit,<\/strong>\u00a0J\u2019y vais mais j\u2019ai peur\u00a0\/\u00a0Il est o\u00f9 le patron ? <strong>\u00ab\u00a0<\/strong><strong>Le journal de bord de Clarisse Cremer.\u00a0\u00bb<\/strong><\/p>\n<p><strong>Fran\u00e7ois Huszard,<\/strong>\u00a0Suivi de chantier\u00a0\/\u00a0La France des centre-bourgs. <strong>\u00ab\u00a0<\/strong><strong>Chronique d\u2019un chantier \u00e0 Br\u00e9al-sur-Montfort !\u00a0\u00bb<\/strong><\/p>\n<p><strong>Nicolas David, <\/strong>Manga :\u00a0Droners\u00a0\/\u00a0Manga Issho #2. <strong>\u00ab\u00a0<\/strong><strong>Le patron du manga made in Rennes !\u00a0\u00bb<\/strong><\/p>\n<p>\u00a0<\/p>\n<p style=\"text-align: justify\">\u00a0<\/p>\n","protected":false},"excerpt":{"rendered":"Apr\u00e8s notre s\u00e9lection de romans \u00ab made in Rennes \u00bb d\u2019hier, c\u2019est au tour des libraires \u00c9ric et&hellip;\n","protected":false},"author":2,"featured_media":609821,"comment_status":"","ping_status":"","sticky":false,"template":"","format":"standard","meta":{"footnotes":""},"categories":[2821],"tags":[1111,11,829,1777,674,1011,27,12,584,25],"class_list":{"0":"post-609820","1":"post","2":"type-post","3":"status-publish","4":"format-standard","5":"has-post-thumbnail","7":"category-rennes","8":"tag-actu","9":"tag-actualites","10":"tag-bretagne","11":"tag-eu","12":"tag-europe","13":"tag-fr","14":"tag-france","15":"tag-news","16":"tag-rennes","17":"tag-republique-francaise"},"share_on_mastodon":{"url":"https:\/\/pubeurope.com\/@fr\/115747077845379391","error":""},"_links":{"self":[{"href":"https:\/\/www.europesays.com\/fr\/wp-json\/wp\/v2\/posts\/609820","targetHints":{"allow":["GET"]}}],"collection":[{"href":"https:\/\/www.europesays.com\/fr\/wp-json\/wp\/v2\/posts"}],"about":[{"href":"https:\/\/www.europesays.com\/fr\/wp-json\/wp\/v2\/types\/post"}],"author":[{"embeddable":true,"href":"https:\/\/www.europesays.com\/fr\/wp-json\/wp\/v2\/users\/2"}],"replies":[{"embeddable":true,"href":"https:\/\/www.europesays.com\/fr\/wp-json\/wp\/v2\/comments?post=609820"}],"version-history":[{"count":0,"href":"https:\/\/www.europesays.com\/fr\/wp-json\/wp\/v2\/posts\/609820\/revisions"}],"wp:featuredmedia":[{"embeddable":true,"href":"https:\/\/www.europesays.com\/fr\/wp-json\/wp\/v2\/media\/609821"}],"wp:attachment":[{"href":"https:\/\/www.europesays.com\/fr\/wp-json\/wp\/v2\/media?parent=609820"}],"wp:term":[{"taxonomy":"category","embeddable":true,"href":"https:\/\/www.europesays.com\/fr\/wp-json\/wp\/v2\/categories?post=609820"},{"taxonomy":"post_tag","embeddable":true,"href":"https:\/\/www.europesays.com\/fr\/wp-json\/wp\/v2\/tags?post=609820"}],"curies":[{"name":"wp","href":"https:\/\/api.w.org\/{rel}","templated":true}]}}