{"id":609822,"date":"2025-12-19T16:03:28","date_gmt":"2025-12-19T16:03:28","guid":{"rendered":"https:\/\/www.europesays.com\/fr\/609822\/"},"modified":"2025-12-19T16:03:28","modified_gmt":"2025-12-19T16:03:28","slug":"on-me-traite-comme-un-terroriste-loligarque-russe-arrete-a-baden-maintenu-en-detention-a-rennes","status":"publish","type":"post","link":"https:\/\/www.europesays.com\/fr\/609822\/","title":{"rendered":"\u00ab\u00a0On me traite comme un terroriste\u00a0\u00bb\u00a0: l\u2019oligarque russe arr\u00eat\u00e9 \u00e0 Baden maintenu en d\u00e9tention \u00e0 Rennes"},"content":{"rendered":"<p>Vladimir Antonov comparaissait, en effet, ce jeudi, devant la juridiction pour qu\u2019elle s\u2019assure de la r\u00e9gularit\u00e9 du mandat d\u2019arr\u00eat \u00e9mis par les autorit\u00e9s lituaniennes \u00e0 son encontre, en juin 2012.<\/p>\n<p>Ce mandat d\u2019arr\u00eat a \u00e9t\u00e9 \u00e9mis par un tribunal de Vilnius, qui avait mis en branle le syst\u00e8me Interpol et Schengen pour retrouver la trace de cet homme de 50 ans et engager, \u00e0 son encontre, des poursuites p\u00e9nales pour falsification de documents, trafic de faux documents, abus de fonction, d\u00e9tournement de fonds et tenue frauduleuse de comptabilit\u00e9.<\/p>\n<p>Les faits qu\u2019on lui reproche auraient \u00e9t\u00e9 commis entre le 1er janvier 2008 et le 11 novembre 2011\u00a0: avec son partenaire commercial lituanien, cet ancien pr\u00e9sident du conseil de surveillance de la grande banque lituanienne Snoras aurait siphonn\u00e9 565 millions d\u2019euros \u00e0 cette soci\u00e9t\u00e9, aujourd\u2019hui nationalis\u00e9e.<\/p>\n<p>L\u2019enqu\u00eate a semble-t-il avanc\u00e9\u00a0: un mandat d\u2019arr\u00eat europ\u00e9en (MAE) a r\u00e9cemment \u00e9t\u00e9 \u00e9mis \u00e0 son encontre, toujours aux fins de poursuites p\u00e9nales dans cette m\u00eame affaire, pour laquelle il aurait d\u00fb compara\u00eetre en Lituanie, le 5 novembre 2024. Des faits de corruption, de faillite frauduleuse, de blanchiment du produit d\u2019un crime lui sont \u00e9galement reproch\u00e9s.<\/p>\n<p>\u00ab\u00a0Beaucoup de gens veulent me tuer\u00a0\u00bb<\/p>\n<p>Ce jeudi 18 d\u00e9cembre, Vladimir Antonov a \u00e9t\u00e9 extrait de la maison d\u2019arr\u00eat de Rennes-Vezin, o\u00f9 il dort depuis son interpellation \u00e0 Baden (56). <a href=\"https:\/\/www.letelegramme.fr\/morbihan\/baden-56870\/quand-on-ne-veut-aucune-relation-avec-son-voisinage-ca-devient-louche-loligarque-russe-interpelle-a-baden-y-vivait-depuis-dix-mois-6949667.php\" target=\"_blank\" rel=\"noopener\">Il louait, depuis mars 2025, une maison<\/a> avec vue imprenable sur le golfe du Morbihan, cach\u00e9e du voisinage et comprenant une piscine de 18 m\u00e8tres de long.<\/p>\n<p><img decoding=\"async\" src=\"https:\/\/www.europesays.com\/fr\/wp-content\/uploads\/2025\/12\/694564609674aabcb2003513.1.jpeg\" width=\"480\" height=\"300\" class=\"web_golden_m\" loading=\"lazy\" alt=\"Cach\u00e9e du voisinage, la maison que Vladimir Antonov louait avait une vue imprenable sur le golfe du Morbihan.\"\/>Cach\u00e9e du voisinage, la maison que Vladimir Antonov louait avait une vue imprenable sur le golfe du Morbihan. (Photo Lo\u00efc Berthy\/Le T\u00e9l\u00e9gramme)<\/p>\n<p>Il est apparu fatigu\u00e9, d\u00e9plorant de n\u2019avoir pas encore pu avoir acc\u00e8s \u00e0 un avocat en prison, ni aux documents qu\u2019il doit pr\u00e9senter pour pr\u00e9parer sa d\u00e9fense. Depuis son incarc\u00e9ration, il n\u2019a pas davantage pu appeler sa famille. \u00ab\u00a0Je ne suis pas d\u2019accord avec ce qui m\u2019est reproch\u00e9\u00a0\u00bb, a-t-il souffl\u00e9, sous les yeux de son fils, qui avait fait le d\u00e9placement.<\/p>\n<blockquote><p>Beaucoup de gens veulent me tuer, mon p\u00e8re a subi deux tentatives de meurtre\u2026 Il y a un an, dans ce pays, quelqu\u2019un a essay\u00e9 de me kidnapper<\/p><\/blockquote>\n<p>\u00ab\u00a0Beaucoup de gens veulent me tuer, mon p\u00e8re a subi deux tentatives de meurtre\u2026 Il y a un an, dans ce pays, quelqu\u2019un a essay\u00e9 de me kidnapper\u00a0\u00bb, a-t-il fait valoir, par le biais de l\u2019interpr\u00e8te russe qui l\u2019assistait. Il souhaite donc b\u00e9n\u00e9ficier d\u2019une assignation \u00e0 r\u00e9sidence sous surveillance \u00e9lectronique (ARSE) et d\u2019une protection judiciaire \u00e0 la maison, \u00e0 Baden.<\/p>\n<p>\u00ab\u00a0Je n\u2019ai pas o\u00f9 fuir\u00a0\u00bb<\/p>\n<p>\u00ab\u00a0J\u2019ai une adresse connue en France, je n\u2019ai pas o\u00f9 fuir (\u2026) \u00bb, a-t-il ajout\u00e9. \u00ab\u00a0Je ne suis pas un \u00e9l\u00e9ment social dangereux, mais on me traite comme un terroriste\u00a0\u00bb.<\/p>\n<p>L\u2019oligarque a gliss\u00e9 au passage que son avocat belge doit lui transmettre \u00ab\u00a0des documents d\u2019une importance absolue\u00a0\u00bb, devant faire l\u2019objet d\u2019une traduction, pour prouver son innocence.<\/p>\n<p>Mais la chambre de l\u2019instruction de la cour d\u2019appel de Rennes n\u2019a pas pu se pencher sur la r\u00e9gularit\u00e9 du mandat d\u2019arr\u00eat europ\u00e9en, ce jeudi 18 d\u00e9cembre\u00a0: son avocate bretonne, Me Pauline Kerloegan, \u00e9tait retenue \u00e0 la cour d\u2019assises des mineurs de Quimper et a sollicit\u00e9 le renvoi de l\u2019examen du fond \u00e0 la deuxi\u00e8me quinzaine de janvier.<\/p>\n<p>En attendant, les juges rennais lui ont pos\u00e9 les trois questions impos\u00e9es par la loi. \u00ab\u00a0Ce mandat d\u2019arr\u00eat s\u2019applique-t-il bien \u00e0 vous\u00a0?\u00a0\u00bb\u00a0; \u00ab\u00a0Acceptez-vous votre remise\u00a0?\u00a0\u00bb et \u00ab\u00a0Renoncez-vous au principe de sp\u00e9cialit\u00e9\u00a0?\u00a0\u00bb. Dans la mesure o\u00f9 il n\u2019y a pas renonc\u00e9, les juges lituaniens ne pourront le poursuivre que pour les faits vis\u00e9s dans le mandat d\u2019arr\u00eat, et pas pour d\u2019autres \u00e9ventuelles affaires. L\u2019oligarque russe sera donc vraisemblablement fix\u00e9 sur son sort d\u2019ici la fin du mois de janvier. En attendant, il reste incarc\u00e9r\u00e9.<\/p>\n","protected":false},"excerpt":{"rendered":"Vladimir Antonov comparaissait, en effet, ce jeudi, devant la juridiction pour qu\u2019elle s\u2019assure de la r\u00e9gularit\u00e9 du mandat&hellip;\n","protected":false},"author":2,"featured_media":609823,"comment_status":"","ping_status":"","sticky":false,"template":"","format":"standard","meta":{"footnotes":""},"categories":[2821],"tags":[1111,11,47096,829,765,1777,674,1011,27,303,3729,12,16048,584,25,132,3165],"class_list":{"0":"post-609822","1":"post","2":"type-post","3":"status-publish","4":"format-standard","5":"has-post-thumbnail","7":"category-rennes","8":"tag-actu","9":"tag-actualites","10":"tag-baden","11":"tag-bretagne","12":"tag-en-continu","13":"tag-eu","14":"tag-europe","15":"tag-fr","16":"tag-france","17":"tag-justice","18":"tag-morbihan","19":"tag-news","20":"tag-newsletter-aujourdhui-en-bretagne","21":"tag-rennes","22":"tag-republique-francaise","23":"tag-russie","24":"tag-vannes"},"share_on_mastodon":{"url":"https:\/\/pubeurope.com\/@fr\/115747082888207323","error":""},"_links":{"self":[{"href":"https:\/\/www.europesays.com\/fr\/wp-json\/wp\/v2\/posts\/609822","targetHints":{"allow":["GET"]}}],"collection":[{"href":"https:\/\/www.europesays.com\/fr\/wp-json\/wp\/v2\/posts"}],"about":[{"href":"https:\/\/www.europesays.com\/fr\/wp-json\/wp\/v2\/types\/post"}],"author":[{"embeddable":true,"href":"https:\/\/www.europesays.com\/fr\/wp-json\/wp\/v2\/users\/2"}],"replies":[{"embeddable":true,"href":"https:\/\/www.europesays.com\/fr\/wp-json\/wp\/v2\/comments?post=609822"}],"version-history":[{"count":0,"href":"https:\/\/www.europesays.com\/fr\/wp-json\/wp\/v2\/posts\/609822\/revisions"}],"wp:featuredmedia":[{"embeddable":true,"href":"https:\/\/www.europesays.com\/fr\/wp-json\/wp\/v2\/media\/609823"}],"wp:attachment":[{"href":"https:\/\/www.europesays.com\/fr\/wp-json\/wp\/v2\/media?parent=609822"}],"wp:term":[{"taxonomy":"category","embeddable":true,"href":"https:\/\/www.europesays.com\/fr\/wp-json\/wp\/v2\/categories?post=609822"},{"taxonomy":"post_tag","embeddable":true,"href":"https:\/\/www.europesays.com\/fr\/wp-json\/wp\/v2\/tags?post=609822"}],"curies":[{"name":"wp","href":"https:\/\/api.w.org\/{rel}","templated":true}]}}