{"id":609824,"date":"2025-12-19T16:04:10","date_gmt":"2025-12-19T16:04:10","guid":{"rendered":"https:\/\/www.europesays.com\/fr\/609824\/"},"modified":"2025-12-19T16:04:10","modified_gmt":"2025-12-19T16:04:10","slug":"les-gens-oublient-lhumain-derriere-lelu","status":"publish","type":"post","link":"https:\/\/www.europesays.com\/fr\/609824\/","title":{"rendered":"Les gens oublient l\u2019humain derri\u00e8re l\u2019\u00e9lu"},"content":{"rendered":"<p>                    Par<br \/>\n        <strong><br \/>\n            <a href=\"https:\/\/actu.fr\/auteur\/ivan-capecchi\" title=\"Consulter tous les articles de Ivan CAPECCHI\" target=\"_blank\" rel=\"noopener\">Ivan CAPECCHI<\/a><br \/>\n                    <\/strong><\/p>\n<p>        Publi\u00e9 le<\/p>\n<p>            19 d\u00e9c. 2025 \u00e0 16h59        <\/p>\n<p>Quand on est journaliste localier, on c\u00f4toie au plus pr\u00e8s les hommes et les femmes politiques. Lors de rendez-vous officiels, le plus souvent, mais aussi parfois dans des cadres plus informels. Alors, rarement, quand la confiance s\u2019installe, <strong>les langues se d\u00e9lient<\/strong>.<\/p>\n<p class=\" wall-content\">Au fil des ann\u00e9es, j\u2019ai entendu ces r\u00e9cits d\u2019\u00e9lus <strong>\u00e9puis\u00e9s<\/strong>, incapables de d\u00e9crocher, m\u00eame le temps d\u2019un d\u00eener improvis\u00e9, aussit\u00f4t rattrap\u00e9s par leur fonction. Ou ces silences lourds, ceux de responsables politiques traversant des \u00e9preuves personnelles sans jamais pouvoir les montrer.<\/p>\n<p class=\" wall-content\">\u00ab Le monde de la politique reste <strong>viriliste<\/strong>, il faut \u00eatre plus fort que les autres, rouler sur tout le monde pour se faire remarquer \u00bb, observe Carole Zielinski, adjointe \u00e0 la maire de Strasbourg en charge de la d\u00e9mocratie locale. Dans ce contexte, difficile de laisser affleurer ce qui est encore trop souvent per\u00e7u comme une faiblesse. \u00ab\u00a0<strong>D\u00e9voilez une faiblesse et<\/strong> <strong>vous vous faites exploser<\/strong>\u00ab\u00a0, r\u00e9sume am\u00e8rement un \u00e9lu.<\/p>\n<p class=\" wall-content\">Cet article s\u2019attache \u00e0 montrer cette r\u00e9alit\u00e9, sans occulter les autres facettes de l\u2019engagement politique.\u00a0<\/p>\n<p>\u00ab\u00a0J\u2019ai \u00e9t\u00e9 confront\u00e9e \u00e0 beaucoup de violence\u00a0\u00bb<\/p>\n<p class=\" wall-content\">Carole Zielinski faisait partie des personnalit\u00e9s issues de la soci\u00e9t\u00e9 civile sur la liste de <a href=\"https:\/\/actu.fr\/tag\/jeanne-barseghian\" target=\"_blank\" rel=\"noopener\">Jeanne Barseghian<\/a>, en 2020. C\u2019est son premier mandat politique.\u00a0<\/p>\n<p class=\" wall-content\">En 2021, elle engage la transformation des conseils de quartier en ateliers de quartier, en pleine <strong>crise Covid<\/strong>. \u00ab\u00a0Les \u00e9changes se faisaient en grande partie en <strong>visioconf\u00e9rence<\/strong> en raison du Covid. \u00c0 distance, la transmission des \u00e9motions est beaucoup plus difficile, de m\u00eame qu\u2019une certaine forme de compassion. Beaucoup de propos tenus lors de ces visios ont \u00e9t\u00e9 <strong>extr\u00eamement durs<\/strong>\u00ab\u00a0, t\u00e9moigne-t-elle.<\/p>\n<blockquote class=\"ac-article-quote wall-content\">\n<p>J\u2019ai \u00e9t\u00e9 confront\u00e9e \u00e0 beaucoup de violence, les gens oublient souvent l&rsquo;humain derri\u00e8re l&rsquo;\u00e9lu. L\u2019\u00e9lu devient un r\u00e9ceptacle d\u2019\u00e9motions, sans filtre, alors que dans la vie de tous les jours, on ne balance pas sa col\u00e8re ainsi \u00e0 des gens que l\u2019on ne conna\u00eet pas.<\/p>\n<p>    <strong>Carole Zielinski<\/strong><br \/>\n        Adjointe    <\/p><\/blockquote>\n<p>Votre r\u00e9gion, votre actu !<\/p>\n<p>Recevez chaque jour les infos qui comptent pour vous.<\/p>\n<p>\t<a href=\"https:\/\/actu.fr\/newsletter\" class=\"ac-btn ac-btn--corner ac-btn--medium ac-btn--blue800\" target=\"_blank\" rel=\"noopener\">S&rsquo;incrire<\/a><br \/>\nDeux burn-outs en quelques ann\u00e9es<\/p>\n<p class=\" wall-content\">Tout cela participe \u00e0 un \u00e9puisement professionnel. En mars 2021, on lui diagnostique un <a href=\"https:\/\/actu.fr\/societe\/il-touche-jusqu-a-2-5-millions-de-francais-c-est-quoi-le-burn-out-et-comment-eviter-de-rechuter_61148636.html\" target=\"_blank\" rel=\"noopener\">burn-out<\/a>. Elle s\u2019arr\u00eate deux semaines, seulement. \u00ab\u00a0Avec le recul, je ne pense pas que c\u2019\u00e9tait suffisant\u00a0\u00bb, glisse Carole Zielinski. En mai de cette ann\u00e9e, elle a \u00e9t\u00e9 victime d\u2019un second burn-out.<\/p>\n<p>La duret\u00e9 des mandats locaux, un frein au renouvellement<\/p>\n<p>L\u2019exercice d\u2019un mandat local est de plus en plus \u00e9prouvant. Selon une enqu\u00eate du Centre de recherches politiques de Sciences Po (Cevipof) men\u00e9e en 2022, une part importante de maires \u00e9voquent une charge mentale \u00e9lev\u00e9e, des difficult\u00e9s \u00e0 concilier vie personnelle et engagement public, ainsi qu\u2019un sentiment d\u2019isolement. Les pressions verbales et les conflits avec les administr\u00e9s figurent parmi les facteurs de mal-\u00eatre r\u00e9guli\u00e8rement cit\u00e9s.<\/p>\n<p>Depuis le d\u00e9but du mandat municipal 2020-2026, plus de 2 000 maires ont d\u00e9missionn\u00e9, selon les chiffres du minist\u00e8re de l\u2019Int\u00e9rieur et de l\u2019Association des maires de France, un niveau particuli\u00e8rement \u00e9lev\u00e9. Si les violences ne constituent pas la cause principale de ces d\u00e9parts, elles contribuent \u00e0 un climat de d\u00e9couragement.<\/p>\n<p>Cette r\u00e9alit\u00e9 p\u00e8se sur le renouvellement d\u00e9mocratique. Dans une \u00e9tude publi\u00e9e par la Banque des Territoires en 2024, une part significative des \u00e9lus locaux se dit h\u00e9sitante ou incertaine \u00e0 l\u2019id\u00e9e de briguer un nouveau mandat, notamment dans les communes urbaines, plus expos\u00e9es \u00e0 la conflictualit\u00e9.<\/p>\n<p>Pas le droit de souffler\u2026 m\u00eame aux thermes Caracalla<\/p>\n<p class=\" wall-content\">Carole Zielinski le constate : \u00ab\u00a0\u00catre \u00e9lue, c\u2019est une <strong>implication mentale constante<\/strong>\u00ab\u00a0. \u00ab\u00a0Quand vous \u00eates en responsabilit\u00e9, <strong>le temps ne vous appartient plus<\/strong>\u00ab\u00a0, abonde un autre adjoint qui souhaite rester anonyme. \u00ab\u00a0Vous devez \u00eatre disponible partout, tout le temps, un interlocuteur ne comprend pas qu\u2019un \u00e9lu a parfois besoin de souffler\u00a0\u00bb, d\u00e9veloppe-t-il.<\/p>\n<p class=\" wall-content\">Il se rem\u00e9more cette vir\u00e9e aux <a href=\"https:\/\/actu.fr\/loisirs-culture\/thermes-caracalla-un-nouveau-spa-a-ouvert-cette-annee-voici-pourquoi-il-faut-absolument-que-vous-le-testiez_63599407.html\" target=\"_blank\" rel=\"noopener\">thermes Caracalla<\/a>, non loin de Strasbourg en <a href=\"https:\/\/actu.fr\/tag\/allemagne\" target=\"_blank\" rel=\"noopener\">Allemagne<\/a> : \u00ab\u00a0Cela faisait longtemps que je n\u2019y avais pas \u00e9t\u00e9, j\u2019y suis all\u00e9 <strong>juste pour avoir la paix une demi-journ\u00e9e<\/strong>. Et l\u00e0, [un administr\u00e9] me tombe dessus en disant : \u2018Mais qu\u2019est-ce que vous faites l\u00e0 ? \u00c7a n\u2019est pas normal ! C\u2019est comme \u00e7a que les \u00e9lus utilisent l\u2019argent public ?!&rsquo;\u00a0\u00bb.<\/p>\n<p>Le traitement m\u00e9diatique de certaines affaires jug\u00e9 caricatural<\/p>\n<p class=\" wall-content\">Cet adjoint fait partie de ceux qui ont eu \u00e0 g\u00e9rer des dossiers lourds au cours des cinq derni\u00e8res ann\u00e9es, souvent au contact de publics r\u00e9put\u00e9s comme difficiles. Il t\u00e9moigne de sa frustration de voir des personnes s\u2019exprimer sur des dossiers dont ils n\u2019ont pas tous les tenants et les aboutissants. \u00ab\u00a0Vous devez parfois prendre des d\u00e9cisions qui ne sont pas simples,<strong> et derri\u00e8re vous en prenez plein la gueule<\/strong>, y compris dans l\u2019intimit\u00e9 \u2013 certaines personnes vous tournent le dos \u2013 car on vous dit que vous ne savez pas g\u00e9rer, alors que le dossier est tr\u00e8s complexe\u00a0\u00bb, confie-t-il.<\/p>\n<p class=\" wall-content\">Il d\u00e9plore aussi<strong> le traitement m\u00e9diatique de certaines affaires<\/strong>, qu\u2019il juge caricatural ou tronqu\u00e9. \u00ab\u00a0Dans ces moments-l\u00e0, on ressent de la col\u00e8re, voire de la <strong>haine<\/strong>. La haine de se dire : mais putain, on s\u2019engage, on s\u2019investit, on donne du temps et de l\u2019\u00e9nergie, on fait des sacrifices, pour au final avoir [certains journalistes] qui racontent n\u2019importe quoi, juste pour du <strong>buzz<\/strong>\u00ab\u00a0, l\u00e2che-t-il.<\/p>\n<p>Mettre sa vie de famille de c\u00f4t\u00e9<\/p>\n<p class=\" wall-content\">Des sacrifices, Owusu Tufuor, adjoint aux sports, aux \u00e9quipements sportifs et de loisirs, a d\u00fb en faire \u00e9galement. \u00ab\u00a0La th\u00e9matique que je porte <strong>m\u2019occupe beaucoup en soir\u00e9e et les week-ends<\/strong>. Je commence le lundi et je finis le dimanche\u00a0\u00bb, explique celui qui travaille \u00e0 mi-temps dans le social, en plus de sa fonction d\u2019\u00e9lu. \u00ab\u00a0Au d\u00e9but du mandat, mon fils avait 12 ans et ma fille, 15 ans. C\u2019est un moment charni\u00e8re de la vie de famille. [Ma fonction d\u2019\u00e9lu a quelque peu] <strong>impact\u00e9 l\u2019accompagnement de mes enfants<\/strong>\u00ab\u00a0, constate-t-il.<\/p>\n<blockquote class=\"ac-article-quote wall-content\">\n<p>Mon fils fait du handball. Depuis le d\u00e9but de la saison, je n&rsquo;ai pas vu un seul de ses matchs \u00e0 domicile au complet.<\/p>\n<p>    <strong>Owusu Tufuor<\/strong><br \/>\n        Adjoint    <\/p><\/blockquote>\n<p class=\" wall-content\">Ceci dit, il dit sa \u00ab\u00a0<strong>chance d\u2019avoir une famille qui comprend<\/strong>\u00ab\u00a0. \u00ab\u00a0J\u2019ai la chance d\u2019avoir des enfants \u00e9quilibr\u00e9s, et <strong>je remercie aussi ma femme<\/strong> qui a \u00e9t\u00e9 tr\u00e8s disponible pour accompagner nos enfants\u00a0\u00bb, glisse-t-il.<\/p>\n<p>Sentiment d\u2019\u00eatre utile<\/p>\n<p class=\" wall-content\">Souvent, quand des \u00e9lus fendent enfin l\u2019armure, je leur pose la m\u00eame question : \u00ab\u00a0Si les sources de r\u00e9jouissance sont si peu nombreuses, qu\u2019est-ce qui vous fait tenir ?\u00a0\u00bb Souvent aussi, ils me r\u00e9pondent la m\u00eame chose : <strong>la satisfaction de voir les choses aboutir, le sentiment d\u2019\u00eatre utile<\/strong>.\u00a0<\/p>\n<p class=\" wall-content\">Owusu Tufuor me cite par exemple le <a href=\"https:\/\/actu.fr\/grand-est\/strasbourg_67482\/strasbourg-un-tout-nouveau-skatepark-va-bientot-voir-le-jour-dans-ce-parc_63525740.html\" target=\"_blank\" rel=\"noopener\">skatepark qui est en train de voir le jour au parc Citadelle<\/a>. \u00ab\u00a0900 m\u00b2, vous vous rendez compte ?!\u00a0\u00bb, me lance-t-il, un large sourire sur le visage.<\/p>\n<p class=\" wall-content\">Personnalisez votre actualit\u00e9 en ajoutant vos villes et m\u00e9dias en favori avec <a href=\"https:\/\/moncompte.actu.fr\" title=\"D\u00e9couvez Mon Actu\" rel=\"nofollow noopener\" data-trk=\"{&quot;cta&quot;:{&quot;action&quot;:&quot;https:\\\/\\\/moncompte.actu.fr&quot;,&quot;category&quot;:&quot;mon compte&quot;,&quot;from&quot;:&quot;article footer&quot;,&quot;name&quot;:&quot;Mon actu&quot;,&quot;type&quot;:&quot;cta&quot;}}\" target=\"_blank\">Mon Actu<\/a>.<\/p>\n","protected":false},"excerpt":{"rendered":"Par Ivan CAPECCHI Publi\u00e9 le 19 d\u00e9c. 2025 \u00e0 16h59 Quand on est journaliste localier, on c\u00f4toie au&hellip;\n","protected":false},"author":2,"featured_media":609825,"comment_status":"","ping_status":"","sticky":false,"template":"","format":"standard","meta":{"footnotes":""},"categories":[2820],"tags":[1111,11,1777,674,1011,27,775,12,316,25,640,9547],"class_list":{"0":"post-609824","1":"post","2":"type-post","3":"status-publish","4":"format-standard","5":"has-post-thumbnail","7":"category-strasbourg","8":"tag-actu","9":"tag-actualites","10":"tag-eu","11":"tag-europe","12":"tag-fr","13":"tag-france","14":"tag-grand-est","15":"tag-news","16":"tag-politique","17":"tag-republique-francaise","18":"tag-strasbourg","19":"tag-violences-contre-les-elus"},"share_on_mastodon":{"url":"https:\/\/pubeurope.com\/@fr\/115747085676853056","error":""},"_links":{"self":[{"href":"https:\/\/www.europesays.com\/fr\/wp-json\/wp\/v2\/posts\/609824","targetHints":{"allow":["GET"]}}],"collection":[{"href":"https:\/\/www.europesays.com\/fr\/wp-json\/wp\/v2\/posts"}],"about":[{"href":"https:\/\/www.europesays.com\/fr\/wp-json\/wp\/v2\/types\/post"}],"author":[{"embeddable":true,"href":"https:\/\/www.europesays.com\/fr\/wp-json\/wp\/v2\/users\/2"}],"replies":[{"embeddable":true,"href":"https:\/\/www.europesays.com\/fr\/wp-json\/wp\/v2\/comments?post=609824"}],"version-history":[{"count":0,"href":"https:\/\/www.europesays.com\/fr\/wp-json\/wp\/v2\/posts\/609824\/revisions"}],"wp:featuredmedia":[{"embeddable":true,"href":"https:\/\/www.europesays.com\/fr\/wp-json\/wp\/v2\/media\/609825"}],"wp:attachment":[{"href":"https:\/\/www.europesays.com\/fr\/wp-json\/wp\/v2\/media?parent=609824"}],"wp:term":[{"taxonomy":"category","embeddable":true,"href":"https:\/\/www.europesays.com\/fr\/wp-json\/wp\/v2\/categories?post=609824"},{"taxonomy":"post_tag","embeddable":true,"href":"https:\/\/www.europesays.com\/fr\/wp-json\/wp\/v2\/tags?post=609824"}],"curies":[{"name":"wp","href":"https:\/\/api.w.org\/{rel}","templated":true}]}}