{"id":609830,"date":"2025-12-19T16:07:16","date_gmt":"2025-12-19T16:07:16","guid":{"rendered":"https:\/\/www.europesays.com\/fr\/609830\/"},"modified":"2025-12-19T16:07:16","modified_gmt":"2025-12-19T16:07:16","slug":"ce-quil-faut-retenir-de-leur-conference-de-presse","status":"publish","type":"post","link":"https:\/\/www.europesays.com\/fr\/609830\/","title":{"rendered":"ce qu\u2019il faut retenir de leur conf\u00e9rence de presse"},"content":{"rendered":"<p>                                                                                <strong>Sur la gen\u00e8se de ce retour<\/strong><\/p>\n<p class=\"fs-5 \"><strong>Jean-Pierre Riv\u00e8re\u00a0: <\/strong>\u00ab\u00a0On est l\u00e0 parce que tout le monde le sait, le club est en difficult\u00e9 en ce moment. Le mal est assez profond.\u00a0Maurice et moi, on a quand m\u00eame 22 ans de pr\u00e9sidence, et on est comme vous tous, comme tous les supporters, comme tous les partenaires du club, tristes de cette situation, et \u00e9videmment, on s\u2019est quand m\u00eame interrog\u00e9s sur l\u2019avenir du club. Il se trouve qu\u2019il y a trois jours, je suis all\u00e9 voir Jim Ratcliffe, j\u2019ai demand\u00e9 un entretien en t\u00eate \u00e0 t\u00eate. On a pass\u00e9 deux heures \u00e0 faire l\u2019\u00e9tat du club, de ce qui se passait, de comment on pouvait s\u2019en sortir. On est conscients qu\u2019il y a beaucoup de travail. Jim m\u2019a pos\u00e9 une question, il m\u2019a dit, Jean-Pierre, est-ce que vous pourriez revenir pendant 5 mois, le temps d\u2019une mission\u00a0? Je lui ai dit, oui, mais je ne peux pas faire \u00e7a seul. Il faudrait que je trouve quelqu\u2019un avec qui j\u2019ai confiance, qui conna\u00eet le club, et avec qui je suis en phase. En sortant de chez Jim, j\u2019ai appel\u00e9 Maurice, \u00e7a m\u2019est venu comme une \u00e9vidence. On s\u2019est vus, \u00e7a a pris 10 minutes, on s\u2019est dit oui tout de suite.\u00a0On a eu, le lendemain, l\u2019accord d\u2019Ineos sur le sujet\u00a0\u00bb.<\/p>\n<p class=\"fs-5 \"><strong>Maurice Cohen\u00a0:<\/strong> \u00ab\u00a0Il y a une quinzaine de jours, j\u2019avais d\u00e9j\u00e0 approch\u00e9 Jean-Claude Blanc (PSG d\u2019Ineos Sports), Fabrice Boquet, et m\u00eame Jim Ratcliffe pour leur dire de fa\u00e7on ouverte\u00a0: \u00ab\u00a0\u00e7a me fait de la peine de voir ce club en difficult\u00e9, j\u2019ai envie d\u2019aider. Je voudrais cr\u00e9er quelque chose, conseiller le pr\u00e9sident en place. Je n\u2019\u00e9tais pas au courant que Jean-Pierre allait me solliciter. C\u2019est une opportunit\u00e9 d\u2019essayer d\u2019aider le club \u00e0 retrouver un peu son image, son \u00e2me ni\u00e7oise. C\u2019est important de retrouver, m\u00eame autour de nous, des anciens qui pourraient participer et venir nous aider\u00a0\u00bb.<\/p>\n<p>                                                                                <strong>Sur la mission<\/strong><\/p>\n<p class=\"fs-5 \"><strong>Jean-Pierre Riv\u00e8re\u00a0: <\/strong>\u00ab\u00a0J\u2019ai parl\u00e9 de maintien \u00e0 Jim (Ratcliffe), je n\u2019ai pas parl\u00e9 d\u2019autre chose. Parce que l\u2019OGC Nice doit \u00eatre en Ligue 1, il ne doit pas \u00eatre ailleurs. Et aujourd\u2019hui, il faut \u00eatre tr\u00e8s clair. On joue le maintien. On n\u2019a pas de baguette magique avec Maurice. On a une \u00e9norme volont\u00e9. Ce club nous a beaucoup donn\u00e9, beaucoup de joie, beaucoup de difficult\u00e9s par moments, mais on lui doit beaucoup \u00e0 ce club, et la moindre des choses, c\u2019est de rendre au club ce qu\u2019il nous a donn\u00e9. On\u00a0vient b\u00e9n\u00e9volement, mais on ne pourra pas tout faire tout seul, loin de l\u00e0. Je comprends la col\u00e8re, la d\u00e9ception, tout ce qui peut \u00eatre ressenti\u00a0dans l\u2019environnement du club, qui est aujourd\u2019hui extr\u00eamement trouble. L\u2019amour d\u2019un club, on ne le perd jamais. Et donc aujourd\u2019hui, on va avoir besoin de tout le monde\u00a0\u00bb.<\/p>\n<p>        <img src=\"https:\/\/www.europesays.com\/fr\/wp-content\/uploads\/2025\/12\/b69af2e_upload-1-jg37i6rmcw0r-maxnewsspecialtwo325296.jpg\"   loading=\"lazy\" decoding=\"async\" alt=\"Fabrice Bocquet, PDG de l'OGC Nice.\" class=\"img-fluid position-absolute w-100 object-fit-cover rounded-2\" width=\"600\" height=\"400\"\/><\/p>\n<p class=\"fs-5 \"><strong>Maurice Cohen\u00a0:<\/strong> \u00ab\u00a0\u00c7a me rappelle en 2002, quand le club \u00e9tait en grande difficult\u00e9, qu\u2019on a d\u2019abord \u00e9t\u00e9 rel\u00e9gu\u00e9 par la DNCG. Il y a eu un engouement de toute la ville de Nice, que ce soit les supporters, les autorit\u00e9s, les joueurs, il y a eu un engouement, et c\u2019est ce qu\u2019il faut qu\u2019on arrive \u00e0 retrouver. M\u00eame les journalistes d\u2019ailleurs nous avaient beaucoup aid\u00e9 \u00e0 ce moment-l\u00e0. Avec Jean-Pierre, on revient en commando jusqu\u2019\u00e0 la fin de saison pour faire le maximum, pour essayer de recr\u00e9er une \u00e2me ni\u00e7oise, un bon \u00e9tat d\u2019esprit, et qu\u2019on soit solidaires les uns les autres. On va rencontrer les supporters.\u00a0Je crois que c\u2019est important qu\u2019on retrouve cette joie de venir au stade, de supporter notre \u00e9quipe, quelles que soient les difficult\u00e9s. C\u2019est s\u00fbr, c\u2019est un challenge difficile\u00a0\u00bb.<\/p>\n<p>                                                                                <strong>Sur Ineos<\/strong><\/p>\n<p class=\"fs-5 \"><strong>Jean-Pierre Riv\u00e8re\u00a0: <\/strong>\u00ab\u00a0Avec Maurice, on a l\u2019amour de ce club, on a l\u2019amour de cette ville, mais il faut aussi respecter les propri\u00e9taires du club. Depuis leur arriv\u00e9e, Ineos a mis 400 millions d\u2019euros sur le club. C\u2019est beaucoup d\u2019argent. Il y a eu\u00a0le Covid, une p\u00e9riode tr\u00e8s compliqu\u00e9e,\u00a0Mediapro, les droits TV&#8230;\u00a0Ineos a toujours \u00e9t\u00e9 pr\u00e9sent dans les moments difficiles. Et Jim (Ratcliffe) a peut-\u00eatre pris conscience de certains points qu\u2019il n\u2019avait pas en main, de la difficult\u00e9 du club aujourd\u2019hui. Ce sont des gens qui sont encore l\u00e0 aujourd\u2019hui et qui sont pr\u00eats \u00e0 nous aider\u00a0\u00bb.<\/p>\n<p>                                                                                <strong>Sur la difficult\u00e9 qui les attend<\/strong><\/p>\n<p class=\"fs-5 \"><strong>Jean-Pierre Riv\u00e8re\u00a0:<\/strong> \u00ab\u00a0Tous les clubs traversent des crises. L\u00e0, on a une crise sportive qui est importante. Il faut redonner une dynamique positive, recoller un peu les morceaux \u00e0 droite \u00e0 gauche et de faire en sorte que tout le monde s\u2019aligne sur un projet tr\u00e8s clair qui est ce fameux maintien. Donc on va se battre. Encore une fois, on n\u2019est pas des magiciens, on ne va pas r\u00e9volutionner d\u2019un coup le club. C\u2019est un travail de longue haleine. Il y aura des d\u00e9faites. Mais peut-\u00eatre que dans un contexte d\u2019unit\u00e9, le jour o\u00f9 vous perdez, vous avez encore des encouragements derri\u00e8re vous parce qu\u2019on sait que c\u2019est un passage oblig\u00e9. Ce qui est important, c\u2019est l\u2019arriv\u00e9e. Donc le chemin va \u00eatre difficile, il va \u00eatre long, mais on sera tous l\u00e0 et je suis persuad\u00e9 que les gens qui aiment ce club, que ce soit en\u00a0 interne ou en externe, vont se retrouver pour le soutenir et pour arriver \u00e0 atteindre l\u2019objectif\u00a0\u00bb.<\/p>\n<p>                                                                                <strong>Sur l\u2019avenir de Franck Haise\u00a0<\/strong><\/p>\n<p class=\"fs-5 \"><strong>Jean-Pierre Riv\u00e8re\u00a0:<\/strong> \u00ab\u00a0Aujourd\u2019hui, on a des gens en place. Je vais vous rappeler une anecdote. Claude Puel. Sept d\u00e9faites. A\u00a0la quatri\u00e8me, les questions de son avenir ont commenc\u00e9. Elles ont continu\u00e9 \u00e0 la cinqui\u00e8me, la sixi\u00e8me, la septi\u00e8me. On ne l\u2019a pas licenci\u00e9, on l\u2019a prolong\u00e9. On ne va pas prolonger Franck Haise, puisque \u00e7a a d\u00e9j\u00e0 \u00e9t\u00e9 fait. On va utiliser les forces que nous avons. Franck est une force. Florian Maurice, c\u2019est une force. Aujourd\u2019hui, on est tous tr\u00e8s mobilis\u00e9s.\u00a0On va essayer de faire le mercato le plus juste possible. Le projet, c\u2019est qu\u2019on prend les gens en place et on va tous \u00eatre solidaires, on va tous se mobiliser. Vous savez, dans le foot et dans le sport, la t\u00eate est aussi importante que les jambes. Et quand la t\u00eate vacille, c\u2019est plus compliqu\u00e9. Vous avez vu les matchs derni\u00e8rement, je pense que si les t\u00eates \u00e9taient peut-\u00eatre plus libres, on aurait peut-\u00eatre eu des r\u00e9sultats diff\u00e9rents\u00a0\u00bb.<\/p>\n<p>                                                                                <strong>Sur l\u2019\u00e9volution du foot depuis la pr\u00e9sidence de Maurice Cohen<\/strong><\/p>\n<p class=\"fs-5 \"><strong>Maurice Cohen\u00a0: <\/strong>\u00ab\u00a0Oui le football, il a \u00e9volu\u00e9, mais je ne l\u2019ai jamais quitt\u00e9. J\u2019ai toujours \u00e9t\u00e9 pr\u00e8s du football. J\u2019ai vu pratiquement tous les matchs de Nice depuis de nombreuses ann\u00e9es. Aussi ceux de Monaco, parce que j\u2019ai mes activit\u00e9s professionnelles qui sont \u00e0 Monaco.\u00a0Ce que je compte apporter, c\u2019est mon dynamisme, mon exp\u00e9rience de huit ans de pr\u00e9sidence \u00e0 l\u2019\u00e9poque, dans des conditions tr\u00e8s, tr\u00e8s difficiles. Je ne sais pas si vous avez des souvenirs. On avait d\u00e9marr\u00e9 dans des conditions bien plus p\u00e9nibles que celles qui existent aujourd\u2019hui\u00a0\u00bb.\u00a0<\/p>\n","protected":false},"excerpt":{"rendered":"Sur la gen\u00e8se de ce retour Jean-Pierre Riv\u00e8re\u00a0: \u00ab\u00a0On est l\u00e0 parce que tout le monde le sait,&hellip;\n","protected":false},"author":2,"featured_media":609831,"comment_status":"","ping_status":"","sticky":false,"template":"","format":"standard","meta":{"footnotes":""},"categories":[2819],"tags":[1111,11,1777,674,1011,27,12,2401,54521,882,25],"class_list":{"0":"post-609830","1":"post","2":"type-post","3":"status-publish","4":"format-standard","5":"has-post-thumbnail","7":"category-nice","8":"tag-actu","9":"tag-actualites","10":"tag-eu","11":"tag-europe","12":"tag-fr","13":"tag-france","14":"tag-news","15":"tag-nice","16":"tag-ogcnice","17":"tag-provence-alpes-cote-dazur","18":"tag-republique-francaise"},"share_on_mastodon":{"url":"https:\/\/pubeurope.com\/@fr\/115747098196355002","error":""},"_links":{"self":[{"href":"https:\/\/www.europesays.com\/fr\/wp-json\/wp\/v2\/posts\/609830","targetHints":{"allow":["GET"]}}],"collection":[{"href":"https:\/\/www.europesays.com\/fr\/wp-json\/wp\/v2\/posts"}],"about":[{"href":"https:\/\/www.europesays.com\/fr\/wp-json\/wp\/v2\/types\/post"}],"author":[{"embeddable":true,"href":"https:\/\/www.europesays.com\/fr\/wp-json\/wp\/v2\/users\/2"}],"replies":[{"embeddable":true,"href":"https:\/\/www.europesays.com\/fr\/wp-json\/wp\/v2\/comments?post=609830"}],"version-history":[{"count":0,"href":"https:\/\/www.europesays.com\/fr\/wp-json\/wp\/v2\/posts\/609830\/revisions"}],"wp:featuredmedia":[{"embeddable":true,"href":"https:\/\/www.europesays.com\/fr\/wp-json\/wp\/v2\/media\/609831"}],"wp:attachment":[{"href":"https:\/\/www.europesays.com\/fr\/wp-json\/wp\/v2\/media?parent=609830"}],"wp:term":[{"taxonomy":"category","embeddable":true,"href":"https:\/\/www.europesays.com\/fr\/wp-json\/wp\/v2\/categories?post=609830"},{"taxonomy":"post_tag","embeddable":true,"href":"https:\/\/www.europesays.com\/fr\/wp-json\/wp\/v2\/tags?post=609830"}],"curies":[{"name":"wp","href":"https:\/\/api.w.org\/{rel}","templated":true}]}}