{"id":609832,"date":"2025-12-19T16:08:20","date_gmt":"2025-12-19T16:08:20","guid":{"rendered":"https:\/\/www.europesays.com\/fr\/609832\/"},"modified":"2025-12-19T16:08:20","modified_gmt":"2025-12-19T16:08:20","slug":"cette-bijouterie-au-sud-de-nantes-va-fermer-ses-portes","status":"publish","type":"post","link":"https:\/\/www.europesays.com\/fr\/609832\/","title":{"rendered":"cette bijouterie au sud de Nantes va fermer ses portes"},"content":{"rendered":"<p>                    Par<br \/>\n        <strong><br \/>\n            <a href=\"https:\/\/actu.fr\/auteur\/romane-rousseau-actu-fr\" title=\"Consulter tous les articles de Romane Rousseau\" target=\"_blank\" rel=\"noopener\">Romane Rousseau<\/a><br \/>\n                    <\/strong><\/p>\n<p>        Publi\u00e9 le<\/p>\n<p>            19 d\u00e9c. 2025 \u00e0 16h40        <\/p>\n<p>La petite clochette retentit lorsque nous rentrons dans la boutique. \u00c0 l\u2019int\u00e9rieur, les joyaux refl\u00e8tent dans les vitrines. De grands <b>bandeaux jaune \u00ab d\u00e9stockage \u00bb<\/b> sont accroch\u00e9s aux murs. Les visages d\u2019Olivier et Jeanne Thual sont ferm\u00e9s.<\/p>\n<p class=\" wall-content\">Ce couple est \u00e0 la t\u00eate de la bijouterie horlogerie O temps, suspends ton vol <b>depuis huit ans<\/b>. Une \u00e9vidence pour Olivier Thual qui a <b>plus de 45\u00a0ans d\u2019exp\u00e9rience <\/b>dans le m\u00e9tier. \u00ab Nous avons emm\u00e9nag\u00e9 \u00e0 <a href=\"https:\/\/actu.fr\/pays-de-la-loire\/aigrefeuille-sur-maine_44002\" target=\"_blank\" rel=\"noopener\">Aigrefeuille-sur-Maine<\/a> il y a 18\u00a0ans, explique-t-il. Mais avant, nous travaillions \u00e0 Nantes dans le m\u00eame domaine \u00bb.<\/p>\n<p>    <a href=\"https:\/\/maps.google.com\/maps?q=47.07656456874396,-1.4001835142944397&amp;z=15&amp;output=embed\" title=\"Ouvrie le lien\" target=\"_blank\" rel=\"noopener\">Cliquez ici pour visualiser le contenu<\/a><\/p>\n<p class=\" wall-content\">Ce qui leur pla\u00eet dans cet artisanat, c\u2019est \u00ab l\u2019amour de l\u2019ancien \u00bb. \u00ab L\u2019objet a une valeur plus que v\u00e9nale, poursuit sa femme. <b>Le c\u00f4t\u00e9 affectif <\/b>est souvent bien plus important, c\u2019est pourquoi notre activit\u00e9 de <b>r\u00e9paration <\/b>de bijoux ou d\u2019objets marche bien \u00bb.<\/p>\n<p>Internet et la grande distribution<\/p>\n<p class=\" wall-content\">Mais depuis plusieurs ann\u00e9es, le couple rencontre des <b>difficult\u00e9s financi\u00e8res<\/b> li\u00e9es \u00e0 leur activit\u00e9. \u00ab On a tenu un commerce durant l\u2019explosion d\u2019Internet. Il faut \u00eatre conscient que le syst\u00e8me de vente \u00e0 distance <b>fait crever le petit commerce<\/b> \u00bb, regrette Jeanne Thual.<\/p>\n<p class=\" wall-content\">En effet, plus beaucoup de clients viennent dans la boutique pour acheter des bijoux. C\u2019est leur expertise en mati\u00e8re de <b>r\u00e9paration qui est la plus sollicit\u00e9e<\/b>. \u00ab La r\u00e9paration repr\u00e9sente un nombre d\u2019heures incalculables, et les prix sont bas. Il faut compenser par de la vente. \u00bb<\/p>\n<p>Vid\u00e9os : en ce moment sur Actu<\/p>\n<p class=\" wall-content\">Mais les nouvelles tendances d\u2019achat font que les clients se <b>parent sur Internet<\/b>, ou dans des boutiques o\u00f9 les prix sont cass\u00e9s.<\/p>\n<blockquote class=\"ac-article-quote wall-content\">\n<p>Nous n\u2019avons pas toutes les marques. Mais il faut un sacrifice de la population. Il faut accepter de se conformer \u00e0 l\u2019offre qu\u2019il y a en magasin et ne pas absolument voir ce qu\u2019ils ont vu sur Internet pour faire vivre les petits commer\u00e7ants.<\/p>\n<p>\u00a0Jeanne Thual<\/p><\/blockquote>\n<p>Votre r\u00e9gion, votre actu !<\/p>\n<p>Recevez chaque jour les infos qui comptent pour vous.<\/p>\n<p>\t<a href=\"https:\/\/actu.fr\/newsletter\" class=\"ac-btn ac-btn--corner ac-btn--medium ac-btn--blue800\" target=\"_blank\" rel=\"noopener\">S&rsquo;incrire<\/a><\/p>\n<p class=\" wall-content\">Car pour le moment, le couple remarque quelque chose : les clients vont acheter dans de grandes villes, comme \u00e0 <a href=\"https:\/\/actu.fr\/nantes\/\" target=\"_blank\" rel=\"noopener\">Nantes<\/a>, <b>car les bijoux sont moins chers<\/b>. \u00ab Mais ils ne r\u00e9parent par exemple pas les montres de plus de dix ans. \u00bb Alors ils viennent \u00e0 la boutique d\u2019Aigrefeuille pour la r\u00e9paration. \u00ab Et nous, on a peanut. \u00bb<b\/><\/p>\n<p>\u00ab Pr\u00e9server ces valeurs et cet artisanat \u00bb<\/p>\n<p class=\" wall-content\">Pour eux, une solution existe : celle de cr\u00e9er <b>une corporation des m\u00e9tiers autour de la bijouterie et de l\u2019horlogerie<\/b>. \u00ab \u00c7a permettrait aux diff\u00e9rents acteurs du secteur de se conna\u00eetre et \u00eatre garant de l\u2019enseignement traditionnel du m\u00e9tier \u00bb.<\/p>\n<p class=\" wall-content\">Le couple met en avant le savoir-faire de leur boutique, et regrette l\u2019apparition de <b>vendeurs peu qualifi\u00e9s.<\/b><\/p>\n<blockquote class=\"ac-article-quote wall-content\">\n<p>Mon mari dit bien qu\u2019au bout de 45 ans, il en apprend tous les jours. On n\u2019apprend pas le m\u00e9tier avec une formation de quelques mois seulement. C\u2019est un m\u00e9tier de transmission, pas un m\u00e9tier qui se brade.<\/p>\n<p>Jeanne Thual<\/p><\/blockquote>\n<p class=\" wall-content\">Le couple demande \u00e9galement une meilleure sauvegarde du m\u00e9tier, qui passerait par la <b>protection des prix.<\/b> \u00ab Tant qu\u2019on a la concurrence de la grande distribution, nous ne sommes pas prot\u00e9g\u00e9s. Il y aurait un r\u00f4le de l\u2019\u00c9tat \u00e0 pr\u00e9server ces valeurs et cet artisanat \u00bb.<\/p>\n<p>La suite ?<\/p>\n<p class=\" wall-content\"><a href=\"https:\/\/olivierthualsarl.site-solocal.com\/\" target=\"_blank\" rel=\"noopener\">O temps, suspends ton vol<\/a> va fermer ses portes le <b>31 janvier prochain<\/b>. Avec une pointe d\u2019amertume et de regret.<\/p>\n<blockquote class=\"ac-article-quote wall-content\">\n<p>On a profond\u00e9ment aim\u00e9 notre m\u00e9tier. Le commerce, c\u2019est quelque chose dont la population a besoin. On s\u2019aper\u00e7oit que quand les locaux ne savent pas \u00e0 qui parler, on joue le r\u00f4le de confident. Ce sera un vrai manquement pour la population.<\/p>\n<\/blockquote>\n<p class=\" wall-content\">Une grande op\u00e9ration de d\u00e9stockage est en cours. Olivier Thual va poursuivre son activit\u00e9 de r\u00e9paration de bijoux, d\u2019horlogerie et de divers objets <b>sans surface commercial<\/b>e. Jeanne, quant \u00e0 elle, ne sait pas comment elle va rebondir. Les locaux seront repris par une agence de s\u00e9curit\u00e9 avec des bureaux.<\/p>\n<p>5 avenue de Nantes. T\u00e9l\u00e9phone : 02 53 78 04 10.<\/p>\n<p class=\" wall-content\">Personnalisez votre actualit\u00e9 en ajoutant vos villes et m\u00e9dias en favori avec <a href=\"https:\/\/moncompte.actu.fr\" title=\"D\u00e9couvez Mon Actu\" rel=\"nofollow noopener\" data-trk=\"{&quot;cta&quot;:{&quot;action&quot;:&quot;https:\\\/\\\/moncompte.actu.fr&quot;,&quot;category&quot;:&quot;mon compte&quot;,&quot;from&quot;:&quot;article footer&quot;,&quot;name&quot;:&quot;Mon actu&quot;,&quot;type&quot;:&quot;cta&quot;}}\" target=\"_blank\">Mon Actu<\/a>.<\/p>\n","protected":false},"excerpt":{"rendered":"Par Romane Rousseau Publi\u00e9 le 19 d\u00e9c. 2025 \u00e0 16h40 La petite clochette retentit lorsque nous rentrons dans&hellip;\n","protected":false},"author":2,"featured_media":609833,"comment_status":"","ping_status":"","sticky":false,"template":"","format":"standard","meta":{"footnotes":""},"categories":[2818],"tags":[1111,11,215,1777,674,1011,27,766,12,2636,25,104,2900],"class_list":{"0":"post-609832","1":"post","2":"type-post","3":"status-publish","4":"format-standard","5":"has-post-thumbnail","7":"category-nantes","8":"tag-actu","9":"tag-actualites","10":"tag-commerce","11":"tag-eu","12":"tag-europe","13":"tag-fr","14":"tag-france","15":"tag-nantes","16":"tag-news","17":"tag-pays-de-la-loire","18":"tag-republique-francaise","19":"tag-societe","20":"tag-vignoble-nantais"},"share_on_mastodon":{"url":"https:\/\/pubeurope.com\/@fr\/115747101445356576","error":""},"_links":{"self":[{"href":"https:\/\/www.europesays.com\/fr\/wp-json\/wp\/v2\/posts\/609832","targetHints":{"allow":["GET"]}}],"collection":[{"href":"https:\/\/www.europesays.com\/fr\/wp-json\/wp\/v2\/posts"}],"about":[{"href":"https:\/\/www.europesays.com\/fr\/wp-json\/wp\/v2\/types\/post"}],"author":[{"embeddable":true,"href":"https:\/\/www.europesays.com\/fr\/wp-json\/wp\/v2\/users\/2"}],"replies":[{"embeddable":true,"href":"https:\/\/www.europesays.com\/fr\/wp-json\/wp\/v2\/comments?post=609832"}],"version-history":[{"count":0,"href":"https:\/\/www.europesays.com\/fr\/wp-json\/wp\/v2\/posts\/609832\/revisions"}],"wp:featuredmedia":[{"embeddable":true,"href":"https:\/\/www.europesays.com\/fr\/wp-json\/wp\/v2\/media\/609833"}],"wp:attachment":[{"href":"https:\/\/www.europesays.com\/fr\/wp-json\/wp\/v2\/media?parent=609832"}],"wp:term":[{"taxonomy":"category","embeddable":true,"href":"https:\/\/www.europesays.com\/fr\/wp-json\/wp\/v2\/categories?post=609832"},{"taxonomy":"post_tag","embeddable":true,"href":"https:\/\/www.europesays.com\/fr\/wp-json\/wp\/v2\/tags?post=609832"}],"curies":[{"name":"wp","href":"https:\/\/api.w.org\/{rel}","templated":true}]}}