{"id":609842,"date":"2025-12-19T16:13:16","date_gmt":"2025-12-19T16:13:16","guid":{"rendered":"https:\/\/www.europesays.com\/fr\/609842\/"},"modified":"2025-12-19T16:13:16","modified_gmt":"2025-12-19T16:13:16","slug":"lavare-va-remplir-les-caisses-du-grenier-de-toulouse","status":"publish","type":"post","link":"https:\/\/www.europesays.com\/fr\/609842\/","title":{"rendered":"\u00ab\u00a0L\u2019Avare\u00a0\u00bb va remplir les caisses du Grenier de Toulouse"},"content":{"rendered":"<p>\n                                                                    l&rsquo;essentiel<br \/>\n                                                                S\u00e9ances compl\u00e8tes, repr\u00e9sentation suppl\u00e9mentaire, la nouvelle cr\u00e9ation de \u00ab\u00a0L\u2019Avare\u00a0\u00bb de Moli\u00e8re par le Grenier de Toulouse fait recette, ce qui n\u2019est pas pour d\u00e9plaire \u00e0 Harpagon sur la sc\u00e8ne de l\u2019Escale \u00e0 Tournefeuille, jusqu\u2019au 31\u00a0d\u00e9cembre.\n                            <\/p>\n<p>Ceux qui n\u2019ont pas r\u00e9serv\u00e9 leur place vont devoir attendre le 26\u00a0d\u00e9cembre pour assister \u00e0 \u00ab\u00a0L\u2019Avare\u00a0\u00bb par le <a href=\"https:\/\/www.grenierdetoulouse.fr\/\" target=\"_blank\" rel=\"noopener\">Grenier de Toulouse<\/a>. Face \u00e0 l\u2019affluence, une s\u00e9ance suppl\u00e9mentaire vient d\u2019\u00eatre ajout\u00e9e, samedi 27\u00a0d\u00e9cembre, \u00e0 16\u00a0h, avant la repr\u00e9sentation du soir. Des sous, des sous, Harpagon jubile.<\/p>\n<p>Il faut dire que cette nouvelle cr\u00e9ation du grand classique de Moli\u00e8re a de quoi s\u00e9duire et pas uniquement les amateurs de gogo-danseurs\u00a0! M\u00eame si la pi\u00e8ce est fid\u00e8le au texte, le Grenier de Toulouse n\u2019h\u00e9site pas \u00e0 prendre une libert\u00e9 r\u00e9jouissante avec les r\u00e9f\u00e9rences et la temporalit\u00e9. Comme pour \u00ab\u00a0Le Bourgeois gentilhomme\u00a0\u00bb et \u00ab\u00a0Tartuffe\u00a0\u00bb, les pr\u00e9c\u00e9dentes cr\u00e9ations, l\u2019action se d\u00e9roule dans les ann\u00e9es 70, sous-pull orange et chemise \u00e0 col pointu. \u00ab\u00a0Une d\u00e9cennie dont les couleurs et les formes sont tr\u00e8s sc\u00e9niques et dont le tourbillon fou, le l\u00e2cher-prise, conviennent parfaitement \u00e0 Moli\u00e8re\u00a0\u00bb, estime Pierre Matras, interpr\u00e8te d\u2019Harpagon qui cosigne la mise en sc\u00e8ne avec St\u00e9phane Batlle.<\/p>\n<p class=\"std-elt__inline\">\n        <strong>\u00c0 lire aussi :<\/strong><br \/>\n        <a href=\"https:\/\/www.ladepeche.fr\/2024\/02\/26\/coup-de-coeur-le-vrai-tartuffe-par-le-grenier-de-toulouse-11789728.php\" target=\"_blank\" rel=\"noopener\">Coup de c\u0153ur : Le vrai \u00ab\u00a0Tartuffe\u00a0\u00bb par le Grenier de Toulouse<\/a>\n    <\/p>\n<p>Pierre Matras que les spectateurs du Grenier connaissent bien et qu\u2019il faudrait surnommer, encore plus que d\u2019habitude, Pierre-Louis Matras de Fun\u00e8s, tant les mimiques rappellent celles de son illustre idole, h\u00e9ros de \u00ab\u00a0La Grande vadrouille\u00a0\u00bb, du \u00ab\u00a0Corniaud\u00a0\u00bb ou encore des \u00ab\u00a0Aventures de Rabbi Jacob\u00a0\u00bb. L\u2019angoisse maladive de son personnage permet tous les exc\u00e8s et toutes les audaces jusqu\u2019\u00e0 aller v\u00e9rifier dans le slip de La Fl\u00e8che s\u2019il n\u2019y a pas planqu\u00e9 quelques billets vol\u00e9s. Quoi de plus logique, en fait, quand on cherche de l\u2019argent que d\u2019aller voir si les bourses sont pleines\u2026 Sacr\u00e9 Harpagon.<\/p>\n<p>        <img decoding=\"async\" class=\"std-img__img responsive-img\" src=\"https:\/\/www.europesays.com\/fr\/wp-content\/uploads\/2025\/12\/1766160796_871_image.jpg\" alt=\"Frosine (Muriel Darras) et Harpagon (Pierre Matras).\"\/><\/p>\n<p>                Frosine (Muriel Darras) et Harpagon (Pierre Matras).<\/p>\n<p>On l\u2019a bien compris, cet \u00ab\u00a0Avare\u00a0\u00bb n\u2019est pas conventionnel et malgr\u00e9 quelques ralentissements de rythme c\u2019est une r\u00e9ussite qui fait beaucoup rire, notamment les enfants qui ont la chance de voir un Moli\u00e8re moins poussi\u00e9reux que ceux que l\u2019\u00c9ducation nationale proposait jadis dans les \u00e9coles.<\/p>\n<p class=\"std-elt__inline\">\n        <strong>\u00c0 lire aussi :<\/strong><br \/>\n        <a href=\"https:\/\/www.ladepeche.fr\/2024\/12\/20\/portes-qui-claquent-et-eclats-de-rire-avec-le-grenier-de-toulouse-12402893.php\" target=\"_blank\" rel=\"noopener\">Portes qui claquent et \u00e9clats de rire avec le Grenier de Toulouse<\/a>\n    <\/p>\n<p>Pour ses 80 ans, le Grenier de Toulouse rend aussi un bel hommage \u00e0 son cr\u00e9ateur Maurice Sarrazin qui avait mont\u00e9 \u00ab\u00a0L\u2019Avare\u00a0\u00bb au d\u00e9but des ann\u00e9es 2000 au th\u00e9\u00e2tre Sorano. \u00c0 l\u2019\u00e9poque, Pierre Matras y jouait Cl\u00e9ante. Aujourd\u2019hui, il est entour\u00e9 des membres historiques de la compagnie mais aussi de la rel\u00e8ve, soit dix personnes sur le plateau, avec une belle coh\u00e9sion de jeu.<\/p>\n<p>Jusqu\u2019au 31\u00a0d\u00e9cembre \u00e0 l\u2019Escale \u00e0 Tournefeuille. S\u00e9ance suppl\u00e9mentaire samedi 27\u00a0d\u00e9cembre \u00e0 16\u00a0h, en vente uniquement sur la <a href=\"https:\/\/www.ardei-soft.com\/tournefeuille\/manif.html?spectacle=L%2527AVARE%2520%2528s%25E9ance%2520suppl%25E9mentaire%2529\" target=\"_blank\" rel=\"noopener\">billetterie en ligne<\/a>. Dur\u00e9e\u00a0: 2\u00a0h\u00a010. Tarifs\u00a0: 11 \u00e0 21\u00a0\u20ac. www.grenierdetoulouse.fr<\/p>\n","protected":false},"excerpt":{"rendered":"l&rsquo;essentiel S\u00e9ances compl\u00e8tes, repr\u00e9sentation suppl\u00e9mentaire, la nouvelle cr\u00e9ation de \u00ab\u00a0L\u2019Avare\u00a0\u00bb de Moli\u00e8re par le Grenier de Toulouse fait&hellip;\n","protected":false},"author":2,"featured_media":609843,"comment_status":"","ping_status":"","sticky":false,"template":"","format":"standard","meta":{"footnotes":""},"categories":[2816],"tags":[1111,11,872,1777,674,1011,27,2722,12,2680,25,853,4698,2312],"class_list":{"0":"post-609842","1":"post","2":"type-post","3":"status-publish","4":"format-standard","5":"has-post-thumbnail","7":"category-toulouse","8":"tag-actu","9":"tag-actualites","10":"tag-culture-et-loisirs","11":"tag-eu","12":"tag-europe","13":"tag-fr","14":"tag-france","15":"tag-haute-garonne","16":"tag-news","17":"tag-occitanie","18":"tag-republique-francaise","19":"tag-spectacles","20":"tag-thu00e9u00e2tre","21":"tag-toulouse"},"share_on_mastodon":{"url":"https:\/\/pubeurope.com\/@fr\/115747122522247575","error":""},"_links":{"self":[{"href":"https:\/\/www.europesays.com\/fr\/wp-json\/wp\/v2\/posts\/609842","targetHints":{"allow":["GET"]}}],"collection":[{"href":"https:\/\/www.europesays.com\/fr\/wp-json\/wp\/v2\/posts"}],"about":[{"href":"https:\/\/www.europesays.com\/fr\/wp-json\/wp\/v2\/types\/post"}],"author":[{"embeddable":true,"href":"https:\/\/www.europesays.com\/fr\/wp-json\/wp\/v2\/users\/2"}],"replies":[{"embeddable":true,"href":"https:\/\/www.europesays.com\/fr\/wp-json\/wp\/v2\/comments?post=609842"}],"version-history":[{"count":0,"href":"https:\/\/www.europesays.com\/fr\/wp-json\/wp\/v2\/posts\/609842\/revisions"}],"wp:featuredmedia":[{"embeddable":true,"href":"https:\/\/www.europesays.com\/fr\/wp-json\/wp\/v2\/media\/609843"}],"wp:attachment":[{"href":"https:\/\/www.europesays.com\/fr\/wp-json\/wp\/v2\/media?parent=609842"}],"wp:term":[{"taxonomy":"category","embeddable":true,"href":"https:\/\/www.europesays.com\/fr\/wp-json\/wp\/v2\/categories?post=609842"},{"taxonomy":"post_tag","embeddable":true,"href":"https:\/\/www.europesays.com\/fr\/wp-json\/wp\/v2\/tags?post=609842"}],"curies":[{"name":"wp","href":"https:\/\/api.w.org\/{rel}","templated":true}]}}