{"id":609848,"date":"2025-12-19T16:16:10","date_gmt":"2025-12-19T16:16:10","guid":{"rendered":"https:\/\/www.europesays.com\/fr\/609848\/"},"modified":"2025-12-19T16:16:10","modified_gmt":"2025-12-19T16:16:10","slug":"faire-evoluer-la-logistique-de-la-solidarite-alimentaire-grace-au-pret-dun-entrepot-aux-associations-les-distributions-ont-double-a-marseille","status":"publish","type":"post","link":"https:\/\/www.europesays.com\/fr\/609848\/","title":{"rendered":"\u00ab\u00a0Faire \u00e9voluer la logistique de la solidarit\u00e9 alimentaire\u00a0\u00bb\u00a0: gr\u00e2ce au pr\u00eat d\u2019un entrep\u00f4t aux associations, les distributions ont doubl\u00e9\u00a0\u00e0 Marseille"},"content":{"rendered":"<p class=\"paragraph text_align_left lp-f-body-02\">Deux fois plus de repas. En un an d\u2019activit\u00e9, l\u2019\u00ab entrep\u00f4t solidaire \u00bb <a href=\"https:\/\/www.leparisien.fr\/economie\/la-famille-saade-sinvite-dans-la-grande-distribution-en-devenant-le-2e-actionnaire-de-carrefour-12-11-2025-RB5NJBAJFJANHD7AXX7MYTN37Q.php\" target=\"_blank\" rel=\"noreferrer noopener\">offert par la Fondation CMA CGM<\/a> a permis de passer de cinq \u00e0 dix millions de repas distribu\u00e9s par les associations caritatives qui s\u2019y sont install\u00e9es au c\u0153ur d\u2019une zone logistique de Marseille (Bouches-du-Rh\u00f4ne).<\/p>\n<p class=\"\">Les <a href=\"https:\/\/www.leparisien.fr\/societe\/les-restos-du-coeur-lancent-leur-campagne-dhiver-40-de-nos-publics-sont-des-mineurs-cest-dramatique-18-11-2025-2FYVH2VAVFAU7JXD3QDWS6GEMY.php\" target=\"_blank\" rel=\"noreferrer noopener\">Restos du C\u0153ur<\/a>, la <a href=\"https:\/\/www.leparisien.fr\/societe\/la-realite-financiere-nous-oblige-a-prendre-des-decisions-difficiles-la-croix-rouge-reduit-son-budget-et-supprime-2-900-postes-21-11-2025-WVNZ3XJOSBHE3N264SEU6NKQ6M.php\" target=\"_blank\" rel=\"noreferrer noopener\">Croix Rouge<\/a>, le Secours populaire, le Secours Catholique et les \u00e9piceries sociales d\u2019Andes y b\u00e9n\u00e9ficient sur 5 000 m\u00b2 d\u2019une plateforme logistique moderne et s\u00e9curis\u00e9e permettant le stockage de 3 200 tonnes de denr\u00e9es et l\u2019approvisionnement de 330 centres de distribution dans les Bouches-du-Rh\u00f4ne qui ont re\u00e7u en un an pr\u00e8s de 8 000 tonnes d\u2019aide alimentaire.<\/p>\n<p class=\"\">Avec ce plus grand entrep\u00f4t multi-associatif de France d\u00e9di\u00e9 \u00e0 l\u2019aide alimentaire, con\u00e7u pour r\u00e9pondre aux difficult\u00e9s logistiques structurelles des associations et \u00e0 la hausse des besoins, le stockage est pass\u00e9 de 1 600 \u00e0 3 300 palettes et les chambres froides ont \u00e9t\u00e9 \u00e9tendues de 180 \u00e0 360 m\u00b2 pour les fruits et l\u00e9gumes, les produits frais mais aussi le surgel\u00e9. Le tout permettant une r\u00e9duction drastique du gaspillage alimentaire.<\/p>\n<p>Les b\u00e9n\u00e9voles form\u00e9s \u00e0 la logistique<\/p>\n<p class=\"\">\u00ab Nous mettons l\u2019expertise logistique de notre groupe au service de ces associations qui ne disposaient auparavant que de locaux v\u00e9tustes \u00bb, raconte Marion Dupuy, responsable de la fondation CMA CGM qui a investi 6 millions d\u2019euros et a mis cet entrep\u00f4t \u00e0 disposition par une convention de six ans. \u00ab C\u2019est en mutualisant leurs locaux que nous avons r\u00e9ussi \u00e0 obtenir ces r\u00e9sultats. Cet entrep\u00f4t permet vraiment \u00e0 la solidarit\u00e9 alimentaire de changer d\u2019\u00e9chelle. \u00bb<\/p>\n<p class=\"\">\u00ab L\u2019Entrep\u00f4t Solidaire nous permet de renforcer nos capacit\u00e9s logistiques, au service des \u00e9piceries solidaires du d\u00e9partement et de la r\u00e9gion, confirme Yann Auger, directeur g\u00e9n\u00e9ral d\u2019Andes. \u00ab C\u2019est un projet exemplaire de coop\u00e9ration entre acteurs de l\u2019aide alimentaire, avec l\u2019appui pr\u00e9cieux de la Fondation CMA CGM. \u00bb<\/p>\n<p class=\"\">Les b\u00e9n\u00e9voles des cinq associations ont pu b\u00e9n\u00e9ficier sur place de formation \u00e0 la logistique, \u00e0 la s\u00e9curit\u00e9 et l\u2019hygi\u00e8ne mais aussi \u00e0 la manutention et \u00e0 la conduite d\u2019engin et des salari\u00e9s du groupe CMA CGM viennent r\u00e9guli\u00e8rement apporter leur aide.<\/p>\n<p>De nouvelles maraudes pour les seniors et les \u00e9tudiants<\/p>\n<p class=\"\">\u00ab Cet entrep\u00f4t nous a propuls\u00e9s dans un autre si\u00e8cle, avant on travaillait dans un local de 40 m\u00b2 dans une rue en pente \u00bb, indique Laurent Pappola, responsable action de la branche marseillaise de la Croix Rouge qui stocke aussi sur place son mat\u00e9riel de secourisme et qui a install\u00e9 dans l\u2019entrep\u00f4t son si\u00e8ge d\u00e9partemental, tout comme les Restos du C\u0153ur. \u00ab On a pu organiser de nouvelles maraudes \u00e0 destination de seniors isol\u00e9s ou d\u2019\u00e9tudiants. Le nombre de b\u00e9n\u00e9ficiaires augmente \u00e0 la vitesse grand V. \u00bb<\/p>\n<p class=\"\">\u00ab Notre objectif est de faire \u00e9voluer en profondeur la logistique de la solidarit\u00e9 alimentaire. Gr\u00e2ce au travail des associations, \u00e0 notre expertise logistique et au soutien des pouvoirs publics, l\u2019impact est au rendez-vous. C\u2019est cette dynamique que nous allons prolonger en d\u00e9ployant de nouveaux entrep\u00f4ts solidaires d\u00e8s l\u2019an prochain en France \u00bb, confirme Tanya Saad\u00e9-Zeenny, Pr\u00e9sidente de la Fondation CMA CGM. Quatre sites devraient ouvrir sur le m\u00eame principe \u00e0 Lyon, dans le d\u00e9partement du Nord, \u00e0 Mayotte et en Guadeloupe.<\/p>\n","protected":false},"excerpt":{"rendered":"Deux fois plus de repas. En un an d\u2019activit\u00e9, l\u2019\u00ab entrep\u00f4t solidaire \u00bb offert par la Fondation CMA&hellip;\n","protected":false},"author":2,"featured_media":609849,"comment_status":"","ping_status":"","sticky":false,"template":"","format":"standard","meta":{"footnotes":""},"categories":[2814],"tags":[1111,917,11,11004,459,1777,674,1011,27,884,12,882,25,104],"class_list":{"0":"post-609848","1":"post","2":"type-post","3":"status-publish","4":"format-standard","5":"has-post-thumbnail","7":"category-marseille","8":"tag-actu","9":"tag-actu-locale","10":"tag-actualites","11":"tag-bouches-du-rhone-13","12":"tag-departements-horsidfo","13":"tag-eu","14":"tag-europe","15":"tag-fr","16":"tag-france","17":"tag-marseille","18":"tag-news","19":"tag-provence-alpes-cote-dazur","20":"tag-republique-francaise","21":"tag-societe"},"share_on_mastodon":{"url":"https:\/\/pubeurope.com\/@fr\/115747132969462949","error":""},"_links":{"self":[{"href":"https:\/\/www.europesays.com\/fr\/wp-json\/wp\/v2\/posts\/609848","targetHints":{"allow":["GET"]}}],"collection":[{"href":"https:\/\/www.europesays.com\/fr\/wp-json\/wp\/v2\/posts"}],"about":[{"href":"https:\/\/www.europesays.com\/fr\/wp-json\/wp\/v2\/types\/post"}],"author":[{"embeddable":true,"href":"https:\/\/www.europesays.com\/fr\/wp-json\/wp\/v2\/users\/2"}],"replies":[{"embeddable":true,"href":"https:\/\/www.europesays.com\/fr\/wp-json\/wp\/v2\/comments?post=609848"}],"version-history":[{"count":0,"href":"https:\/\/www.europesays.com\/fr\/wp-json\/wp\/v2\/posts\/609848\/revisions"}],"wp:featuredmedia":[{"embeddable":true,"href":"https:\/\/www.europesays.com\/fr\/wp-json\/wp\/v2\/media\/609849"}],"wp:attachment":[{"href":"https:\/\/www.europesays.com\/fr\/wp-json\/wp\/v2\/media?parent=609848"}],"wp:term":[{"taxonomy":"category","embeddable":true,"href":"https:\/\/www.europesays.com\/fr\/wp-json\/wp\/v2\/categories?post=609848"},{"taxonomy":"post_tag","embeddable":true,"href":"https:\/\/www.europesays.com\/fr\/wp-json\/wp\/v2\/tags?post=609848"}],"curies":[{"name":"wp","href":"https:\/\/api.w.org\/{rel}","templated":true}]}}