{"id":609852,"date":"2025-12-19T16:18:27","date_gmt":"2025-12-19T16:18:27","guid":{"rendered":"https:\/\/www.europesays.com\/fr\/609852\/"},"modified":"2025-12-19T16:18:27","modified_gmt":"2025-12-19T16:18:27","slug":"attendue-depuis-de-longues-annees-la-renovation-annoncee-pour-2026","status":"publish","type":"post","link":"https:\/\/www.europesays.com\/fr\/609852\/","title":{"rendered":"attendue depuis de longues ann\u00e9es, la r\u00e9novation annonc\u00e9e pour 2026"},"content":{"rendered":"<p>Le groupe scolaire La Fontaine est actuellement r\u00e9parti sur deux sites distincts s\u00e9par\u00e9s par la rue Dangon\u00a0: \u00e0 l\u2019est, le site Flammarion construit dans les ann\u00e9es 1930 dans un style Art d\u00e9co. \u00c0 l\u2019ouest, le site Picard construit dans les ann\u00e9es 1950. Le projet concerne le site Flammarion, \u00e9difi\u00e9 sur une parcelle de 5\u00a0983\u00a0m\u00b2 et compos\u00e9 de trois b\u00e2timents\u00a0: l\u2019\u00e9cole \u00e9l\u00e9mentaire (5\u00a0209\u00a0m\u00b2), le b\u00e2timent comprenant les anciens logements des instituteurs pour une part vacants depuis 2014 (1\u00a0245\u00a0m\u00b2), et l\u2019\u00e9cole maternelle (776\u00a0m\u00b2).<\/p>\n<p>Les travaux de r\u00e9habilitation ont d\u2019ores et d\u00e9j\u00e0 \u00e9t\u00e9 pr\u00e9sent\u00e9s aux parents d\u2019\u00e9l\u00e8ves et aux \u00e9quipes p\u00e9dagogiques lors de diff\u00e9rentes rencontres et r\u00e9unions publiques, entre juin\u00a02024 et mi-septembre\u00a02025. Ils s\u2019\u00e9chelonneront de 2026 \u00e0 2029.<\/p>\n<p>R\u00e9novation \u00e9nerg\u00e9tique, self,&#8230;                        <\/p>\n","protected":false},"excerpt":{"rendered":"Le groupe scolaire La Fontaine est actuellement r\u00e9parti sur deux sites distincts s\u00e9par\u00e9s par la rue Dangon\u00a0: \u00e0&hellip;\n","protected":false},"author":2,"featured_media":609853,"comment_status":"","ping_status":"","sticky":false,"template":"","format":"standard","meta":{"footnotes":""},"categories":[1889],"tags":[1111,11,2430,2757,1057,1777,674,1011,27,2428,10928,10927,10425,12,25],"class_list":{"0":"post-609852","1":"post","2":"type-post","3":"status-publish","4":"format-standard","5":"has-post-thumbnail","7":"category-lyon","8":"tag-actu","9":"tag-actualites","10":"tag-auvergne-rhone-alpes","11":"tag-edition-lyon-villeurbanne","12":"tag-education","13":"tag-eu","14":"tag-europe","15":"tag-fr","16":"tag-france","17":"tag-lyon","18":"tag-lyon-4e","19":"tag-lyon-4e-arrondissement","20":"tag-maternelle-elementaire","21":"tag-news","22":"tag-republique-francaise"},"share_on_mastodon":{"url":"https:\/\/pubeurope.com\/@fr\/115747140761071420","error":""},"_links":{"self":[{"href":"https:\/\/www.europesays.com\/fr\/wp-json\/wp\/v2\/posts\/609852","targetHints":{"allow":["GET"]}}],"collection":[{"href":"https:\/\/www.europesays.com\/fr\/wp-json\/wp\/v2\/posts"}],"about":[{"href":"https:\/\/www.europesays.com\/fr\/wp-json\/wp\/v2\/types\/post"}],"author":[{"embeddable":true,"href":"https:\/\/www.europesays.com\/fr\/wp-json\/wp\/v2\/users\/2"}],"replies":[{"embeddable":true,"href":"https:\/\/www.europesays.com\/fr\/wp-json\/wp\/v2\/comments?post=609852"}],"version-history":[{"count":0,"href":"https:\/\/www.europesays.com\/fr\/wp-json\/wp\/v2\/posts\/609852\/revisions"}],"wp:featuredmedia":[{"embeddable":true,"href":"https:\/\/www.europesays.com\/fr\/wp-json\/wp\/v2\/media\/609853"}],"wp:attachment":[{"href":"https:\/\/www.europesays.com\/fr\/wp-json\/wp\/v2\/media?parent=609852"}],"wp:term":[{"taxonomy":"category","embeddable":true,"href":"https:\/\/www.europesays.com\/fr\/wp-json\/wp\/v2\/categories?post=609852"},{"taxonomy":"post_tag","embeddable":true,"href":"https:\/\/www.europesays.com\/fr\/wp-json\/wp\/v2\/tags?post=609852"}],"curies":[{"name":"wp","href":"https:\/\/api.w.org\/{rel}","templated":true}]}}