{"id":609858,"date":"2025-12-19T16:22:12","date_gmt":"2025-12-19T16:22:12","guid":{"rendered":"https:\/\/www.europesays.com\/fr\/609858\/"},"modified":"2025-12-19T16:22:12","modified_gmt":"2025-12-19T16:22:12","slug":"fin-de-la-greve-au-musee-du-louvre-les-agents-souhaitent-donner-du-souffle-aux-negociations","status":"publish","type":"post","link":"https:\/\/www.europesays.com\/fr\/609858\/","title":{"rendered":"fin de la gr\u00e8ve au mus\u00e9e du Louvre, les agents souhaitent \u00ab\u00a0donner du souffle aux n\u00e9gociations\u00a0\u00bb"},"content":{"rendered":"<p>                    Par<br \/>\n        <strong><br \/>\n            <a href=\"https:\/\/actu.fr\/auteur\/redaction-paris\" title=\"Consulter tous les articles de R\u00e9daction Paris\" target=\"_blank\" rel=\"noopener\">R\u00e9daction Paris<\/a><br \/>\n                    <\/strong><\/p>\n<p>        Publi\u00e9 le<\/p>\n<p>            19 d\u00e9c. 2025 \u00e0 14h56        <\/p>\n<p>Retour \u00e0 la normale. Ce vendredi 19\u00a0d\u00e9cembre 2025, le <a href=\"https:\/\/actu.fr\/tag\/musee-du-louvre\" target=\"_blank\" rel=\"noopener\">mus\u00e9e du Louvre<\/a> \u00e0 Paris a pu rouvrir, mettant fin \u00e0 <a href=\"https:\/\/actu.fr\/ile-de-france\/paris_75056\/greve-du-louvre-nouvelle-assemblee-generale-ce-mercredi-la-reouverture-du-musee-en-suspens_63587134.html\" target=\"_blank\" rel=\"noopener\">la gr\u00e8ve vot\u00e9e <\/a>lundi 15\u00a0d\u00e9cembre 2025, a appris l\u2019AFP aupr\u00e8s des syndicats et de la direction. Les <strong>agents mobilis\u00e9s<\/strong> demandaient de meilleures conditions de travail et des moyens suppl\u00e9mentaires pour la s\u00e9curit\u00e9.<\/p>\n<p>\u00ab\u2009Une marge de man\u0153uvre\u2009\u00bb dans les discussions<\/p>\n<p class=\" wall-content\">\u00ab\u2009Le mus\u00e9e est ouvert normalement\u2009\u00bb, a indiqu\u00e9 vendredi matin \u00e0 l\u2019AFP une porte-parole de l\u2019\u00e9tablissement. Enti\u00e8rement ferm\u00e9 lundi en raison de la <strong>mobilisation<\/strong>, le Louvre n\u2019avait ouvert que partiellement depuis et peut d\u00e9sormais accueillir les visiteurs, nombreux en cette p\u00e9riode de fin d\u2019ann\u00e9e, dans l\u2019ensemble de ses espaces.<\/p>\n<p class=\" wall-content\">\u00ab\u2009On n\u2019a <strong>pas vot\u00e9 la gr\u00e8ve<\/strong> parce qu\u2019on veut donner du souffle aux n\u00e9gociations\u2009\u00bb, a expliqu\u00e9 \u00e0 l\u2019AFP Val\u00e9rie Baud d\u00e9l\u00e9gu\u00e9e du syndicat CFDT, quand son coll\u00e8gue de la CGT Christian Galani assure qu\u2019il reste encore \u00ab\u2009une marge de man\u0153uvre\u2009\u00bb dans les discussions avec le minist\u00e8re de la Culture.<\/p>\n<p class=\" wall-content\">Ce dernier a notamment promis l\u2019annulation d\u2019une baisse de <strong>5,7\u00a0millions d\u2019euros<\/strong> des dotations publiques au Louvre et des recrutements et revalorisations indemnitaires jug\u00e9s encore insuffisants.<\/p>\n<p class=\" wall-content\">Parall\u00e8lement \u00e0 ce conflit social, la pr\u00e9sidente du Louvre, <a href=\"https:\/\/actu.fr\/societe\/laurence-des-cars-presidente-du-musee-d-orsay-va-diriger-le-louvre-a-paris_42123156.html\" target=\"_blank\" rel=\"noopener\">Laurence des Cars<\/a>, s\u2019est de nouveau d\u00e9fendue jeudi, au lendemain d\u2019une audition au S\u00e9nat o\u00f9 sa <strong>gestion de la s\u00e9curit\u00e9<\/strong> du mus\u00e9e a \u00e9t\u00e9 durement critiqu\u00e9e.<\/p>\n<p class=\" wall-content\">Interrog\u00e9e sur la radio France Inter, elle a affirm\u00e9 disposer encore du <strong>cr\u00e9dit suffisant<\/strong> pour se maintenir \u00e0 la t\u00eate du Louvre, qu\u2019elle dirige depuis fin 2021.<\/p>\n<p class=\" wall-content\">Avec AFP.<\/p>\n<p class=\" wall-content\">Personnalisez votre actualit\u00e9 en ajoutant vos villes et m\u00e9dias en favori avec <a href=\"https:\/\/moncompte.actu.fr\" title=\"D\u00e9couvez Mon Actu\" rel=\"nofollow noopener\" data-trk=\"{&quot;cta&quot;:{&quot;action&quot;:&quot;https:\\\/\\\/moncompte.actu.fr&quot;,&quot;category&quot;:&quot;mon compte&quot;,&quot;from&quot;:&quot;article footer&quot;,&quot;name&quot;:&quot;Mon actu&quot;,&quot;type&quot;:&quot;cta&quot;}}\" target=\"_blank\">Mon Actu<\/a>.<\/p>\n","protected":false},"excerpt":{"rendered":"Par R\u00e9daction Paris Publi\u00e9 le 19 d\u00e9c. 2025 \u00e0 14h56 Retour \u00e0 la normale. Ce vendredi 19\u00a0d\u00e9cembre 2025,&hellip;\n","protected":false},"author":2,"featured_media":609859,"comment_status":"","ping_status":"","sticky":false,"template":"","format":"standard","meta":{"footnotes":""},"categories":[1888],"tags":[1111,1928,11,1927,1777,674,1011,27,6151,3094,12,1926,626,1925,25,104],"class_list":{"0":"post-609858","1":"post","2":"type-post","3":"status-publish","4":"format-standard","5":"has-post-thumbnail","7":"category-paris","8":"tag-actu","9":"tag-actu-paris","10":"tag-actualites","11":"tag-actualites-paris","12":"tag-eu","13":"tag-europe","14":"tag-fr","15":"tag-france","16":"tag-greve","17":"tag-musee-du-louvre","18":"tag-news","19":"tag-news-paris","20":"tag-paris","21":"tag-paris-news","22":"tag-republique-francaise","23":"tag-societe"},"share_on_mastodon":{"url":"https:\/\/pubeurope.com\/@fr\/115747156409468005","error":""},"_links":{"self":[{"href":"https:\/\/www.europesays.com\/fr\/wp-json\/wp\/v2\/posts\/609858","targetHints":{"allow":["GET"]}}],"collection":[{"href":"https:\/\/www.europesays.com\/fr\/wp-json\/wp\/v2\/posts"}],"about":[{"href":"https:\/\/www.europesays.com\/fr\/wp-json\/wp\/v2\/types\/post"}],"author":[{"embeddable":true,"href":"https:\/\/www.europesays.com\/fr\/wp-json\/wp\/v2\/users\/2"}],"replies":[{"embeddable":true,"href":"https:\/\/www.europesays.com\/fr\/wp-json\/wp\/v2\/comments?post=609858"}],"version-history":[{"count":0,"href":"https:\/\/www.europesays.com\/fr\/wp-json\/wp\/v2\/posts\/609858\/revisions"}],"wp:featuredmedia":[{"embeddable":true,"href":"https:\/\/www.europesays.com\/fr\/wp-json\/wp\/v2\/media\/609859"}],"wp:attachment":[{"href":"https:\/\/www.europesays.com\/fr\/wp-json\/wp\/v2\/media?parent=609858"}],"wp:term":[{"taxonomy":"category","embeddable":true,"href":"https:\/\/www.europesays.com\/fr\/wp-json\/wp\/v2\/categories?post=609858"},{"taxonomy":"post_tag","embeddable":true,"href":"https:\/\/www.europesays.com\/fr\/wp-json\/wp\/v2\/tags?post=609858"}],"curies":[{"name":"wp","href":"https:\/\/api.w.org\/{rel}","templated":true}]}}