{"id":609862,"date":"2025-12-19T16:24:26","date_gmt":"2025-12-19T16:24:26","guid":{"rendered":"https:\/\/www.europesays.com\/fr\/609862\/"},"modified":"2025-12-19T16:24:26","modified_gmt":"2025-12-19T16:24:26","slug":"at-home-le-nouvel-ecrin-de-yazid-ichemrahen","status":"publish","type":"post","link":"https:\/\/www.europesays.com\/fr\/609862\/","title":{"rendered":"At Home, le nouvel \u00e9crin de Yazid Ichemrahen"},"content":{"rendered":"<p class=\"p1\">Chef p\u00e2tissier suivi par pr\u00e8s de 2 millions d\u2019abonn\u00e9s sur Instagram, <strong>Yazid Ichemrahen<\/strong> a r\u00e9cemment d\u00e9voil\u00e9 <strong>At Home<\/strong>, un lieu hybride en plein centre de Paris. Pens\u00e9 comme un appartement parisien, l\u2019endroit est \u00e0 la fois une p\u00e2tisserie, un salon de th\u00e9 et un restaurant. Ici, chaque d\u00e9tail a \u00e9t\u00e9 con\u00e7u pour offrir une v\u00e9ritable immersion, \u00e0 l\u2019image de la signature olfactive vanille-tonka, imagin\u00e9e avec le parfumeur Robertet. Plusieurs cr\u00e9ations signature (La For\u00eat Noire, le Latte Caramel, Rose Cherry\u2026) viennent compl\u00e9ter une carte devant laquelle les gourmands ne sauront plus o\u00f9 donner de la t\u00eate.<\/p>\n","protected":false},"excerpt":{"rendered":"Chef p\u00e2tissier suivi par pr\u00e8s de 2 millions d\u2019abonn\u00e9s sur Instagram, Yazid Ichemrahen a r\u00e9cemment d\u00e9voil\u00e9 At Home,&hellip;\n","protected":false},"author":2,"featured_media":609863,"comment_status":"","ping_status":"","sticky":false,"template":"","format":"standard","meta":{"footnotes":""},"categories":[1888],"tags":[11,1777,674,1011,27,12,626,15810,25],"class_list":{"0":"post-609862","1":"post","2":"type-post","3":"status-publish","4":"format-standard","5":"has-post-thumbnail","7":"category-paris","8":"tag-actualites","9":"tag-eu","10":"tag-europe","11":"tag-fr","12":"tag-france","13":"tag-news","14":"tag-paris","15":"tag-patisserie","16":"tag-republique-francaise"},"share_on_mastodon":{"url":"https:\/\/pubeurope.com\/@fr\/115747164302134787","error":""},"_links":{"self":[{"href":"https:\/\/www.europesays.com\/fr\/wp-json\/wp\/v2\/posts\/609862","targetHints":{"allow":["GET"]}}],"collection":[{"href":"https:\/\/www.europesays.com\/fr\/wp-json\/wp\/v2\/posts"}],"about":[{"href":"https:\/\/www.europesays.com\/fr\/wp-json\/wp\/v2\/types\/post"}],"author":[{"embeddable":true,"href":"https:\/\/www.europesays.com\/fr\/wp-json\/wp\/v2\/users\/2"}],"replies":[{"embeddable":true,"href":"https:\/\/www.europesays.com\/fr\/wp-json\/wp\/v2\/comments?post=609862"}],"version-history":[{"count":0,"href":"https:\/\/www.europesays.com\/fr\/wp-json\/wp\/v2\/posts\/609862\/revisions"}],"wp:featuredmedia":[{"embeddable":true,"href":"https:\/\/www.europesays.com\/fr\/wp-json\/wp\/v2\/media\/609863"}],"wp:attachment":[{"href":"https:\/\/www.europesays.com\/fr\/wp-json\/wp\/v2\/media?parent=609862"}],"wp:term":[{"taxonomy":"category","embeddable":true,"href":"https:\/\/www.europesays.com\/fr\/wp-json\/wp\/v2\/categories?post=609862"},{"taxonomy":"post_tag","embeddable":true,"href":"https:\/\/www.europesays.com\/fr\/wp-json\/wp\/v2\/tags?post=609862"}],"curies":[{"name":"wp","href":"https:\/\/api.w.org\/{rel}","templated":true}]}}