{"id":609870,"date":"2025-12-19T16:28:12","date_gmt":"2025-12-19T16:28:12","guid":{"rendered":"https:\/\/www.europesays.com\/fr\/609870\/"},"modified":"2025-12-19T16:28:12","modified_gmt":"2025-12-19T16:28:12","slug":"usa-lindice-de-confiance-de-lumich-revu-en-baisse-en-decembre","status":"publish","type":"post","link":"https:\/\/www.europesays.com\/fr\/609870\/","title":{"rendered":"USA : l&rsquo;indice de confiance de l&rsquo;UMich revu en baisse en d\u00e9cembre"},"content":{"rendered":"<p>                    La confiance du consommateur am\u00e9ricain s&rsquo;est am\u00e9lior\u00e9e en d\u00e9cembre mais de fa\u00e7on moins franche que pr\u00e9vu, selon l&rsquo;indice d\u00e9finitif de l&rsquo;Universit\u00e9 du Michigan publi\u00e9 vendredi.<\/p>\n<p>L&rsquo;indice est ressorti \u00e0 52,9 en version d\u00e9finitive, contre 51 en novembre, alors qu&rsquo;il s&rsquo;\u00e9tait \u00e9tait \u00e9tabli \u00e0 53,3 en premi\u00e8re estimation et que les \u00e9conomistes l&rsquo;attendaient \u00e0 53,4.<\/p>\n<p>La composante mesurant le sentiment du consommateur sur les conditions actuelles atteint pour sa part 50,4 (50,7 en premi\u00e8re estimation et 50,7 aussi en consensus) contre 51,1 en novembre.<\/p>\n<p>Celle des anticipations du consommateur progresse cependant \u00e0 54,6, contre 55 en premi\u00e8re estimation et 55 pour le consensus, apr\u00e8s 51 le mois dernier.<\/p>\n<p>Copyright (c) 2025 Zonebourse.com &#8211; All rights reserved.<\/p>\n","protected":false},"excerpt":{"rendered":"La confiance du consommateur am\u00e9ricain s&rsquo;est am\u00e9lior\u00e9e en d\u00e9cembre mais de fa\u00e7on moins franche que pr\u00e9vu, selon l&rsquo;indice&hellip;\n","protected":false},"author":2,"featured_media":2490,"comment_status":"","ping_status":"","sticky":false,"template":"","format":"standard","meta":{"footnotes":""},"categories":[1589],"tags":[11,340,73,1866,12,1864,1865,1863,308],"class_list":{"0":"post-609870","1":"post","2":"type-post","3":"status-publish","4":"format-standard","5":"has-post-thumbnail","7":"category-etats-unis","8":"tag-actualites","9":"tag-bourse","10":"tag-etats-unis","11":"tag-etats-unis-damerique","12":"tag-news","13":"tag-united-states","14":"tag-united-states-of-america","15":"tag-us","16":"tag-usa"},"share_on_mastodon":{"url":"https:\/\/pubeurope.com\/@fr\/115747180062055867","error":""},"_links":{"self":[{"href":"https:\/\/www.europesays.com\/fr\/wp-json\/wp\/v2\/posts\/609870","targetHints":{"allow":["GET"]}}],"collection":[{"href":"https:\/\/www.europesays.com\/fr\/wp-json\/wp\/v2\/posts"}],"about":[{"href":"https:\/\/www.europesays.com\/fr\/wp-json\/wp\/v2\/types\/post"}],"author":[{"embeddable":true,"href":"https:\/\/www.europesays.com\/fr\/wp-json\/wp\/v2\/users\/2"}],"replies":[{"embeddable":true,"href":"https:\/\/www.europesays.com\/fr\/wp-json\/wp\/v2\/comments?post=609870"}],"version-history":[{"count":0,"href":"https:\/\/www.europesays.com\/fr\/wp-json\/wp\/v2\/posts\/609870\/revisions"}],"wp:featuredmedia":[{"embeddable":true,"href":"https:\/\/www.europesays.com\/fr\/wp-json\/wp\/v2\/media\/2490"}],"wp:attachment":[{"href":"https:\/\/www.europesays.com\/fr\/wp-json\/wp\/v2\/media?parent=609870"}],"wp:term":[{"taxonomy":"category","embeddable":true,"href":"https:\/\/www.europesays.com\/fr\/wp-json\/wp\/v2\/categories?post=609870"},{"taxonomy":"post_tag","embeddable":true,"href":"https:\/\/www.europesays.com\/fr\/wp-json\/wp\/v2\/tags?post=609870"}],"curies":[{"name":"wp","href":"https:\/\/api.w.org\/{rel}","templated":true}]}}