{"id":609896,"date":"2025-12-19T16:49:14","date_gmt":"2025-12-19T16:49:14","guid":{"rendered":"https:\/\/www.europesays.com\/fr\/609896\/"},"modified":"2025-12-19T16:49:14","modified_gmt":"2025-12-19T16:49:14","slug":"moment-incroyable-dans-lemission-cyprien","status":"publish","type":"post","link":"https:\/\/www.europesays.com\/fr\/609896\/","title":{"rendered":"moment incroyable dans l&rsquo;\u00e9mission, Cyprien &#8230;"},"content":{"rendered":"<p>EN BREF<\/p>\n<ul class=\"bloc_resume_post_list\">\n<li>Le 19 d\u00e9cembre, sur le plateau des 12 coups de midi,<br \/>\nJean-Luc Reichmann annonce une augmentation de la cagnotte<br \/>\ncommune.<\/li>\n<li>Cyprien identifie l\u00a0\u00bb\u00c9toile myst\u00e9rieuse sans indice,<br \/>\naugmentant sa cagnotte personnelle de mani\u00e8re<br \/>\nspectaculaire.<\/li>\n<li>L&rsquo;\u00e9motion envahit le plateau alors que Cyprien remporte<br \/>\nl&rsquo;\u00c9toile myst\u00e9rieuse, laissant le public et Jean-Luc Reichmann<br \/>\nboulevers\u00e9s.<\/li>\n<\/ul>\n<p data-start=\"156\" data-end=\"651\">Un moment inoubliable et rempli<br \/>\nd&rsquo;\u00e9motion s&rsquo;est d\u00e9roul\u00e9 ce vendredi 19 d\u00e9cembre sur le plateau des<br \/>\n12 coups de midi. \u00c0 la fin<br \/>\nde l&rsquo;\u00e9mission, au moment de l&rsquo;\u00c9toile myst\u00e9rieuse, <strong>Jean-Luc<br \/>\nReichmann<\/strong> a d\u00e9voil\u00e9 le nouveau montant de la cagnotte<br \/>\ncommune. \u00ab Attention, attention, on a rajout\u00e9 10 000 euros dans<br \/>\nla cagnotte commune. Aujourd&rsquo;hui, la cagnotte personnelle de M.<br \/>\nCyprien s&rsquo;\u00e9l\u00e8ve \u00e0&#8230; \u00bb, a-t-il d\u00e9clar\u00e9, avant de laisser la<br \/>\nparole \u00e0 <a href=\"https:\/\/www.telestar.fr\/actu_tv\/les-12-coups-de-midi-grosse-boulette-de-zette-emilien-a-les-oreilles-qui-sifflent-1747468\" target=\"_blank\" rel=\"noopener\"><br \/>\nla voix off Zette<\/a> : \u00ab 411 319 euros \u00bb, a-t-elle<br \/>\ncompl\u00e9t\u00e9.<\/p>\n<p data-start=\"653\" data-end=\"1101\">Lorsque <strong>l\u2019\u00c9toile<br \/>\nmyst\u00e9rieuse<\/strong> appara\u00eet \u00e0 l\u2019\u00e9cran, la surprise est totale.<br \/>\nAucun visage, aucun objet reconnaissable, seulement un d\u00e9cor flou<br \/>\ncompos\u00e9 d\u2019un ciel et de quelques arbres. <a href=\"https:\/\/www.telestar.fr\/actu_tv\/12_coups_de_midi\/les-12-coups-de-midi-je-vais-me-faire-virer-le-coup-declat-de-jean-luc-reichmann-1748609\" target=\"_blank\" rel=\"noopener\"><br \/>\nJean-Luc Reichmann<\/a> tente alors de provoquer le destin. \u00ab<br \/>\nAlors on n\u2019en a pas beaucoup, alors peut-\u00eatre au petit bonheur la<br \/>\nchance l\u00e0, qu&rsquo;est-ce qu&rsquo;on pourrait proposer ? Ce serait<br \/>\nextraordinaire qu&rsquo;il y ait la belle \u00e9toile avec vous. Vous nous<br \/>\ndites ? \u00bb, demande-t-il.<\/p>\n<p>Cyprien trouve l&rsquo;\u00e9toile myst\u00e9rieuse sans indice<\/p>\n<p data-start=\"1156\" data-end=\"1531\">Cyprien observe, h\u00e9site puis<br \/>\nlance un nom : \u00ab <strong>Rapha\u00ebl Nadal<\/strong> ? Je l&rsquo;ai<br \/>\nreconnu dans la feuille, l\u00e0-haut. \u00bb Le suspense est bien<br \/>\npr\u00e9sent sur le plateau. Le pr\u00e9sentateur s&rsquo;adresse aux spectateurs.<br \/>\n\u00ab Alors \u00e9videmment, le public vous le savez, si c&rsquo;est Rafael<br \/>\nNadal, il va faire monter la cagnotte. Mais alors une cagnotte de<br \/>\ndingue, mais y&rsquo;a aucun indice, y&rsquo;a rien \u00bb, lance-t-il.<\/p>\n<p data-start=\"1533\" data-end=\"1833\">La tension atteint son<br \/>\nparoxysme lorsque Jean-Luc Reichmann lance le compte \u00e0 rebours. \u00ab<br \/>\nAllez ! Le public, vous \u00eates pr\u00eats ? \u00c0 vous de jouer, on d\u00e9compte<br \/>\n\u00e0&#8230; 5, 4, 3, 2, 1&#8230; Est-ce que l&rsquo;\u00e9toile se rallume au doux coup<br \/>\nde midi ? Est-ce Rapha\u00ebl Nadal qui est sur l&rsquo;\u00e9toile ? C&rsquo;est la<br \/>\nbonne r\u00e9ponse. \u00bb<\/p>\n<p>Jean-Luc Reichmann \u00e9mu aux larmes<\/p>\n<p data-start=\"1874\" data-end=\"2193\">Sous le choc, <a href=\"https:\/\/www.telestar.fr\/actu_tv\/les-12-coups-de-midi-par-messages-prives-cyprien-bientot-en-couple-grace-a-jean-luc-reichmann-1747638\" target=\"_blank\" rel=\"noopener\"><br \/>\nCyprien<\/a> reste fig\u00e9. Il se prend la t\u00eate entre les mains,<br \/>\ns\u2019effondre au sol, puis laisse \u00e9clater ses larmes. Sur le plateau,<br \/>\nl\u2019\u00e9motion est g\u00e9n\u00e9rale. Jean-Luc Reichmann est lui aussi<br \/>\nboulevers\u00e9, tandis que dans le public, certains spectateurs ont les<br \/>\nyeux qui brillent et essuient discr\u00e8tement leurs larmes.<\/p>\n<p data-start=\"2195\" data-end=\"2729\">L\u2019animateur conclut ce moment<br \/>\nsuspendu avec des mots forts : \u00ab Il a gagn\u00e9 l&rsquo;\u00e9toile<br \/>\nmyst\u00e9rieuse ! C&rsquo;est quelque chose de fou ! Avec cette bonne<br \/>\nr\u00e9ponse, il vous fait gagner l&rsquo;\u00e9toile myst\u00e9rieuse \u00e0 vous. Vous<br \/>\nallez pouvoir gagner <strong>33 000 euros de cadeaux<\/strong>. Je<br \/>\nne sais pas ce qui se passe en ce moment aux 12 coups. On est<br \/>\ntouch\u00e9 par la gr\u00e2ce ici. Comme quoi il n&rsquo;y avait aucun indice et<br \/>\nl\u00e0, c&rsquo;est du paranormal ce qui se passe. C&rsquo;est No\u00ebl, avant No\u00ebl,<br \/>\naux 12 coups de midi. La cagnotte de Cyprien s&rsquo;\u00e9l\u00e8ve aujourd&rsquo;hui \u00e0<br \/>\n445 049 euros. \u00bb<\/p>\n","protected":false},"excerpt":{"rendered":"EN BREF Le 19 d\u00e9cembre, sur le plateau des 12 coups de midi, Jean-Luc Reichmann annonce une augmentation&hellip;\n","protected":false},"author":2,"featured_media":609897,"comment_status":"","ping_status":"","sticky":false,"template":"","format":"standard","meta":{"footnotes":""},"categories":[1356],"tags":[548,58,59,1011,27,252,1364],"class_list":{"0":"post-609896","1":"post","2":"type-post","3":"status-publish","4":"format-standard","5":"has-post-thumbnail","7":"category-television","8":"tag-article-simple","9":"tag-divertissement","10":"tag-entertainment","11":"tag-fr","12":"tag-france","13":"tag-television","14":"tag-tv"},"share_on_mastodon":{"url":"https:\/\/pubeurope.com\/@fr\/115747262730778431","error":""},"_links":{"self":[{"href":"https:\/\/www.europesays.com\/fr\/wp-json\/wp\/v2\/posts\/609896","targetHints":{"allow":["GET"]}}],"collection":[{"href":"https:\/\/www.europesays.com\/fr\/wp-json\/wp\/v2\/posts"}],"about":[{"href":"https:\/\/www.europesays.com\/fr\/wp-json\/wp\/v2\/types\/post"}],"author":[{"embeddable":true,"href":"https:\/\/www.europesays.com\/fr\/wp-json\/wp\/v2\/users\/2"}],"replies":[{"embeddable":true,"href":"https:\/\/www.europesays.com\/fr\/wp-json\/wp\/v2\/comments?post=609896"}],"version-history":[{"count":0,"href":"https:\/\/www.europesays.com\/fr\/wp-json\/wp\/v2\/posts\/609896\/revisions"}],"wp:featuredmedia":[{"embeddable":true,"href":"https:\/\/www.europesays.com\/fr\/wp-json\/wp\/v2\/media\/609897"}],"wp:attachment":[{"href":"https:\/\/www.europesays.com\/fr\/wp-json\/wp\/v2\/media?parent=609896"}],"wp:term":[{"taxonomy":"category","embeddable":true,"href":"https:\/\/www.europesays.com\/fr\/wp-json\/wp\/v2\/categories?post=609896"},{"taxonomy":"post_tag","embeddable":true,"href":"https:\/\/www.europesays.com\/fr\/wp-json\/wp\/v2\/tags?post=609896"}],"curies":[{"name":"wp","href":"https:\/\/api.w.org\/{rel}","templated":true}]}}