{"id":60990,"date":"2025-04-29T05:04:11","date_gmt":"2025-04-29T05:04:11","guid":{"rendered":"https:\/\/www.europesays.com\/fr\/60990\/"},"modified":"2025-04-29T05:04:11","modified_gmt":"2025-04-29T05:04:11","slug":"des-temperatures-exceptionnelles-vont-deferler-en-seine-maritime-toute-la-semaine","status":"publish","type":"post","link":"https:\/\/www.europesays.com\/fr\/60990\/","title":{"rendered":"\u00ab Des temp\u00e9ratures exceptionnelles \u00bb vont d\u00e9ferler en Seine-Maritime toute la semaine"},"content":{"rendered":"<p>            Par<br \/>\n        <strong><br \/>\n            <a href=\"https:\/\/actu.fr\/auteur\/louise-boutard\" title=\"Consulter tous les articles de Louise Boutard\" rel=\"nofollow noopener\" target=\"_blank\">Louise Boutard<\/a><br \/>\n        <\/strong><\/p>\n<p>        Publi\u00e9 le<\/p>\n<p>            29 avr. 2025 \u00e0 6h56        <\/p>\n<p>Avec <strong>8\u00b0C au-dessus des moyennes de saison,<\/strong> on peut dire que la semaine du 28\u00a0avril est ensoleill\u00e9e en <a href=\"https:\/\/actu.fr\/76actu\/\" rel=\"nofollow noopener\" target=\"_blank\">Seine-Maritime<\/a> et notamment \u00e0 <a href=\"https:\/\/actu.fr\/normandie\/rouen_76540\" rel=\"nofollow noopener\" target=\"_blank\">Rouen<\/a>. Mais ce ciel bleu durera-t-il jusqu\u2019au premier pont du mois de mai\u2009? Pas si s\u00fbr\u2026<\/p>\n<p class=\" wall-content\">\u00ab\u2009L\u2019anticyclone s\u2019est install\u00e9. Une d\u00e9pression au large du Portugal ram\u00e8ne l\u2019air chaud venu du Sahara. Avec cette stagnation, l\u2019air va se r\u00e9chauffer\u2009\u00bb, explique Guillaume S\u00e9chet, m\u00e9t\u00e9orologue et cr\u00e9ateur du site <a href=\"https:\/\/www.meteo-rouen.com\/\" rel=\"nofollow noopener\" target=\"_blank\">meteo-rouen.com<\/a><\/p>\n<p class=\" wall-content\"><strong>Un temps \u00ab\u2009quasi estival\u2009\u00bb<\/strong><\/p>\n<p class=\" wall-content\">\u00ab\u2009Sans atteindre des records, cela reste des temp\u00e9ratures exceptionnelles\u2009\u00bb, souligne le sp\u00e9cialiste qui attend jusqu\u2019\u00e0 jeudi un temps \u00ab\u2009quasi estival\u2009\u00bb.<\/p>\n<p class=\" wall-content\">Les records de chaleur sur Rouen datent de <strong>1995 avec 27 \u00b0C pour un 1er-Mai,<\/strong> puis 26\u00a0\u00b0C en 2005. \u00ab\u2009On n\u2019en sera pas loin\u2009\u00bb, souligne le m\u00e9t\u00e9orologue.<\/p>\n<p class=\" wall-content\"><strong>Jusqu\u2019\u00e0 24\u00b0 lundi, 25\u00b0 mardi, 23\u00b0 mercredi\u2026<\/strong> C\u2019est vraiment une belle semaine qui s\u2019annonce. Mais attention, il n\u2019est pas certain que ce beau temps tienne jusqu\u2019\u00e0 la fin du week-end prolong\u00e9. Samedi sera sans doute nuageux en fin de journ\u00e9e. \u00ab\u2009Et j\u2019ai des doutes sur dimanche\u2009\u00bb, glisse le sp\u00e9cialiste.<\/p>\n<p>Suivez l\u2019actualit\u00e9 du\u00a0Havre sur <a href=\"https:\/\/www.whatsapp.com\/channel\/0029VaFqJYE8aKvLBwVrEe0o\" rel=\"nofollow noopener\" target=\"_blank\">notre cha\u00eene WhatsApp<\/a> et sur<a href=\"https:\/\/www.tiktok.com\/@76actu.fr?lang=fr\" rel=\"nofollow noopener\" target=\"_blank\"> notre compte TikTok.<\/a>Vid\u00e9os : en ce moment sur Actu<\/p>\n<p class=\" wall-content\">Suivez toute l\u2019actualit\u00e9 de vos villes et m\u00e9dias favoris en vous inscrivant \u00e0 <a href=\"https:\/\/moncompte.actu.fr\" title=\"D\u00e9couvez Mon Actu\" rel=\"nofollow noopener\" data-trk=\"{&quot;cta&quot;:{&quot;action&quot;:&quot;https:\\\/\\\/moncompte.actu.fr&quot;,&quot;category&quot;:&quot;mon compte&quot;,&quot;from&quot;:&quot;article footer&quot;,&quot;name&quot;:&quot;Mon actu&quot;,&quot;type&quot;:&quot;cta&quot;}}\" target=\"_blank\">Mon Actu<\/a>.<\/p>\n<ul class=\"ac-article-tag wall-content\">\n<li><a href=\"https:\/\/actu.fr\/tag\/meteo-france\" data-trk=\"{&quot;cta&quot;:{&quot;action&quot;:&quot;M\\u00e9t\\u00e9o France&quot;,&quot;category&quot;:&quot;tag&quot;,&quot;from&quot;:&quot;article footer&quot;,&quot;name&quot;:&quot;M\\u00e9t\\u00e9o France&quot;,&quot;type&quot;:&quot;cta&quot;}}\" rel=\"nofollow noopener\" target=\"_blank\">#M\u00e9t\u00e9o France<\/a><\/li>\n<li><a href=\"https:\/\/actu.fr\/tag\/vague-de-chaleur\" data-trk=\"{&quot;cta&quot;:{&quot;action&quot;:&quot;Vague de chaleur&quot;,&quot;category&quot;:&quot;tag&quot;,&quot;from&quot;:&quot;article footer&quot;,&quot;name&quot;:&quot;Vague de chaleur&quot;,&quot;type&quot;:&quot;cta&quot;}}\" rel=\"nofollow noopener\" target=\"_blank\">#Vague de chaleur<\/a><\/li>\n<\/ul>\n<p>                    <script async src=\"\/\/www.tiktok.com\/embed.js\"><\/script><\/p>\n","protected":false},"excerpt":{"rendered":"Par Louise Boutard Publi\u00e9 le 29 avr. 2025 \u00e0 6h56 Avec 8\u00b0C au-dessus des moyennes de saison, on&hellip;\n","protected":false},"author":2,"featured_media":60991,"comment_status":"","ping_status":"","sticky":false,"template":"","format":"standard","meta":{"footnotes":""},"categories":[9587],"tags":[1111,11,1777,674,1011,27,2357,12,5161,25,9590,104,15637],"class_list":{"0":"post-60990","1":"post","2":"type-post","3":"status-publish","4":"format-standard","5":"has-post-thumbnail","7":"category-rouen","8":"tag-actu","9":"tag-actualites","10":"tag-eu","11":"tag-europe","12":"tag-fr","13":"tag-france","14":"tag-meteo-france","15":"tag-news","16":"tag-normandie","17":"tag-republique-francaise","18":"tag-rouen","19":"tag-societe","20":"tag-vague-de-chaleur"},"share_on_mastodon":{"url":"https:\/\/pubeurope.com\/@fr\/114419510010424024","error":""},"_links":{"self":[{"href":"https:\/\/www.europesays.com\/fr\/wp-json\/wp\/v2\/posts\/60990","targetHints":{"allow":["GET"]}}],"collection":[{"href":"https:\/\/www.europesays.com\/fr\/wp-json\/wp\/v2\/posts"}],"about":[{"href":"https:\/\/www.europesays.com\/fr\/wp-json\/wp\/v2\/types\/post"}],"author":[{"embeddable":true,"href":"https:\/\/www.europesays.com\/fr\/wp-json\/wp\/v2\/users\/2"}],"replies":[{"embeddable":true,"href":"https:\/\/www.europesays.com\/fr\/wp-json\/wp\/v2\/comments?post=60990"}],"version-history":[{"count":0,"href":"https:\/\/www.europesays.com\/fr\/wp-json\/wp\/v2\/posts\/60990\/revisions"}],"wp:featuredmedia":[{"embeddable":true,"href":"https:\/\/www.europesays.com\/fr\/wp-json\/wp\/v2\/media\/60991"}],"wp:attachment":[{"href":"https:\/\/www.europesays.com\/fr\/wp-json\/wp\/v2\/media?parent=60990"}],"wp:term":[{"taxonomy":"category","embeddable":true,"href":"https:\/\/www.europesays.com\/fr\/wp-json\/wp\/v2\/categories?post=60990"},{"taxonomy":"post_tag","embeddable":true,"href":"https:\/\/www.europesays.com\/fr\/wp-json\/wp\/v2\/tags?post=60990"}],"curies":[{"name":"wp","href":"https:\/\/api.w.org\/{rel}","templated":true}]}}