{"id":609908,"date":"2025-12-19T16:55:14","date_gmt":"2025-12-19T16:55:14","guid":{"rendered":"https:\/\/www.europesays.com\/fr\/609908\/"},"modified":"2025-12-19T16:55:14","modified_gmt":"2025-12-19T16:55:14","slug":"un-materiau-cent-fois-plus-isolant-que-le-verre-concu-en-laboratoire","status":"publish","type":"post","link":"https:\/\/www.europesays.com\/fr\/609908\/","title":{"rendered":"Un mat\u00e9riau cent fois plus isolant que le verre con\u00e7u en laboratoire"},"content":{"rendered":"<p>\n    <strong>D\u00c9CRYPTAGE &#8211;<\/strong> Une nouvelle g\u00e9n\u00e9ration de vitrage pourrait aider les b\u00e2timents \u00e0 fortement r\u00e9duire leur facture \u00e9nerg\u00e9tique et leurs \u00e9missions de CO2.<\/p>\n<p class=\"fig-paragraph\">En termes de bilan \u00e9nerg\u00e9tique, le point faible des b\u00e2timents ce sont leurs fen\u00eatres. \u00ab\u00a0Le taux de d\u00e9perdition d\u2019\u00e9nergie d\u2019un simple vitrage actuel est six fois plus important que celui d\u2019un mur parfaitement isol\u00e9\u00a0\u00bb, rappelle Brigitte Vu, enseignante-chercheuse \u00e0 l\u2019Universit\u00e9 de technologie de Belfort-Montb\u00e9liard, sp\u00e9cialiste de l\u2019efficacit\u00e9 \u00e9nerg\u00e9tique de l\u2019habitat. M\u00eame un\u00a0<a href=\"http:\/\/www.lefigaro.fr\/maison\/double-vitrage-tout-ce-qu-il-faut-savoir-pour-ne-pas-se-tromper-20241010\" data-fig-type=\"Article\" data-gtm-custom-categorie=\"navigation\" data-gtm-custom-action=\"crossclick\" data-gtm-custom-label=\"Contextuel\" data-gtm-event=\"customEventSPE\" data-fig-domain=\"LEFIGARO\" target=\"_blank\" rel=\"noopener\">double vitrage<\/a>\u00a0actuel performant n\u2019am\u00e9liore que modestement le bilan d\u2019un immeuble ou d\u2019une maison. Un nouvel\u00a0<a href=\"http:\/\/www.lefigaro.fr\/maison\/quel-est-le-meilleur-isolant-pour-les-murs-20240105\" data-fig-type=\"Article\" data-gtm-custom-categorie=\"navigation\" data-gtm-custom-action=\"crossclick\" data-gtm-custom-label=\"Contextuel\" data-gtm-event=\"customEventSPE\" data-fig-domain=\"LEFIGARO\" target=\"_blank\" rel=\"noopener\">isolant<\/a>\u00a0d\u00e9voil\u00e9 dans la revue\u00a0<a href=\"https:\/\/www.science.org\/doi\/10.1126\/science.adx5568?adobe_mc=MCMID%3D67183702287506655301725388029811933696%7CMCORGID%3D242B6472541199F70A4C98A6%2540AdobeOrg%7CTS%3D1765987060&amp;adobe_mc=MCMID%3D67183702287506655301725388029811933696%7CMCORGID%3D242B6472541199F70A4C98A6%2540AdobeOrg%7CTS%3D1765987128\" target=\"_blank\" rel=\"sponsored noopener\" data-gtm-custom-categorie=\"navigation\" data-gtm-custom-action=\"crossclick\" data-gtm-custom-label=\"Contextuel\" data-gtm-event=\"customEventSPE\">Science<\/a> \u00a0le 11\u00a0d\u00e9cembre pourrait r\u00e9ellement changer la donne.<\/p>\n<p class=\"fig-paragraph\">Ce mat\u00e9riau, un gel de silicone, unique en son genre, a \u00e9t\u00e9 con\u00e7u par une \u00e9quipe de physiciens de l\u2019universit\u00e9 du Colorado, \u00e0 Boulder, en lien avec des chercheurs de l\u2019institut de \u00ab\u00a0m\u00e9ta-mat\u00e9riaux\u00a0\u00bb (c\u2019est-\u00e0-dire qui n\u2019existent pas dans la nature) de l\u2019universit\u00e9 de Hiroshima. \u00ab\u00a0Ce mat\u00e9riau emprisonne l\u2019air gr\u00e2ce \u00e0 un r\u00e9seau de pores minuscules, bien plus fins qu\u2019un cheveu, explique Brigitte Vu. C\u2019est tr\u00e8s original\u2026<\/p>\n<p class=\"fig-premium-paywall__infos\">\n        Cet article est r\u00e9serv\u00e9 aux abonn\u00e9s.        Il vous reste 84% \u00e0 d\u00e9couvrir.\n    <\/p>\n<p>                <img  data- alt=\"Le Figaro\" class=\"fig-img--complete fig-img\"\/><\/p>\n<p class=\"fig-premium-paywall__title\">Vous avez envie de lire la suite ?<\/p>\n<p class=\"fig-premium-paywall__subtitle\">D\u00e9bloquez tous les articles imm\u00e9diatement.<\/p>\n<p class=\"fig-premium-paywall__connect\">\n                D\u00e9j\u00e0 abonn\u00e9\u00a0?                <a class=\"fig-premium-paywall__connect-link\" href=\"https:\/\/connect.lefigaro.fr\/login?client=horizon_web&amp;type=main&amp;redirect_uri=https%3A%2F%2Fwww.lefigaro.fr%2Fsciences%2Fun-materiau-cent-fois-plus-isolant-que-le-verre-concu-en-laboratoire-20251219\" data-js-gtm=\"{&quot;customCategorie&quot;: &quot;conversion&quot;, &quot;customAction&quot;: &quot;before_Landing_Connexion_paywall_auto&quot;, &quot;customLabel&quot;: &quot;bGVmaWdhcm8uZnJfXzFmMGRiNWZkLTUyMDMtNjljNi1iMzVkLTY1Zjk0MzJhYWY1OF9fQXJ0aWNsZQ==_Un mat\u00e9riau cent fois plus isolant que le verre con\u00e7u en laboratoire_416&quot;, &quot;customIDSPE&quot;: &quot;bGVmaWdhcm8uZnJfXzFmMGRiNWZkLTUyMDMtNjljNi1iMzVkLTY1Zjk0MzJhYWY1OF9fQXJ0aWNsZQ==&quot;, &quot;event&quot;: &quot;customEventSPE&quot;}\" target=\"_blank\" rel=\"noopener\"><br \/>\n                    Connectez-vous<br \/>\n                <\/a>\n            <\/p>\n","protected":false},"excerpt":{"rendered":"D\u00c9CRYPTAGE &#8211; Une nouvelle g\u00e9n\u00e9ration de vitrage pourrait aider les b\u00e2timents \u00e0 fortement r\u00e9duire leur facture \u00e9nerg\u00e9tique et&hellip;\n","protected":false},"author":2,"featured_media":609909,"comment_status":"","ping_status":"","sticky":false,"template":"","format":"standard","meta":{"footnotes":""},"categories":[7],"tags":[1129,893,1011,27,11088,43,40,41,39,42,44],"class_list":{"0":"post-609908","1":"post","2":"type-post","3":"status-publish","4":"format-standard","5":"has-post-thumbnail","7":"category-sciences-et-technologies","8":"tag-climat","9":"tag-energie","10":"tag-fr","11":"tag-france","12":"tag-physique","13":"tag-science","14":"tag-science-and-technology","15":"tag-sciences","16":"tag-sciences-et-technologies","17":"tag-technologies","18":"tag-technology"},"share_on_mastodon":{"url":"https:\/\/pubeurope.com\/@fr\/115747286110044883","error":""},"_links":{"self":[{"href":"https:\/\/www.europesays.com\/fr\/wp-json\/wp\/v2\/posts\/609908","targetHints":{"allow":["GET"]}}],"collection":[{"href":"https:\/\/www.europesays.com\/fr\/wp-json\/wp\/v2\/posts"}],"about":[{"href":"https:\/\/www.europesays.com\/fr\/wp-json\/wp\/v2\/types\/post"}],"author":[{"embeddable":true,"href":"https:\/\/www.europesays.com\/fr\/wp-json\/wp\/v2\/users\/2"}],"replies":[{"embeddable":true,"href":"https:\/\/www.europesays.com\/fr\/wp-json\/wp\/v2\/comments?post=609908"}],"version-history":[{"count":0,"href":"https:\/\/www.europesays.com\/fr\/wp-json\/wp\/v2\/posts\/609908\/revisions"}],"wp:featuredmedia":[{"embeddable":true,"href":"https:\/\/www.europesays.com\/fr\/wp-json\/wp\/v2\/media\/609909"}],"wp:attachment":[{"href":"https:\/\/www.europesays.com\/fr\/wp-json\/wp\/v2\/media?parent=609908"}],"wp:term":[{"taxonomy":"category","embeddable":true,"href":"https:\/\/www.europesays.com\/fr\/wp-json\/wp\/v2\/categories?post=609908"},{"taxonomy":"post_tag","embeddable":true,"href":"https:\/\/www.europesays.com\/fr\/wp-json\/wp\/v2\/tags?post=609908"}],"curies":[{"name":"wp","href":"https:\/\/api.w.org\/{rel}","templated":true}]}}