{"id":609912,"date":"2025-12-19T16:59:25","date_gmt":"2025-12-19T16:59:25","guid":{"rendered":"https:\/\/www.europesays.com\/fr\/609912\/"},"modified":"2025-12-19T16:59:25","modified_gmt":"2025-12-19T16:59:25","slug":"le-drone-retrouve-ecrase-considere-comme-de-fabrication-russe","status":"publish","type":"post","link":"https:\/\/www.europesays.com\/fr\/609912\/","title":{"rendered":"le drone retrouv\u00e9 \u00e9cras\u00e9 \u00abconsid\u00e9r\u00e9\u00bb comme de fabrication russe"},"content":{"rendered":"<p>\n    Une enqu\u00eate est ouverte pour conna\u00eetre l\u2019origine de l\u2019appareil \u00e9chou\u00e9 pr\u00e8s des c\u00f4tes de la mer Noire. Il semblerait qu\u2019il serait utilis\u00e9 \u00e0 des fins de reconnaissance et de surveillance, selon le minist\u00e8re turc de l\u2019Int\u00e9rieur.<\/p>\n<p class=\"fig-paragraph\">Le drone retrouv\u00e9 \u00e9cras\u00e9 vendredi 19 d\u00e9cembre dans le nord-ouest de la\u00a0<a href=\"http:\/\/www.lefigaro.fr\/conjoncture\/turquie-recep-tayyip-erdogan-a-dompte-l-hyperinflation-mais-les-turcs-souffrent-encore-de-la-vie-chere-20251217\" data-fig-type=\"Article\" data-gtm-custom-categorie=\"navigation\" data-gtm-custom-action=\"crossclick\" data-gtm-custom-label=\"Contextuel\" data-gtm-event=\"customEventSPE\" data-fig-domain=\"LEFIGARO\" target=\"_blank\" rel=\"noopener\">Turquie\u00a0<\/a>est consid\u00e9r\u00e9 par les autorit\u00e9s comme \u00e9tant \u00abde fabrication russe\u00bb, a indiqu\u00e9 le minist\u00e8re turc de l\u2019Int\u00e9rieur, en annon\u00e7ant l\u2019ouverture d\u2019une enqu\u00eate.<\/p>\n<p class=\"fig-paragraph\">\u00abUn drone consid\u00e9r\u00e9 comme un Orlan-10 de fabrication russe, utilis\u00e9 \u00e0 des fins de reconnaissance et de surveillance, a \u00e9t\u00e9 d\u00e9couvert\u00bb, a \u00e9crit le minist\u00e8re turc dans un communiqu\u00e9.<\/p>\n<p>                                            <a class=\"fig-a11y-skip\" href=\"#fig-a11y-skip-main-inarticle\" data-module=\"a11y-skip\" data-context=\"was @visible\"><br \/>\n    Passer la publicit\u00e9<br \/>\n<\/a>            <\/p>\n<p class=\"fig-paragraph\">Selon les autorit\u00e9s turques, le drone a \u00e9t\u00e9 identifi\u00e9 dans une zone rurale pr\u00e8s d\u2019Izmit, \u00e0 l\u2019est d\u2019Istanbul, \u00e0 30 km des c\u00f4tes de la\u00a0<a href=\"http:\/\/www.lefigaro.fr\/international\/l-ukraine-assure-avoir-inflige-des-dommages-critiques-a-un-sous-marin-russe-dans-un-port-de-la-mer-noire-20251215\" data-fig-type=\"NewsFlash\" data-gtm-custom-categorie=\"navigation\" data-gtm-custom-action=\"crossclick\" data-gtm-custom-label=\"Contextuel\" data-gtm-event=\"customEventSPE\" data-fig-domain=\"LEFIGARO\" target=\"_blank\" rel=\"noopener\">mer Noire<\/a>\u00a0faisant face \u00e0 l\u2019Ukraine et la Crim\u00e9e annex\u00e9e par la Russie depuis 2014. Sur des images partag\u00e9es par les m\u00e9dias turcs, l\u2019engin appara\u00eet en un seul morceau, les ailes l\u00e9g\u00e8rement endommag\u00e9es.<\/p>\n<p class=\"fig-paragraph\">Un drone \u00abhors de contr\u00f4le\u00bb en provenance de la mer Noire avait d\u00e9j\u00e0 \u00e9t\u00e9 abattu lundi dans l\u2019espace a\u00e9rien turc, selon les autorit\u00e9s qui n\u2019ont toujours pas indiqu\u00e9 l\u2019origine pr\u00e9cise de l\u2019engin, ni le lieu exact de son interception.<\/p>\n<p class=\"fig-paragraph\">Le minist\u00e8re turc de la D\u00e9fense a toutefois affirm\u00e9 jeudi avoir appel\u00e9 l\u2019Ukraine et la Russie \u00e0 \u00abfaire preuve de plus de prudence\u00bb \u00e0 la suite de cet incident.<\/p>\n","protected":false},"excerpt":{"rendered":"Une enqu\u00eate est ouverte pour conna\u00eetre l\u2019origine de l\u2019appareil \u00e9chou\u00e9 pr\u00e8s des c\u00f4tes de la mer Noire. Il&hellip;\n","protected":false},"author":2,"featured_media":609913,"comment_status":"","ping_status":"","sticky":false,"template":"","format":"standard","meta":{"footnotes":""},"categories":[5],"tags":[11,564,1011,27,14,12,132,3496,28],"class_list":{"0":"post-609912","1":"post","2":"type-post","3":"status-publish","4":"format-standard","5":"has-post-thumbnail","7":"category-international","8":"tag-actualites","9":"tag-drone","10":"tag-fr","11":"tag-france","12":"tag-international","13":"tag-news","14":"tag-russie","15":"tag-turquie","16":"tag-world"},"share_on_mastodon":{"url":"https:\/\/pubeurope.com\/@fr\/115747305772854614","error":""},"_links":{"self":[{"href":"https:\/\/www.europesays.com\/fr\/wp-json\/wp\/v2\/posts\/609912","targetHints":{"allow":["GET"]}}],"collection":[{"href":"https:\/\/www.europesays.com\/fr\/wp-json\/wp\/v2\/posts"}],"about":[{"href":"https:\/\/www.europesays.com\/fr\/wp-json\/wp\/v2\/types\/post"}],"author":[{"embeddable":true,"href":"https:\/\/www.europesays.com\/fr\/wp-json\/wp\/v2\/users\/2"}],"replies":[{"embeddable":true,"href":"https:\/\/www.europesays.com\/fr\/wp-json\/wp\/v2\/comments?post=609912"}],"version-history":[{"count":0,"href":"https:\/\/www.europesays.com\/fr\/wp-json\/wp\/v2\/posts\/609912\/revisions"}],"wp:featuredmedia":[{"embeddable":true,"href":"https:\/\/www.europesays.com\/fr\/wp-json\/wp\/v2\/media\/609913"}],"wp:attachment":[{"href":"https:\/\/www.europesays.com\/fr\/wp-json\/wp\/v2\/media?parent=609912"}],"wp:term":[{"taxonomy":"category","embeddable":true,"href":"https:\/\/www.europesays.com\/fr\/wp-json\/wp\/v2\/categories?post=609912"},{"taxonomy":"post_tag","embeddable":true,"href":"https:\/\/www.europesays.com\/fr\/wp-json\/wp\/v2\/tags?post=609912"}],"curies":[{"name":"wp","href":"https:\/\/api.w.org\/{rel}","templated":true}]}}