{"id":609918,"date":"2025-12-19T17:06:15","date_gmt":"2025-12-19T17:06:15","guid":{"rendered":"https:\/\/www.europesays.com\/fr\/609918\/"},"modified":"2025-12-19T17:06:15","modified_gmt":"2025-12-19T17:06:15","slug":"muni-dun-couteau-et-dune-paire-de-ciseaux-il-hurle-dans-la-rue-et-seme-linquietude","status":"publish","type":"post","link":"https:\/\/www.europesays.com\/fr\/609918\/","title":{"rendered":"muni d\u2019un couteau et d\u2019une paire de ciseaux, il hurle dans la rue et s\u00e8me l\u2019inqui\u00e9tude"},"content":{"rendered":"<p>Un vent de panique a souffl\u00e9 sur le quartier de Beaubrun \u00e0 Saint-\u00c9tienne, ce mercredi 17\u00a0d\u00e9cembre, en d\u00e9but de soir\u00e9e. En effet, plusieurs habitants du secteur ont alert\u00e9 les forces de police vers 19 heures. D\u2019apr\u00e8s leurs t\u00e9moignages, un homme, arm\u00e9 d\u2019un couteau, se faisait remarquer, hurlant \u00e0 plein poumon sur la voie publique, vers 19 heures.<\/p>\n<p>Rapidement sur place, un \u00e9quipage de police secours identifie la pr\u00e9sence de l\u2019individu sur zone et le rep\u00e8re en train de tenter de se d\u00e9barrasser de deux objets dans une poubelle. Selon leurs premi\u00e8res constatations, ce dernier pr\u00e9sente tous les signes de l\u2019ivresse. \u00c2g\u00e9 de 36 ans et habitant \u00e0 Saint-\u00c9tienne, il est interpell\u00e9 par les policiers.<\/p>\n<p>  Avec une lame de 30 centim\u00e8tres<\/p>\n<p>Au cours de la palpation de s\u00e9curit\u00e9, les fonctionnaires vont d\u00e9couvrir une paire de ciseaux et retrouver un couteau de cuisine avec une lame de 30 centim\u00e8tres dans le container. C\u2019est alors qu\u2019un t\u00e9moin se pr\u00e9sente \u00e0 eux, expliquant avoir vu le trentenaire tent\u00e9 de forcer des v\u00e9hicules en stationnement.<\/p>\n<p>Et alors que les agents proc\u00e9daient aux premiers pr\u00e9l\u00e8vements, la propri\u00e9taire d\u2019un appartement les sollicite car un volet a \u00e9t\u00e9 d\u00e9grad\u00e9 et une fen\u00eatre cass\u00e9e dans son logement du rez-de-chauss\u00e9e.<\/p>\n<p>Cette derni\u00e8re affirme que des accessoires automobiles et une casquette ont \u00e9t\u00e9 d\u00e9rob\u00e9s \u00e0 l\u2019int\u00e9rieur.<\/p>\n<p>Les objets seront \u00e9galement retrouv\u00e9s sur l\u2019individu. Plac\u00e9 en garde \u00e0 vue apr\u00e8s un passage en cellule de d\u00e9grisement, il a \u00e9t\u00e9 pr\u00e9sent\u00e9 \u00e0 un magistrat en vue d\u2019un jugement au cours des prochaines semaines<\/p>\n","protected":false},"excerpt":{"rendered":"Un vent de panique a souffl\u00e9 sur le quartier de Beaubrun \u00e0 Saint-\u00c9tienne, ce mercredi 17\u00a0d\u00e9cembre, en d\u00e9but&hellip;\n","protected":false},"author":2,"featured_media":609919,"comment_status":"","ping_status":"","sticky":false,"template":"","format":"standard","meta":{"footnotes":""},"categories":[9653],"tags":[1111,11,2430,271,272,7539,1777,674,274,1011,27,3367,12,25,4001,7538],"class_list":{"0":"post-609918","1":"post","2":"type-post","3":"status-publish","4":"format-standard","5":"has-post-thumbnail","7":"category-saint-etienne","8":"tag-actu","9":"tag-actualites","10":"tag-auvergne-rhone-alpes","11":"tag-crime","12":"tag-delit-et-contravention","13":"tag-edition-loire-sud","14":"tag-eu","15":"tag-europe","16":"tag-faits-divers-justice","17":"tag-fr","18":"tag-france","19":"tag-loire","20":"tag-news","21":"tag-republique-francaise","22":"tag-saint-etienne","23":"tag-saint-etienne-ville"},"share_on_mastodon":{"url":"https:\/\/pubeurope.com\/@fr\/115747329606338558","error":""},"_links":{"self":[{"href":"https:\/\/www.europesays.com\/fr\/wp-json\/wp\/v2\/posts\/609918","targetHints":{"allow":["GET"]}}],"collection":[{"href":"https:\/\/www.europesays.com\/fr\/wp-json\/wp\/v2\/posts"}],"about":[{"href":"https:\/\/www.europesays.com\/fr\/wp-json\/wp\/v2\/types\/post"}],"author":[{"embeddable":true,"href":"https:\/\/www.europesays.com\/fr\/wp-json\/wp\/v2\/users\/2"}],"replies":[{"embeddable":true,"href":"https:\/\/www.europesays.com\/fr\/wp-json\/wp\/v2\/comments?post=609918"}],"version-history":[{"count":0,"href":"https:\/\/www.europesays.com\/fr\/wp-json\/wp\/v2\/posts\/609918\/revisions"}],"wp:featuredmedia":[{"embeddable":true,"href":"https:\/\/www.europesays.com\/fr\/wp-json\/wp\/v2\/media\/609919"}],"wp:attachment":[{"href":"https:\/\/www.europesays.com\/fr\/wp-json\/wp\/v2\/media?parent=609918"}],"wp:term":[{"taxonomy":"category","embeddable":true,"href":"https:\/\/www.europesays.com\/fr\/wp-json\/wp\/v2\/categories?post=609918"},{"taxonomy":"post_tag","embeddable":true,"href":"https:\/\/www.europesays.com\/fr\/wp-json\/wp\/v2\/tags?post=609918"}],"curies":[{"name":"wp","href":"https:\/\/api.w.org\/{rel}","templated":true}]}}