{"id":609920,"date":"2025-12-19T17:07:24","date_gmt":"2025-12-19T17:07:24","guid":{"rendered":"https:\/\/www.europesays.com\/fr\/609920\/"},"modified":"2025-12-19T17:07:24","modified_gmt":"2025-12-19T17:07:24","slug":"colmar-28e-course-dorientation-de-la-saint-etienne-attention-a-la-marche","status":"publish","type":"post","link":"https:\/\/www.europesays.com\/fr\/609920\/","title":{"rendered":"Colmar. 28e course d\u2019orientation de la Saint-\u00c9tienne : attention \u00e0 la marche\u00a0!"},"content":{"rendered":"<p>Le Club d\u2019orientation de Colmar (COC) organisera sa traditionnelle animation d\u2019orientation de nuit sur le th\u00e8me \u00ab\u00a0Attention \u00e0 la marche\u00a0\u00bb <strong>vendredi 26\u00a0d\u00e9cembre<\/strong> de 16\u00a0h \u00e0 18\u00a0h\u00a030 dans le centre-ville de Colmar.<\/p>\n<p>Le trac\u00e9 propos\u00e9 permettra de d\u00e9couvrir, \u00e0 l\u2019aide d\u2019une carte, 25 escaliers connus ou discrets du centre-ville colmarien. <a href=\"https:\/\/www.dna.fr\/societe\/2024\/12\/26\/course-d-orientation-de-la-saint-etienne-sur-les-paves-la-course\" target=\"_blank\" rel=\"noopener\">Cette animation digestive et ludique<\/a> est ouverte \u00e0 tous\u00a0: enfants et adultes de tous les \u00e2ges, y compris les personnes \u00e0 mobilit\u00e9 r\u00e9duite.<\/p>\n<p>  D\u00e9part en masse \u00e0 17\u00a0h<\/p>\n<p>L\u2019accueil se fera le vendredi 26\u00a0d\u00e9cembre \u00e0 partir de 16\u00a0h, \u00e0 l\u2019Office municipal des sports (OMS) rue des Tisserands \u00e0 Colmar. Les d\u00e9parts individuels seront possibles entre 16\u00a0h\u00a030 et 17\u00a0h\u00a030. \u00c0 17\u00a0h, d\u00e9part en masse rue Turenne de la version plus sportive r\u00e9serv\u00e9e aux orienteurs licenci\u00e9s et pr\u00e9inscrits. Fin de l\u2019animation et enl\u00e8vement des postes de contr\u00f4le \u00e0 18\u00a0h\u00a030.<\/p>\n<p>Les inscriptions se font sur place au co\u00fbt de 5\u00a0\u20ac par carte (un groupe ne peut prendre qu\u2019une seule carte). Pr\u00e9voir une caution pour le pr\u00eat de la puce \u00e9lectronique. Un seul imp\u00e9ratif\u00a0: pr\u00e9voir une lampe de poche pour \u00e9clairer la carte.<\/p>\n","protected":false},"excerpt":{"rendered":"Le Club d\u2019orientation de Colmar (COC) organisera sa traditionnelle animation d\u2019orientation de nuit sur le th\u00e8me \u00ab\u00a0Attention \u00e0&hellip;\n","protected":false},"author":2,"featured_media":609921,"comment_status":"","ping_status":"","sticky":false,"template":"","format":"standard","meta":{"footnotes":""},"categories":[9653],"tags":[1111,11,2430,7782,5065,1687,2413,1777,674,107,1011,27,1757,12,25,4001,14851],"class_list":{"0":"post-609920","1":"post","2":"type-post","3":"status-publish","4":"format-standard","5":"has-post-thumbnail","7":"category-saint-etienne","8":"tag-actu","9":"tag-actualites","10":"tag-auvergne-rhone-alpes","11":"tag-balades-et-randonnees","12":"tag-colmar","13":"tag-culture-loisirs","14":"tag-edition-colmar-guebwiller","15":"tag-eu","16":"tag-europe","17":"tag-fil-info","18":"tag-fr","19":"tag-france","20":"tag-insolite","21":"tag-news","22":"tag-republique-francaise","23":"tag-saint-etienne","24":"tag-secteur-de-colmar"},"share_on_mastodon":{"url":"https:\/\/pubeurope.com\/@fr\/115747333374565385","error":""},"_links":{"self":[{"href":"https:\/\/www.europesays.com\/fr\/wp-json\/wp\/v2\/posts\/609920","targetHints":{"allow":["GET"]}}],"collection":[{"href":"https:\/\/www.europesays.com\/fr\/wp-json\/wp\/v2\/posts"}],"about":[{"href":"https:\/\/www.europesays.com\/fr\/wp-json\/wp\/v2\/types\/post"}],"author":[{"embeddable":true,"href":"https:\/\/www.europesays.com\/fr\/wp-json\/wp\/v2\/users\/2"}],"replies":[{"embeddable":true,"href":"https:\/\/www.europesays.com\/fr\/wp-json\/wp\/v2\/comments?post=609920"}],"version-history":[{"count":0,"href":"https:\/\/www.europesays.com\/fr\/wp-json\/wp\/v2\/posts\/609920\/revisions"}],"wp:featuredmedia":[{"embeddable":true,"href":"https:\/\/www.europesays.com\/fr\/wp-json\/wp\/v2\/media\/609921"}],"wp:attachment":[{"href":"https:\/\/www.europesays.com\/fr\/wp-json\/wp\/v2\/media?parent=609920"}],"wp:term":[{"taxonomy":"category","embeddable":true,"href":"https:\/\/www.europesays.com\/fr\/wp-json\/wp\/v2\/categories?post=609920"},{"taxonomy":"post_tag","embeddable":true,"href":"https:\/\/www.europesays.com\/fr\/wp-json\/wp\/v2\/tags?post=609920"}],"curies":[{"name":"wp","href":"https:\/\/api.w.org\/{rel}","templated":true}]}}