{"id":609924,"date":"2025-12-19T17:11:14","date_gmt":"2025-12-19T17:11:14","guid":{"rendered":"https:\/\/www.europesays.com\/fr\/609924\/"},"modified":"2025-12-19T17:11:14","modified_gmt":"2025-12-19T17:11:14","slug":"voici-les-chiffres-pour-chaque-commune","status":"publish","type":"post","link":"https:\/\/www.europesays.com\/fr\/609924\/","title":{"rendered":"voici les chiffres pour chaque commune"},"content":{"rendered":"<p>                    Par<br \/>\n        <strong><br \/>\n            <a href=\"https:\/\/actu.fr\/auteur\/pierre-emile-bouchy-actu-fr\" title=\"Consulter tous les articles de Paul-Emile Bouchy\" target=\"_blank\" rel=\"noopener\">Paul-Emile Bouchy<\/a><br \/>\n                    <\/strong><\/p>\n<p>        Publi\u00e9 le<\/p>\n<p>            19 d\u00e9c. 2025 \u00e0 17h54        <\/p>\n<p>Comme \u00e0 chaque fin d\u2019ann\u00e9e, l\u2019Insee (Institut national de la statistique et des \u00e9tudes \u00e9conomiques) a d\u00e9voil\u00e9 <a href=\"https:\/\/www.insee.fr\/fr\/statistiques\/8681011\" target=\"_blank\" rel=\"noopener\">ses derniers chiffres<\/a>, indiquant notamment que <a href=\"https:\/\/actu.fr\/societe\/carte-la-population-francaise-augmente-decouvrez-combien-d-habitants-compte-votre-commune_63595651.html\" target=\"_blank\" rel=\"noopener\">la population fran\u00e7aise augmente<\/a> au 1er\u00a0janvier 2023.<\/p>\n<p class=\" wall-content\">Si <a href=\"https:\/\/actu.fr\/grand-est\/nancy_54395\/population-est-ce-que-nancy-a-gagne-des-habitants-en-un-an-les-chiffres-insee-viennent-de-tomber_63599405.html\" target=\"_blank\" rel=\"noopener\">la ville de Nancy a vu une baisse de sa population<\/a> par rapport \u00e0 l\u2019ann\u00e9e pr\u00e9c\u00e9dente, qu\u2019en est-il <strong>des autres communes de la m\u00e9tropole du Grand Nancy<\/strong>\u2009? On fait le point.<\/p>\n<p>Plus de 1\u2009000\u00a0habitants en moins dans le Grand Nancy en un an<\/p>\n<p class=\" wall-content\">Voici le nombre d\u2019habitants des communes de la m\u00e9tropole du Grand Nancy au 1er\u00a0janvier 2023.<\/p>\n<ul class=\" wall-content\">\n<li>Nancy\u2009: 103\u2009671\u00a0habitants (-716\u00a0habitants par rapport au 1\u1d49\u02b3 janvier\u00a02022)<\/li>\n<li>Vand\u0153uvre-l\u00e8s-Nancy\u2009: 29\u2009942\u00a0habitants (+ 245)<\/li>\n<li>Laxou\u2009: 14\u2009771\u00a0habitants (-355)<\/li>\n<li>Villers-l\u00e8s-Nancy\u2009: 14\u2009718\u00a0habitants (-220)<\/li>\n<li>Max\u00e9ville\u2009: 10\u2009090\u00a0habitants (+ 76)<\/li>\n<li>Saint-Max\u2009: 9\u2009913\u00a0habitants (-187)<\/li>\n<li>Jarville-la-Malgrange\u2009: 9\u2009356\u00a0habitants (- 6)<\/li>\n<li>Tomblaine\u2009: 9\u2009117\u00a0habitants (+ 77)<\/li>\n<li>Essey-l\u00e8s-Nancy\u2009: 8\u2009670\u00a0habitants (- 63)<\/li>\n<li>Malz\u00e9ville\u2009: 7\u2009820\u00a0habitants (+ 2)<\/li>\n<li>Laneuveville-devant-Nancy\u2009: 6\u2009630\u00a0habitants (+ 35)<\/li>\n<li>Ludres\u2009: 5\u2009843\u00a0habitants (- 56)<\/li>\n<li>Heillecourt\u2009: 5\u2009414\u00a0habitants (+ 18)<\/li>\n<li>Seichamps\u2009: 5\u2009165\u00a0habitants (+ 10)<\/li>\n<li>Pulnoy\u2009: 5\u2009099\u00a0habitants (- 24)<\/li>\n<li>Saulxures-l\u00e8s-Nancy\u2009: 4\u2009344\u00a0habitants (+ 38)<\/li>\n<li>Fl\u00e9ville-devant-Nancy\u2009: 2\u2009171\u00a0habitants (- 16)<\/li>\n<li>Houdemont\u2009: 2\u2009066\u00a0habitants (- 3)<\/li>\n<li>Art-sur-Meurthe\u2009: 1\u2009700\u00a0habitants (+ 4)<\/li>\n<li>Dommartemont\u2009: 566\u00a0habitants (- 1)<\/li>\n<\/ul>\n<p class=\" wall-content\">Au total, la m\u00e9tropole du Grand Nancy a perdu <strong>1\u2009142 citoyens en un an<\/strong> pour atteindre <strong>257\u2009066\u00a0habitants<\/strong>.<\/p>\n<p class=\" wall-content\">Personnalisez votre actualit\u00e9 en ajoutant vos villes et m\u00e9dias en favori avec <a href=\"https:\/\/moncompte.actu.fr\" title=\"D\u00e9couvez Mon Actu\" rel=\"nofollow noopener\" data-trk=\"{&quot;cta&quot;:{&quot;action&quot;:&quot;https:\\\/\\\/moncompte.actu.fr&quot;,&quot;category&quot;:&quot;mon compte&quot;,&quot;from&quot;:&quot;article footer&quot;,&quot;name&quot;:&quot;Mon actu&quot;,&quot;type&quot;:&quot;cta&quot;}}\" target=\"_blank\">Mon Actu<\/a>.<\/p>\n","protected":false},"excerpt":{"rendered":"Par Paul-Emile Bouchy Publi\u00e9 le 19 d\u00e9c. 2025 \u00e0 17h54 Comme \u00e0 chaque fin d\u2019ann\u00e9e, l\u2019Insee (Institut national&hellip;\n","protected":false},"author":2,"featured_media":609925,"comment_status":"","ping_status":"","sticky":false,"template":"","format":"standard","meta":{"footnotes":""},"categories":[9635],"tags":[1111,11,6969,1777,674,1011,27,775,1702,12,25,104],"class_list":{"0":"post-609924","1":"post","2":"type-post","3":"status-publish","4":"format-standard","5":"has-post-thumbnail","7":"category-nancy","8":"tag-actu","9":"tag-actualites","10":"tag-demographie","11":"tag-eu","12":"tag-europe","13":"tag-fr","14":"tag-france","15":"tag-grand-est","16":"tag-nancy","17":"tag-news","18":"tag-republique-francaise","19":"tag-societe"},"share_on_mastodon":{"url":"https:\/\/pubeurope.com\/@fr\/115747349252902648","error":""},"_links":{"self":[{"href":"https:\/\/www.europesays.com\/fr\/wp-json\/wp\/v2\/posts\/609924","targetHints":{"allow":["GET"]}}],"collection":[{"href":"https:\/\/www.europesays.com\/fr\/wp-json\/wp\/v2\/posts"}],"about":[{"href":"https:\/\/www.europesays.com\/fr\/wp-json\/wp\/v2\/types\/post"}],"author":[{"embeddable":true,"href":"https:\/\/www.europesays.com\/fr\/wp-json\/wp\/v2\/users\/2"}],"replies":[{"embeddable":true,"href":"https:\/\/www.europesays.com\/fr\/wp-json\/wp\/v2\/comments?post=609924"}],"version-history":[{"count":0,"href":"https:\/\/www.europesays.com\/fr\/wp-json\/wp\/v2\/posts\/609924\/revisions"}],"wp:featuredmedia":[{"embeddable":true,"href":"https:\/\/www.europesays.com\/fr\/wp-json\/wp\/v2\/media\/609925"}],"wp:attachment":[{"href":"https:\/\/www.europesays.com\/fr\/wp-json\/wp\/v2\/media?parent=609924"}],"wp:term":[{"taxonomy":"category","embeddable":true,"href":"https:\/\/www.europesays.com\/fr\/wp-json\/wp\/v2\/categories?post=609924"},{"taxonomy":"post_tag","embeddable":true,"href":"https:\/\/www.europesays.com\/fr\/wp-json\/wp\/v2\/tags?post=609924"}],"curies":[{"name":"wp","href":"https:\/\/api.w.org\/{rel}","templated":true}]}}