{"id":609929,"date":"2025-12-19T17:15:40","date_gmt":"2025-12-19T17:15:40","guid":{"rendered":"https:\/\/www.europesays.com\/fr\/609929\/"},"modified":"2025-12-19T17:15:40","modified_gmt":"2025-12-19T17:15:40","slug":"pourquoi-lofb-et-les-gendarmes-ont-ils-realise-des-controles-au-nord-de-montpellier","status":"publish","type":"post","link":"https:\/\/www.europesays.com\/fr\/609929\/","title":{"rendered":"pourquoi l&rsquo;OFB et les gendarmes ont-ils r\u00e9alis\u00e9 des contr\u00f4les au nord de Montpellier\u00a0?"},"content":{"rendered":"<p>                    Par<br \/>\n        <strong><br \/>\n            <a href=\"https:\/\/actu.fr\/auteur\/jm-aubert\" title=\"Consulter tous les articles de Jean-Marc Aubert\" target=\"_blank\" rel=\"noopener\">Jean-Marc Aubert<\/a><br \/>\n                    <\/strong><\/p>\n<p>        Publi\u00e9 le<\/p>\n<p>            19 d\u00e9c. 2025 \u00e0 16h53        <\/p>\n<p>Comme chaque anne\u0301e, l\u2019<strong>Office Franc\u0327ais de la biodiversite\u0301<\/strong>\u00a0-OFB- est amene\u0301 a contro\u0302ler la re\u0301glementation qui s\u2019impose aux diffe\u0301rents usagers de la nature. Ce dimanche 14 de\u0301cembre 2025, une ope\u0301ration regroupant les services de l\u2019OFB et la<strong> gendarmerie nationale<\/strong> a eu lieu dans le de\u0301partement de l\u2019<strong>He\u0301rault<\/strong>. Objectif : ve\u0301rifier le respect des re\u0300gles de se\u0301curite\u0301 et de la <a href=\"https:\/\/actu.fr\/faits-divers\/herault-un-chasseur-blesse-par-une-volee-de-plomb-dans-les-fesses_63541230.html\" target=\"_blank\" rel=\"noopener\">re\u0301glementation lie\u0301s a\u0300 l\u2019exercice de la chasse<\/a>, ainsi que la se\u0301curite\u0301 routie\u0300re des usagers.<\/p>\n<p class=\" wall-content\">\u00c0 partir de la mi-journe\u0301e, ce dimanche, les automobilistes he\u0301raultais ont pu constater la pre\u0301sence de plusieurs dispositifs de contro\u0302les routiers sur des axes autour du Pic Saint-Loup, au nord de Montpellier. Entre les communes de <strong>Sainte-Croix-de-Quintillargues<\/strong> et de <strong>Viols-le-Fort,<\/strong> les inspecteurs de l\u2019environnement de\u00a0l\u2019OFB et les militaires de la gendarmerie e\u0301taient en effet pre\u0301sents pour contro\u0302ler et rappeler les re\u0300gles de se\u0301curite\u0301 lie\u0301es a\u0300 l\u2019<strong>activite\u0301 de la chasse<\/strong> dans le de\u0301partement. Il a e\u0301te\u0301 ainsi principalement ve\u0301rifie\u0301 aupre\u0300s des personnes contro\u0302le\u0301es que celles-ci transportaient leurs armes de chasse de manie\u0300re se\u0301curise\u0301e, non charge\u0301es, range\u0301es dans un fourreau ferme\u0301 ou de\u0301monte\u0301es de manie\u0300re a\u0300 ce que l\u2019arme soit inope\u0301rante.<\/p>\n<p>Bilan de l\u2019ope\u0301ration<\/p>\n<p class=\" wall-content\">Bilan : plus d\u2019une trentaine de chasseurs contro\u0302le\u0301s, aussi bien sur les axes routiers qu\u2019en action de chasse -battue- et aucune infraction lie\u0301e a\u0300 la re\u0301glementation sur l\u2019exercice de la chasse n\u2019a e\u0301te\u0301 releve\u0301e. Il est aussi a\u0300 noter qu\u2019aucune personne contro\u0302le\u0301e ne s\u2019est retrouve\u0301e en situation d\u2019infraction par rapport a\u0300 un taux d\u2019alcoole\u0301mie interdit pour prendre le volant. En revanche, plusieurs infractions au code de la route ont e\u0301te\u0301 retenues par la gendarmerie, notamment pour de\u0301fauts d\u2019assurance et de contro\u0302les techniques des ve\u0301hicules.<\/p>\n<p class=\" wall-content\">En paralle\u0300le de l\u2019ope\u0301ration, un motard circulant sur une piste DFCI -De\u0301fense de la Fore\u0302t Contre les Incendies- a e\u0301te\u0301 appre\u0301hende\u0301 par les services de gendarmerie et verbalise\u0301 pour circulation sur une voie interdite aux ve\u0301hicules terrestres a\u0300 moteur, pour de\u0301faut d\u2019assurance sur son ve\u0301hicule, ainsi que pour de\u0301tention de stupe\u0301fiants.<\/p>\n<p>Plusieurs accidents de chasse\u00a0<\/p>\n<p class=\" wall-content\">\u00ab\u00a0Cette ope\u0301ration nationale pour les services de l\u2019OFB s\u2019inscrit par ailleurs dans un contexte ou\u0300 <a href=\"https:\/\/actu.fr\/occitanie\/sete_34301\/herault-a-sete-un-chasseur-grievement-blesse-par-un-autre-chasseur-l-hypothese-d-un-accident_63509121.html\" target=\"_blank\" rel=\"noopener\">plusieurs accidents de chasse ont e\u0301te\u0301 recense\u0301s ces dernie\u0300res semaines dans le de\u0301partement<\/a>, rappelant l\u2019importance d\u2019une vigilance constante de tous les acteurs. Les chasseurs et accompagnants sont invite\u0301s a\u0300 consulter le nouveau Sche\u0301ma de\u0301partemental de gestion cyne\u0301ge\u0301tique -SDGC-, disponible sur le site de la Fe\u0301de\u0301ration de\u0301partementale des chasseurs, qui reprend les mesures re\u0301glementaires de se\u0301curite\u0301.\u00a0Les services de l\u2019E\u0301tat tiennent a\u0300 remercier les chasseurs pour leur collaboration et leur engagement en faveur d\u2019une pratique responsable et se\u0301curise\u0301e\u00a0\u00bb, indique l\u2019OFB de l\u2019H\u00e9rault, ce mercredi 17 d\u00e9cembre 2025.<\/p>\n<p>Vid\u00e9os : en ce moment sur Actu<br \/>\n    <img   decoding=\"async\" loading=\"lazy\" src=\"https:\/\/www.europesays.com\/fr\/wp-content\/uploads\/2025\/12\/1-960x640.jpeg\" alt=\"Un promeneur \u00e0 v\u00e9lo contr\u00f4l\u00e9 par des gendarmes pr\u00e8s du Pic Saint-Loup\" width=\"960\" height=\"640\"\/><br \/>\n    Un adepte de motocross contr\u00f4l\u00e9 par des gendarmes pr\u00e8s du Pic Saint-Loup (\u00a9OFB 34)Quelles missions de l\u2019OFB ?<\/p>\n<p class=\" wall-content\">E\u0301tablissement public de l\u2019E\u0301tat cre\u0301e\u0301 le 1er janvier 2020, l\u2019Office franc\u0327ais de la biodiversite\u0301 est place\u0301 sous la tutelle des ministres charge\u0301s de l\u2019environnement et de l\u2019agriculture. Il a pour missions la surveillance, la pre\u0301servation, la gestion et la restauration de la biodiversite\u0301 terrestre, aquatique et marine, ainsi que la gestion e\u0301quilibre\u0301e et durable de l\u2019eau, dans l\u2019Hexagone et les Outre-mer. Il est charge\u0301 de de\u0301velopper la connaissance scientifique et technique des espe\u0300ces, des milieux et de leurs usages, de surveiller et de contro\u0302ler les atteintes a\u0300 l\u2019environnement, de ge\u0301rer des espaces prote\u0301ge\u0301s, d\u2019appuyer la mise en \u0153uvre des politiques publiques, et de mobiliser l\u2019ensemble de la socie\u0301te\u0301, acteurs socio-e\u0301conomiques comme citoyens.<\/p>\n<p class=\" wall-content\">Personnalisez votre actualit\u00e9 en ajoutant vos villes et m\u00e9dias en favori avec <a href=\"https:\/\/moncompte.actu.fr\" title=\"D\u00e9couvez Mon Actu\" rel=\"nofollow noopener\" data-trk=\"{&quot;cta&quot;:{&quot;action&quot;:&quot;https:\\\/\\\/moncompte.actu.fr&quot;,&quot;category&quot;:&quot;mon compte&quot;,&quot;from&quot;:&quot;article footer&quot;,&quot;name&quot;:&quot;Mon actu&quot;,&quot;type&quot;:&quot;cta&quot;}}\" target=\"_blank\">Mon Actu<\/a>.<\/p>\n","protected":false},"excerpt":{"rendered":"Par Jean-Marc Aubert Publi\u00e9 le 19 d\u00e9c. 2025 \u00e0 16h53 Comme chaque anne\u0301e, l\u2019Office Franc\u0327ais de la biodiversite\u0301\u00a0-OFB-&hellip;\n","protected":false},"author":2,"featured_media":609930,"comment_status":"","ping_status":"","sticky":false,"template":"","format":"standard","meta":{"footnotes":""},"categories":[9599],"tags":[1111,11,4183,1777,674,1011,27,3381,2208,12,2680,7553,25,104],"class_list":{"0":"post-609929","1":"post","2":"type-post","3":"status-publish","4":"format-standard","5":"has-post-thumbnail","7":"category-montpellier","8":"tag-actu","9":"tag-actualites","10":"tag-chasse","11":"tag-eu","12":"tag-europe","13":"tag-fr","14":"tag-france","15":"tag-gendarmerie","16":"tag-montpellier","17":"tag-news","18":"tag-occitanie","19":"tag-randonnee","20":"tag-republique-francaise","21":"tag-societe"},"share_on_mastodon":{"url":"https:\/\/pubeurope.com\/@fr\/115747365599990230","error":""},"_links":{"self":[{"href":"https:\/\/www.europesays.com\/fr\/wp-json\/wp\/v2\/posts\/609929","targetHints":{"allow":["GET"]}}],"collection":[{"href":"https:\/\/www.europesays.com\/fr\/wp-json\/wp\/v2\/posts"}],"about":[{"href":"https:\/\/www.europesays.com\/fr\/wp-json\/wp\/v2\/types\/post"}],"author":[{"embeddable":true,"href":"https:\/\/www.europesays.com\/fr\/wp-json\/wp\/v2\/users\/2"}],"replies":[{"embeddable":true,"href":"https:\/\/www.europesays.com\/fr\/wp-json\/wp\/v2\/comments?post=609929"}],"version-history":[{"count":0,"href":"https:\/\/www.europesays.com\/fr\/wp-json\/wp\/v2\/posts\/609929\/revisions"}],"wp:featuredmedia":[{"embeddable":true,"href":"https:\/\/www.europesays.com\/fr\/wp-json\/wp\/v2\/media\/609930"}],"wp:attachment":[{"href":"https:\/\/www.europesays.com\/fr\/wp-json\/wp\/v2\/media?parent=609929"}],"wp:term":[{"taxonomy":"category","embeddable":true,"href":"https:\/\/www.europesays.com\/fr\/wp-json\/wp\/v2\/categories?post=609929"},{"taxonomy":"post_tag","embeddable":true,"href":"https:\/\/www.europesays.com\/fr\/wp-json\/wp\/v2\/tags?post=609929"}],"curies":[{"name":"wp","href":"https:\/\/api.w.org\/{rel}","templated":true}]}}