{"id":609933,"date":"2025-12-19T17:18:11","date_gmt":"2025-12-19T17:18:11","guid":{"rendered":"https:\/\/www.europesays.com\/fr\/609933\/"},"modified":"2025-12-19T17:18:11","modified_gmt":"2025-12-19T17:18:11","slug":"un-homme-dans-un-etat-critique-apres-un-accident-sur-la-zone-industrielle-de-grand-quevilly","status":"publish","type":"post","link":"https:\/\/www.europesays.com\/fr\/609933\/","title":{"rendered":"Un homme dans un \u00e9tat critique apr\u00e8s un accident sur la zone industrielle de Grand-Quevilly"},"content":{"rendered":"<p>                    Par<br \/>\n        <strong><br \/>\n            <a href=\"https:\/\/actu.fr\/auteur\/julien-bouteiller\" title=\"Consulter tous les articles de Julien Bouteiller\" target=\"_blank\" rel=\"noopener\">Julien Bouteiller<\/a><br \/>\n                    <\/strong><\/p>\n<p>        Publi\u00e9 le<\/p>\n<p>            19 d\u00e9c. 2025 \u00e0 15h54        <\/p>\n<p><strong>Terrible accident sur un site industriel<\/strong> de l\u2019agglo de <a href=\"https:\/\/actu.fr\/normandie\/rouen_76540\" target=\"_blank\" rel=\"noopener\">Rouen<\/a>. Ce vendredi 19 d\u00e9cembre 2025, un homme a \u00e9t\u00e9<strong> gri\u00e8vement bless\u00e9<\/strong> dans un accident survenu sur un bateau amarr\u00e9 non loin <a href=\"https:\/\/actu.fr\/normandie\/le-grand-quevilly_76322\/debut-d-incendie-dans-une-usine-seveso-seuil-haut-pres-de-rouen-le-systeme-d-alerte-declenche_62090089.html\" target=\"_blank\" rel=\"noopener\">du site de <\/a><a href=\"https:\/\/actu.fr\/normandie\/le-grand-quevilly_76322\/debut-d-incendie-dans-une-usine-seveso-seuil-haut-pres-de-rouen-le-systeme-d-alerte-declenche_62090089.html\" target=\"_blank\" rel=\"noopener\">Lat Nitrogen<\/a> (ex-Borealis), au Grand-Quevilly, apprend-on d\u2019un communiqu\u00e9 de l\u2019entreprise, confirmant les informations de <a href=\"https:\/\/france3-regions.franceinfo.fr\/normandie\/seine-maritime\/un-homme-gravement-brule-a-l-ammoniac-sur-le-site-lat-nitrogen-du-grand-quevilly-son-pronostic-vital-engage-3269573.html\" target=\"_blank\" rel=\"noopener\">France 3 Normandie<\/a>. La victime se trouve dans un \u00e9tat critique, entre la vie et la mort.<\/p>\n<p>Un marin entre la vie et la mort<\/p>\n<p class=\" wall-content\">Selon le communiqu\u00e9 de Lat Nitrogen, l\u2019accident est survenu \u00e0 6 heures, sur un navire situ\u00e9 sur la zone industrielle, \u00ab\u00a0lors d\u2019une op\u00e9ration de d\u00e9potage d\u2019ammoniac\u00a0\u00bb sur ce site class\u00e9 <strong>Seveso seuil haut.\u00a0<\/strong><\/p>\n<p class=\" wall-content\">\u00ab Au cours de cette op\u00e9ration, un marin du navire a \u00e9t\u00e9 <strong>expos\u00e9 \u00e0 de l\u2019ammoniac<\/strong> \u00bb, semble-t-il apr\u00e8s une explosion.\u00a0<\/p>\n<p class=\" wall-content\">Les \u00e9quipes de secours de l\u2019entreprise, puis les sapeurs-pompiers et le Smur ont pris en charge la victime. Le marin \u00e9tait dans un \u00e9tat tr\u00e8s grave, <strong>son pronostic vital \u00e9tait engag\u00e9<\/strong>. Il a \u00e9t\u00e9 transport\u00e9 au CHU de Rouen puis transf\u00e9r\u00e9 \u00e0 un h\u00f4pital parisien sp\u00e9cialis\u00e9 pour les grands br\u00fbl\u00e9s.<\/p>\n<p class=\" wall-content\">On ignore pour l\u2019heure les circonstances exactes de l\u2019accident et l\u2019\u00e9volution de l\u2019\u00e9tat de sant\u00e9 du marin. \u00ab Nos pens\u00e9es vont en priorit\u00e9 vers lui, sa famille et ses proches. Bien que cet \u00e9v\u00e9nement soit ext\u00e9rieur \u00e0 nos installations, nous apportons notre pleine coop\u00e9ration aux autorit\u00e9s comp\u00e9tentes et aux parties concern\u00e9es dans l\u2019analyse approfondie des circonstances de l\u2019accident, afin d\u2019en d\u00e9terminer pr\u00e9cis\u00e9ment les causes \u00bb, conclut Lat Nitrogen.<\/p>\n<p>Vid\u00e9os : en ce moment sur Actu<br \/>\n    <a href=\"https:\/\/www.google.com\/maps\/embed?pb=!1m18!1m12!1m3!1d20613.36376004096!2d1.0184580137588986!3d49.42490994064997!2m3!1f0!2f0!3f0!3m2!1i1024!2i768!4f13.1!3m3!1m2!1s0x47e0e0e902ac4acb%3A0xafbd5bb9cdfbb12a!2sLAT%20Nitrogen%20France%20S.A.S%20Grand%20Quevilly!5e1!3m2!1sfr!2sfr!4v1766153912771!5m2!1sfr!2sfr\" title=\"Ouvrie le lien\" target=\"_blank\" rel=\"noopener\">Cliquez ici pour visualiser le contenu<\/a><\/p>\n<p>Suivez l\u2019actualit\u00e9 de Rouen <a href=\"https:\/\/www.whatsapp.com\/channel\/0029VaKfnf99hXF2ddApFB1D\" target=\"_blank\" rel=\"noopener\">sur notre cha\u00eene WhatsApp<\/a> et <a href=\"https:\/\/www.tiktok.com\/@76actu.fr?lang=fr\" target=\"_blank\" rel=\"noopener\">sur notre compte TikTok<\/a><\/p>\n<p class=\" wall-content\">Personnalisez votre actualit\u00e9 en ajoutant vos villes et m\u00e9dias en favori avec <a href=\"https:\/\/moncompte.actu.fr\" title=\"D\u00e9couvez Mon Actu\" rel=\"nofollow noopener\" data-trk=\"{&quot;cta&quot;:{&quot;action&quot;:&quot;https:\\\/\\\/moncompte.actu.fr&quot;,&quot;category&quot;:&quot;mon compte&quot;,&quot;from&quot;:&quot;article footer&quot;,&quot;name&quot;:&quot;Mon actu&quot;,&quot;type&quot;:&quot;cta&quot;}}\" target=\"_blank\">Mon Actu<\/a>.<\/p>\n<p>                    <script async src=\"\/\/www.tiktok.com\/embed.js\"><\/script><\/p>\n","protected":false},"excerpt":{"rendered":"Par Julien Bouteiller Publi\u00e9 le 19 d\u00e9c. 2025 \u00e0 15h54 Terrible accident sur un site industriel de l\u2019agglo&hellip;\n","protected":false},"author":2,"featured_media":609934,"comment_status":"","ping_status":"","sticky":false,"template":"","format":"standard","meta":{"footnotes":""},"categories":[9587],"tags":[119,1111,11,1777,674,118,1011,27,693,12,5161,1311,25,9590],"class_list":{"0":"post-609933","1":"post","2":"type-post","3":"status-publish","4":"format-standard","5":"has-post-thumbnail","7":"category-rouen","8":"tag-accident","9":"tag-actu","10":"tag-actualites","11":"tag-eu","12":"tag-europe","13":"tag-faits-divers","14":"tag-fr","15":"tag-france","16":"tag-industrie","17":"tag-news","18":"tag-normandie","19":"tag-pompiers","20":"tag-republique-francaise","21":"tag-rouen"},"share_on_mastodon":{"url":"https:\/\/pubeurope.com\/@fr\/115747376674447628","error":""},"_links":{"self":[{"href":"https:\/\/www.europesays.com\/fr\/wp-json\/wp\/v2\/posts\/609933","targetHints":{"allow":["GET"]}}],"collection":[{"href":"https:\/\/www.europesays.com\/fr\/wp-json\/wp\/v2\/posts"}],"about":[{"href":"https:\/\/www.europesays.com\/fr\/wp-json\/wp\/v2\/types\/post"}],"author":[{"embeddable":true,"href":"https:\/\/www.europesays.com\/fr\/wp-json\/wp\/v2\/users\/2"}],"replies":[{"embeddable":true,"href":"https:\/\/www.europesays.com\/fr\/wp-json\/wp\/v2\/comments?post=609933"}],"version-history":[{"count":0,"href":"https:\/\/www.europesays.com\/fr\/wp-json\/wp\/v2\/posts\/609933\/revisions"}],"wp:featuredmedia":[{"embeddable":true,"href":"https:\/\/www.europesays.com\/fr\/wp-json\/wp\/v2\/media\/609934"}],"wp:attachment":[{"href":"https:\/\/www.europesays.com\/fr\/wp-json\/wp\/v2\/media?parent=609933"}],"wp:term":[{"taxonomy":"category","embeddable":true,"href":"https:\/\/www.europesays.com\/fr\/wp-json\/wp\/v2\/categories?post=609933"},{"taxonomy":"post_tag","embeddable":true,"href":"https:\/\/www.europesays.com\/fr\/wp-json\/wp\/v2\/tags?post=609933"}],"curies":[{"name":"wp","href":"https:\/\/api.w.org\/{rel}","templated":true}]}}