{"id":609935,"date":"2025-12-19T17:19:22","date_gmt":"2025-12-19T17:19:22","guid":{"rendered":"https:\/\/www.europesays.com\/fr\/609935\/"},"modified":"2025-12-19T17:19:22","modified_gmt":"2025-12-19T17:19:22","slug":"pres-de-rouen-ce-village-investit-pour-renforcer-sa-securite","status":"publish","type":"post","link":"https:\/\/www.europesays.com\/fr\/609935\/","title":{"rendered":"pr\u00e8s de Rouen, ce village investit pour renforcer sa s\u00e9curit\u00e9"},"content":{"rendered":"<p>                    Par<br \/>\n        <strong><br \/>\n            <a href=\"https:\/\/actu.fr\/auteur\/emilien-jacques\" title=\"Consulter tous les articles de Emilien Jacques\" target=\"_blank\" rel=\"noopener\">Emilien Jacques<\/a><br \/>\n                    <\/strong><\/p>\n<p>        Publi\u00e9 le<\/p>\n<p>            19 d\u00e9c. 2025 \u00e0 15h50        <\/p>\n<p>Avec son millier d\u2019habitants et son positionnement en bords de Seine, la commune de <a href=\"https:\/\/actu.fr\/normandie\/freneuse_76282\" target=\"_blank\" rel=\"noopener\">Freneuse (Seine-Maritime)<\/a> a tout d\u2019un petit <b>village tranquille<\/b>, alors elle tient \u00e0 le rester. C\u2019est pour cette raison qu\u2019elle a d\u00e9cid\u00e9 d\u2019investir pour <b>renforcer sa s\u00e9curit\u00e9<\/b> tout en \u00e9vacuant le sentiment d\u2019<b>ins\u00e9curit\u00e9<\/b> n\u00e9 chez certains habitants durant l\u2019ann\u00e9e 2025.<\/p>\n<p>Une inqui\u00e9tude naissante<\/p>\n<p class=\" wall-content\">C\u2019est \u00e0 la suite de plusieurs <b>cambriolages <\/b>survenus au d\u00e9but de l\u2019ann\u00e9e sur la commune que l\u2019id\u00e9e a commenc\u00e9 \u00e0 m\u00fbrir chez le maire, Pascal Baron. Il affirme avoir per\u00e7u chez les habitants une certaine inqui\u00e9tude, qui s\u2019est peu \u00e0 peu transform\u00e9e en une <b>r\u00e9elle demande<\/b>.<\/p>\n<blockquote class=\"ac-article-quote wall-content\">\n<p>Il y a eu quelques cambriolages et les gens ont commenc\u00e9 \u00e0 se poser des questions. Ils se sont dit que des cam\u00e9ras seraient bien pour \u00e9viter que \u00e7a se d\u00e9veloppe.<\/p>\n<p>Pascal Baron, maire de Freneuse<\/p><\/blockquote>\n<p class=\" wall-content\">Alors l\u2019\u00e9lu entreprend les d\u00e9marches aupr\u00e8s de la <b>police nationale<\/b>, qui envoie un r\u00e9f\u00e9rent en mati\u00e8re de vid\u00e9oprotection le 23\u00a0juin dernier pour \u00e9valuer les besoins de la commune.<\/p>\n<p class=\" wall-content\">\u00ab\u2009C\u2019est la police qui a conseill\u00e9 les endroits strat\u00e9giques\u2009\u00bb, pr\u00e9cise Pascal Baron. Elle a \u00e9galement pr\u00e9conis\u00e9 l\u2019installation de <b>neuf cam\u00e9ras<\/b>.<\/p>\n<p>Un large territoire couvert<\/p>\n<p class=\" wall-content\">Des <b>b\u00e2timents publics<\/b> comme l\u2019\u00e9cole, la salle des f\u00eates ou la future halle sont concern\u00e9s par ces nouveaux \u00e9quipements. Tout comme l\u2019entr\u00e9e de l\u2019\u00eele du Chevalier, certaines entr\u00e9es et sorties du village et un site r\u00e9guli\u00e8rement vis\u00e9 par des <b>d\u00e9p\u00f4ts sauvages<\/b>.<\/p>\n<p class=\" wall-content\">\u00ab\u2009C\u2019est un <b>premier investissement<\/b> qui permet de quadriller toute la commune, commente le premier \u00e9lu. Puis on verra plus tard s\u2019il y a des besoins \u00e0 d\u2019autres endroits.\u2009\u00bb Un premier investissement qui, apr\u00e8s d\u00e9duction des subventions du D\u00e9partement et de la M\u00e9tropole, s\u2019\u00e9l\u00e8vera \u00e0 environ <b>20\u2009000\u00a0euros<\/b> pour la municipalit\u00e9.<\/p>\n<p>Votre r\u00e9gion, votre actu !<\/p>\n<p>Recevez chaque jour les infos qui comptent pour vous.<\/p>\n<p>\t<a href=\"https:\/\/actu.fr\/newsletter\" class=\"ac-btn ac-btn--corner ac-btn--medium ac-btn--blue800\" target=\"_blank\" rel=\"noopener\">S&rsquo;incrire<\/a><br \/>\nUne satisfaction g\u00e9n\u00e9rale<\/p>\n<p class=\" wall-content\">Si Pascal Baron estime ce nouvel \u00e9quipement \u00ab\u2009<b>dissuasif <\/b>mais pas miraculeux\u2009\u00bb, il se satisfait n\u00e9anmoins que ce projet sur lequel il travaille depuis un an aboutisse. Le maire se dit \u00e9galement \u00ab\u2009content que les gens soient <b>rassur\u00e9s <\/b>par rapport au fait qu\u2019on apporte quelque chose qui va am\u00e9liorer le caract\u00e8re <b>paisible <\/b>qu\u2019a Freneuse\u2009\u00bb. Il annonce le d\u00e9but de l\u2019installation de ces neuf cam\u00e9ras vers la fin du mois de <b>f\u00e9vrier\u00a02026<\/b>.<\/p>\n<p class=\" wall-content\">Personnalisez votre actualit\u00e9 en ajoutant vos villes et m\u00e9dias en favori avec <a href=\"https:\/\/moncompte.actu.fr\" title=\"D\u00e9couvez Mon Actu\" rel=\"nofollow noopener\" data-trk=\"{&quot;cta&quot;:{&quot;action&quot;:&quot;https:\\\/\\\/moncompte.actu.fr&quot;,&quot;category&quot;:&quot;mon compte&quot;,&quot;from&quot;:&quot;article footer&quot;,&quot;name&quot;:&quot;Mon actu&quot;,&quot;type&quot;:&quot;cta&quot;}}\" target=\"_blank\">Mon Actu<\/a>.<\/p>\n","protected":false},"excerpt":{"rendered":"Par Emilien Jacques Publi\u00e9 le 19 d\u00e9c. 2025 \u00e0 15h50 Avec son millier d\u2019habitants et son positionnement en&hellip;\n","protected":false},"author":2,"featured_media":609936,"comment_status":"","ping_status":"","sticky":false,"template":"","format":"standard","meta":{"footnotes":""},"categories":[9587],"tags":[1111,11,1174,1777,674,1011,27,2825,12,5161,1072,25,9590,104],"class_list":{"0":"post-609935","1":"post","2":"type-post","3":"status-publish","4":"format-standard","5":"has-post-thumbnail","7":"category-rouen","8":"tag-actu","9":"tag-actualites","10":"tag-cambriolage","11":"tag-eu","12":"tag-europe","13":"tag-fr","14":"tag-france","15":"tag-insecurite","16":"tag-news","17":"tag-normandie","18":"tag-police","19":"tag-republique-francaise","20":"tag-rouen","21":"tag-societe"},"share_on_mastodon":{"url":"https:\/\/pubeurope.com\/@fr\/115747380587044264","error":""},"_links":{"self":[{"href":"https:\/\/www.europesays.com\/fr\/wp-json\/wp\/v2\/posts\/609935","targetHints":{"allow":["GET"]}}],"collection":[{"href":"https:\/\/www.europesays.com\/fr\/wp-json\/wp\/v2\/posts"}],"about":[{"href":"https:\/\/www.europesays.com\/fr\/wp-json\/wp\/v2\/types\/post"}],"author":[{"embeddable":true,"href":"https:\/\/www.europesays.com\/fr\/wp-json\/wp\/v2\/users\/2"}],"replies":[{"embeddable":true,"href":"https:\/\/www.europesays.com\/fr\/wp-json\/wp\/v2\/comments?post=609935"}],"version-history":[{"count":0,"href":"https:\/\/www.europesays.com\/fr\/wp-json\/wp\/v2\/posts\/609935\/revisions"}],"wp:featuredmedia":[{"embeddable":true,"href":"https:\/\/www.europesays.com\/fr\/wp-json\/wp\/v2\/media\/609936"}],"wp:attachment":[{"href":"https:\/\/www.europesays.com\/fr\/wp-json\/wp\/v2\/media?parent=609935"}],"wp:term":[{"taxonomy":"category","embeddable":true,"href":"https:\/\/www.europesays.com\/fr\/wp-json\/wp\/v2\/categories?post=609935"},{"taxonomy":"post_tag","embeddable":true,"href":"https:\/\/www.europesays.com\/fr\/wp-json\/wp\/v2\/tags?post=609935"}],"curies":[{"name":"wp","href":"https:\/\/api.w.org\/{rel}","templated":true}]}}