{"id":609937,"date":"2025-12-19T17:20:24","date_gmt":"2025-12-19T17:20:24","guid":{"rendered":"https:\/\/www.europesays.com\/fr\/609937\/"},"modified":"2025-12-19T17:20:24","modified_gmt":"2025-12-19T17:20:24","slug":"grenoble-quatre-adolescents-interpelles-apres-un-vol-a-larrache","status":"publish","type":"post","link":"https:\/\/www.europesays.com\/fr\/609937\/","title":{"rendered":"Grenoble. Quatre adolescents interpell\u00e9s apr\u00e8s un vol \u00e0 l\u2019arrach\u00e9"},"content":{"rendered":"<p>Ce vendredi 19\u00a0d\u00e9cembre, peu apr\u00e8s 15\u00a0h, quatre adolescents auraient commis un vol \u00e0 l\u2019arrach\u00e9 sur le boulevard Clemenceau, \u00e0 Grenoble. Une femme \u00e2g\u00e9e s\u2019est fait d\u00e9rober son sac par des personnes qui ont pris la fuite en courant. Un t\u00e9moin, qui a assist\u00e9 \u00e0 la sc\u00e8ne, a essay\u00e9 de rattraper les malfaiteurs, mais il aurait re\u00e7u des coups de la part de ces derniers.<\/p>\n<p>Un v\u00e9hicule de police \u00e0 bord duquel se trouvaient des agents de la brigade anticriminalit\u00e9 de Grenoble se trouvait non loin de l\u00e0. Les policiers sont donc intervenus et ont proc\u00e9d\u00e9 \u00e0 l\u2019interpellation de quatre adolescents soup\u00e7onn\u00e9s de ce vol, un \u00e9tant \u00e2g\u00e9 de 16 ans et les trois autres de 15 ans. Ils ont \u00e9t\u00e9 plac\u00e9s en garde \u00e0 vue.<\/p>\n","protected":false},"excerpt":{"rendered":"Ce vendredi 19\u00a0d\u00e9cembre, peu apr\u00e8s 15\u00a0h, quatre adolescents auraient commis un vol \u00e0 l\u2019arrach\u00e9 sur le boulevard Clemenceau,&hellip;\n","protected":false},"author":2,"featured_media":609938,"comment_status":"","ping_status":"","sticky":false,"template":"","format":"standard","meta":{"footnotes":""},"categories":[9566],"tags":[1111,11,2430,271,272,112,1777,674,274,1011,27,2731,2732,108,12,25],"class_list":{"0":"post-609937","1":"post","2":"type-post","3":"status-publish","4":"format-standard","5":"has-post-thumbnail","7":"category-grenoble","8":"tag-actu","9":"tag-actualites","10":"tag-auvergne-rhone-alpes","11":"tag-crime","12":"tag-delit-et-contravention","13":"tag-edition-grenoble-agglomeration","14":"tag-eu","15":"tag-europe","16":"tag-faits-divers-justice","17":"tag-fr","18":"tag-france","19":"tag-grenoble","20":"tag-grenoble-bassin","21":"tag-isere","22":"tag-news","23":"tag-republique-francaise"},"share_on_mastodon":{"url":"https:\/\/pubeurope.com\/@fr\/115747384651215485","error":""},"_links":{"self":[{"href":"https:\/\/www.europesays.com\/fr\/wp-json\/wp\/v2\/posts\/609937","targetHints":{"allow":["GET"]}}],"collection":[{"href":"https:\/\/www.europesays.com\/fr\/wp-json\/wp\/v2\/posts"}],"about":[{"href":"https:\/\/www.europesays.com\/fr\/wp-json\/wp\/v2\/types\/post"}],"author":[{"embeddable":true,"href":"https:\/\/www.europesays.com\/fr\/wp-json\/wp\/v2\/users\/2"}],"replies":[{"embeddable":true,"href":"https:\/\/www.europesays.com\/fr\/wp-json\/wp\/v2\/comments?post=609937"}],"version-history":[{"count":0,"href":"https:\/\/www.europesays.com\/fr\/wp-json\/wp\/v2\/posts\/609937\/revisions"}],"wp:featuredmedia":[{"embeddable":true,"href":"https:\/\/www.europesays.com\/fr\/wp-json\/wp\/v2\/media\/609938"}],"wp:attachment":[{"href":"https:\/\/www.europesays.com\/fr\/wp-json\/wp\/v2\/media?parent=609937"}],"wp:term":[{"taxonomy":"category","embeddable":true,"href":"https:\/\/www.europesays.com\/fr\/wp-json\/wp\/v2\/categories?post=609937"},{"taxonomy":"post_tag","embeddable":true,"href":"https:\/\/www.europesays.com\/fr\/wp-json\/wp\/v2\/tags?post=609937"}],"curies":[{"name":"wp","href":"https:\/\/api.w.org\/{rel}","templated":true}]}}