{"id":609943,"date":"2025-12-19T17:23:16","date_gmt":"2025-12-19T17:23:16","guid":{"rendered":"https:\/\/www.europesays.com\/fr\/609943\/"},"modified":"2025-12-19T17:23:16","modified_gmt":"2025-12-19T17:23:16","slug":"le-metro-rennais-circulera-toute-la-nuit-pour-le-reveillon-du-31-decembre","status":"publish","type":"post","link":"https:\/\/www.europesays.com\/fr\/609943\/","title":{"rendered":"Le m\u00e9tro rennais circulera toute la nuit pour le r\u00e9veillon du 31 d\u00e9cembre"},"content":{"rendered":"<p>Comme chaque ann\u00e9e, le r\u00e9seau STAR met en place son op\u00e9ration sp\u00e9ciale \u00ab\u00a0Grande Nuit\u00a0\u00bb pour permettre aux Rennais de c\u00e9l\u00e9brer le Nouvel An en toute libert\u00e9, sans stress et sans voiture. Une initiative tr\u00e8s attendue, qui facilite les d\u00e9placements nocturnes et encourage une f\u00eate plus sereine et responsable.<\/p>\n<p>&#13;<br \/>\nUne nuit du Nouvel An sans contrainte de transport&#13;<\/p>\n<p>Le 31 d\u00e9cembre au soir, Rennes s\u2019animera, les soir\u00e9es s\u2019encha\u00eeneront et les rues se remplieront de f\u00eatards. Pour accompagner ce moment festif, <strong>les deux lignes de m\u00e9tro circuleront toute la nuit. Entre 1h35 et 7h30, la fr\u00e9quence sera renforc\u00e9e avec un passage toutes les six minutes.<\/strong> De quoi rentrer chez soi \u00e0 n\u2019importe quelle heure, que l\u2019on quitte une soir\u00e9e entre amis, un concert, un club ou simplement un r\u00e9veillon prolong\u00e9 en centre-ville. Cette circulation continue du m\u00e9tro est devenue un v\u00e9ritable rendez-vous annuel \u00e0 Rennes, elle permet de fluidifier les d\u00e9placements, d\u2019\u00e9viter les embouteillages et de r\u00e9duire les risques li\u00e9s \u00e0 l\u2019alcool au volant. En clair\u00a0: on profite, on rentre tranquillement, et on commence l\u2019ann\u00e9e du bon pied.<\/p>\n<p>&#13;<br \/>\nDes parcs relais ouverts pour simplifier l\u2019acc\u00e8s au centre-ville&#13;<\/p>\n<p>Pour celles et ceux qui viendront de l\u2019ext\u00e9rieur ou pr\u00e9f\u00e8reront laisser leur voiture en p\u00e9riph\u00e9rie, plusieurs parcs relais resteront ouverts toute la nuit. <strong>Les parkings Saint-Jacques \u2013 Ga\u00eet\u00e9, Cesson-Viasilva, La Poterie et Villejean-Universit\u00e9 accueilleront les v\u00e9hicules jusqu\u2019au petit matin.<\/strong> D\u2019autres parcs relais, comme Les Gayeulles, Les Pr\u00e9ales, Henri Fr\u00e9ville et J.F. Kennedy, resteront accessibles jusqu\u2019\u00e0 2h du matin. Cette organisation permet de combiner facilement voiture et transports en commun, tout en \u00e9vitant de circuler en centre-ville pendant les heures les plus anim\u00e9es de la nuit.<\/p>\n<p>&#13;<br \/>\nUne attention particuli\u00e8re pour l\u2019accessibilit\u00e9&#13;<\/p>\n<p><strong>Le service HANDISTAR sera prolong\u00e9 jusqu\u2019\u00e0 2h du matin, sur r\u00e9servation,<\/strong> afin de permettre aux personnes \u00e0 mobilit\u00e9 r\u00e9duite de profiter elles aussi de la soir\u00e9e dans de bonnes conditions. Un dispositif essentiel pour une f\u00eate inclusive et accessible \u00e0 tous.<\/p>\n<p>&#13;<\/p>\n<p>\u00c0 noter \u00e9galement une astuce souvent m\u00e9connue mais tr\u00e8s utile\u00a0: la descente \u00e0 la demande. \u00c0 partir de 22h, sur l\u2019ensemble des lignes de bus du r\u00e9seau STAR, il est possible de demander \u00e0 descendre entre deux arr\u00eats, afin de se rapprocher au maximum de sa destination et de limiter les trajets \u00e0 pied.<\/p>\n<p>&#13;<\/p>\n<p><a href=\"https:\/\/www.star.fr\/actualites\/nouvel-an\" rel=\"nofollow noopener noreferrer\" target=\"_blank\">Plus d\u2019infos<\/a><\/p>\n","protected":false},"excerpt":{"rendered":"Comme chaque ann\u00e9e, le r\u00e9seau STAR met en place son op\u00e9ration sp\u00e9ciale \u00ab\u00a0Grande Nuit\u00a0\u00bb pour permettre aux Rennais&hellip;\n","protected":false},"author":2,"featured_media":609944,"comment_status":"","ping_status":"","sticky":false,"template":"","format":"standard","meta":{"footnotes":""},"categories":[2821],"tags":[1111,11,829,1777,674,1011,27,12,584,25],"class_list":{"0":"post-609943","1":"post","2":"type-post","3":"status-publish","4":"format-standard","5":"has-post-thumbnail","7":"category-rennes","8":"tag-actu","9":"tag-actualites","10":"tag-bretagne","11":"tag-eu","12":"tag-europe","13":"tag-fr","14":"tag-france","15":"tag-news","16":"tag-rennes","17":"tag-republique-francaise"},"share_on_mastodon":{"url":"https:\/\/pubeurope.com\/@fr\/115747396278379460","error":""},"_links":{"self":[{"href":"https:\/\/www.europesays.com\/fr\/wp-json\/wp\/v2\/posts\/609943","targetHints":{"allow":["GET"]}}],"collection":[{"href":"https:\/\/www.europesays.com\/fr\/wp-json\/wp\/v2\/posts"}],"about":[{"href":"https:\/\/www.europesays.com\/fr\/wp-json\/wp\/v2\/types\/post"}],"author":[{"embeddable":true,"href":"https:\/\/www.europesays.com\/fr\/wp-json\/wp\/v2\/users\/2"}],"replies":[{"embeddable":true,"href":"https:\/\/www.europesays.com\/fr\/wp-json\/wp\/v2\/comments?post=609943"}],"version-history":[{"count":0,"href":"https:\/\/www.europesays.com\/fr\/wp-json\/wp\/v2\/posts\/609943\/revisions"}],"wp:featuredmedia":[{"embeddable":true,"href":"https:\/\/www.europesays.com\/fr\/wp-json\/wp\/v2\/media\/609944"}],"wp:attachment":[{"href":"https:\/\/www.europesays.com\/fr\/wp-json\/wp\/v2\/media?parent=609943"}],"wp:term":[{"taxonomy":"category","embeddable":true,"href":"https:\/\/www.europesays.com\/fr\/wp-json\/wp\/v2\/categories?post=609943"},{"taxonomy":"post_tag","embeddable":true,"href":"https:\/\/www.europesays.com\/fr\/wp-json\/wp\/v2\/tags?post=609943"}],"curies":[{"name":"wp","href":"https:\/\/api.w.org\/{rel}","templated":true}]}}