{"id":60996,"date":"2025-04-29T05:08:15","date_gmt":"2025-04-29T05:08:15","guid":{"rendered":"https:\/\/www.europesays.com\/fr\/60996\/"},"modified":"2025-04-29T05:08:15","modified_gmt":"2025-04-29T05:08:15","slug":"a-rennes-ils-font-condamner-lentree-de-leur-immeuble-pour-deloger-des-dealers","status":"publish","type":"post","link":"https:\/\/www.europesays.com\/fr\/60996\/","title":{"rendered":"\u00c0 Rennes, ils font condamner l\u2019entr\u00e9e de leur immeuble pour d\u00e9loger des dealers"},"content":{"rendered":"<p>La solution est radicale. Il y a quelques jours, les copropri\u00e9taires du 15 au 20 square de Serbie ont fait poser d\u2019\u00e9normes grilles en acier dans leur r\u00e9sidence pour condamner toutes les entr\u00e9es donnant sur le jardin Slov\u00e8ne. La raison ? Depuis mai 2020, un point de deal s\u2019est install\u00e9 dans leur immeuble. Sp\u00e9cialis\u00e9 dans la coca\u00efne, il tourne sept jours sur sept 24 h sur 24. En cinq ans, ce dernier est devenu l\u2019un des plus importants de Bretagne. Depuis, la vie des habitants du quartier est devenue un enfer. Chaque nuit, parfois \u00e0 plusieurs reprises, ils sont r\u00e9veill\u00e9s par les cris des dealers qui pr\u00e9viennent de l\u2019arriv\u00e9e de la police. La journ\u00e9e, les hurlements sont encore plus nombreux. Les cages d\u2019escalier ? Elles servent \u00e0 tour de r\u00f4le \u00e0 accueillir la file interrompue de clients ou de latrines improvis\u00e9es pour les dealers.<\/p>\n<p>Depuis vendredi, apr\u00e8s plus de deux ans de discussion, d\u2019\u00e9normes grilles scell\u00e9es au mur ont \u00e9t\u00e9 pos\u00e9es. Pour \u00e9viter les fragilit\u00e9s, elles ne peuvent pas s\u2019ouvrir. Obligeant les habitants \u00e0 faire un d\u00e9tour, \u00e0 passer par l\u2019arri\u00e8re du b\u00e2timent, pour rentrer chez eux. Par ailleurs, les portes d\u2019acc\u00e8s aux cages d\u2019escalier ont \u00e9galement \u00e9t\u00e9 chang\u00e9es. \u00ab Nous esp\u00e9rons d\u2019abord que les dealers ne rentreront plus dans les cages d\u2019escalier, explique un copropri\u00e9taire. R\u00e9cemment, les dealers ont mis le feu au tableau \u00e9lectrique qui g\u00e8re l\u2019\u00e9lectricit\u00e9 des parties communes. R\u00e9sultat : on doit refaire toute l\u2019\u00e9lectricit\u00e9 pour que nos badges d\u2019acc\u00e8s fonctionnent et qu\u2019il y ait de la lumi\u00e8re dans les escaliers.. \u00bb Ces travaux seront de nouveau \u00e0 la charge des copropri\u00e9taires. \u00c9paul\u00e9s depuis peu par le cabinet de copropri\u00e9t\u00e9 Citya, des demandes de subventions ont \u00e9t\u00e9 faites aupr\u00e8s des pouvoirs publics.<\/p>\n","protected":false},"excerpt":{"rendered":"La solution est radicale. Il y a quelques jours, les copropri\u00e9taires du 15 au 20 square de Serbie&hellip;\n","protected":false},"author":2,"featured_media":60997,"comment_status":"","ping_status":"","sticky":false,"template":"","format":"standard","meta":{"footnotes":""},"categories":[2821],"tags":[1111,11,829,765,1777,674,118,3383,1011,27,12,584,25,7164],"class_list":{"0":"post-60996","1":"post","2":"type-post","3":"status-publish","4":"format-standard","5":"has-post-thumbnail","7":"category-rennes","8":"tag-actu","9":"tag-actualites","10":"tag-bretagne","11":"tag-en-continu","12":"tag-eu","13":"tag-europe","14":"tag-faits-divers","15":"tag-faits-divers-a-rennes","16":"tag-fr","17":"tag-france","18":"tag-news","19":"tag-rennes","20":"tag-republique-francaise","21":"tag-trafic-de-stupefiants"},"share_on_mastodon":{"url":"https:\/\/pubeurope.com\/@fr\/114419525565919530","error":""},"_links":{"self":[{"href":"https:\/\/www.europesays.com\/fr\/wp-json\/wp\/v2\/posts\/60996","targetHints":{"allow":["GET"]}}],"collection":[{"href":"https:\/\/www.europesays.com\/fr\/wp-json\/wp\/v2\/posts"}],"about":[{"href":"https:\/\/www.europesays.com\/fr\/wp-json\/wp\/v2\/types\/post"}],"author":[{"embeddable":true,"href":"https:\/\/www.europesays.com\/fr\/wp-json\/wp\/v2\/users\/2"}],"replies":[{"embeddable":true,"href":"https:\/\/www.europesays.com\/fr\/wp-json\/wp\/v2\/comments?post=60996"}],"version-history":[{"count":0,"href":"https:\/\/www.europesays.com\/fr\/wp-json\/wp\/v2\/posts\/60996\/revisions"}],"wp:featuredmedia":[{"embeddable":true,"href":"https:\/\/www.europesays.com\/fr\/wp-json\/wp\/v2\/media\/60997"}],"wp:attachment":[{"href":"https:\/\/www.europesays.com\/fr\/wp-json\/wp\/v2\/media?parent=60996"}],"wp:term":[{"taxonomy":"category","embeddable":true,"href":"https:\/\/www.europesays.com\/fr\/wp-json\/wp\/v2\/categories?post=60996"},{"taxonomy":"post_tag","embeddable":true,"href":"https:\/\/www.europesays.com\/fr\/wp-json\/wp\/v2\/tags?post=60996"}],"curies":[{"name":"wp","href":"https:\/\/api.w.org\/{rel}","templated":true}]}}