{"id":609961,"date":"2025-12-19T17:33:11","date_gmt":"2025-12-19T17:33:11","guid":{"rendered":"https:\/\/www.europesays.com\/fr\/609961\/"},"modified":"2025-12-19T17:33:11","modified_gmt":"2025-12-19T17:33:11","slug":"le-quinquagenaire-tombe-dans-le-piege-de-la-police","status":"publish","type":"post","link":"https:\/\/www.europesays.com\/fr\/609961\/","title":{"rendered":"le quinquag\u00e9naire tombe dans le pi\u00e8ge de la police"},"content":{"rendered":"<p>                    Par<br \/>\n        <strong><br \/>\n            <a href=\"https:\/\/actu.fr\/auteur\/anaelle-montagne\" title=\"Consulter tous les articles de Anaelle Montagne\" target=\"_blank\" rel=\"noopener\">Anaelle Montagne<\/a><br \/>\n                    <\/strong><\/p>\n<p>        Publi\u00e9 le<\/p>\n<p>            19 d\u00e9c. 2025 \u00e0 17h45        <\/p>\n<p>Un p\u00e9docriminel est tomb\u00e9 tout droit dans le pi\u00e8ge de la police, en octobre 2025. Pendant des mois, il a discut\u00e9 avec une fillette de 12 ans sur internet en lui faisant des propositions sexuelles. Il esp\u00e9rait la rencontrer, allant jusqu\u2019\u00e0 se rendre au lieu de rendez-vous donn\u00e9 \u00e0 <a href=\"https:\/\/actu.fr\/toulouse\/\" target=\"_blank\" rel=\"noopener\">Toulouse<\/a>\u2026 mais <strong>tout ne s\u2019est pas pass\u00e9 comme pr\u00e9vu<\/strong>. R\u00e9cit.<\/p>\n<p>Le quinquag\u00e9naire pense gagner la confiance de l\u2019enfant<\/p>\n<p class=\" wall-content\">Pendant des mois, la police a tiss\u00e9 sa toile, lentement. Le p\u00e9docriminel, un homme de 57\u00a0ans, n\u2019avait <strong>aucune id\u00e9e du pi\u00e8ge<\/strong> qui lui \u00e9tait tendu.<\/p>\n<p class=\" wall-content\">Tout commence le 12 ao\u00fbt, quand le quinquag\u00e9naire rencontre la fillette de 12 ans sur internet. C\u2019est en tout cas ce dont il est persuad\u00e9e. Une discussion est entam\u00e9e et petit \u00e0 petit, les messages s\u2019accumulent. Jour apr\u00e8s jour, l\u2019homme tisse du lien, <strong>gagnant la confiance de l\u2019enfant<\/strong>.<\/p>\n<p>Des propositions sexuelles<\/p>\n<p class=\" wall-content\">Au d\u00e9tour des conversations, il lui fait plusieurs propositions sexuelles, indique le parquet de Toulouse. Et il tente, en parall\u00e8le, d\u2019atteindre son but\u2009: rencontrer la fillette. <strong>Un rendez-vous<\/strong> finit bel et bien par \u00eatre <strong>organis\u00e9<\/strong>, le 7\u00a0octobre, dans la Ville rose.<\/p>\n<p>Comit\u00e9 d\u2019accueil inattendu<\/p>\n<p class=\" wall-content\">Ce jour-l\u00e0, le quinquag\u00e9naire se pr\u00e9pare et se rend au lieu de rendez-vous donn\u00e9. Mais une fois arriv\u00e9 sur place, il tombe sur un comit\u00e9 d\u2019accueil inattendu\u2009: un petit groupe d\u2019hommes en bleu l\u2019attend de pied ferme.<\/p>\n<p class=\" wall-content\">Le pi\u00e8ge s\u2019est referm\u00e9 sur celui qui, depuis des mois, <strong>\u00e9changeait en fait avec des policiers<\/strong>.<\/p>\n<p>Un proc\u00e9d\u00e9 l\u00e9gal et souvent utilis\u00e9<\/p>\n<p class=\" wall-content\">\u00ab\u2009La cr\u00e9ation de faux profils, qui permettent \u00e0 des enqu\u00eateurs r\u00e9f\u00e9renc\u00e9s et habilit\u00e9s de <strong>se faire passer pour des mineurs<\/strong>, est un proc\u00e9d\u00e9 que l\u2019on utilise souvent\u2009\u00bb, explique une source polici\u00e8re d\u2019Actu Toulouse. Les agents de police cr\u00e9ent de faux profils sur les <a href=\"https:\/\/actu.fr\/tag\/reseaux-sociaux\" target=\"_blank\" rel=\"noopener\">r\u00e9seaux sociaux<\/a>, ou sur le dark web. Strictement encadr\u00e9, ce proc\u00e9d\u00e9 est bien l\u00e9gal et \u00ab\u2009ne constitue en rien de la provocation polici\u00e8re\u2009\u00bb.<\/p>\n<p>Votre r\u00e9gion, votre actu !<\/p>\n<p>Recevez chaque jour les infos qui comptent pour vous.<\/p>\n<p>\t<a href=\"https:\/\/actu.fr\/newsletter\" class=\"ac-btn ac-btn--corner ac-btn--medium ac-btn--blue800\" target=\"_blank\" rel=\"noopener\">S&rsquo;incrire<\/a><\/p>\n<p class=\" wall-content\">Ce sont g\u00e9n\u00e9ralement les enqu\u00eateurs de la cellule nationale de lutte contre la cybercriminalit\u00e9 qui tendent les pi\u00e8ges\u2009; lorsque des p\u00e9docriminels tombent dedans, ils travaillent ensuite en <strong>collaboration<\/strong> avec les brigades locales pour les interpeller.<\/p>\n<p>Du contenu p\u00e9dopornographique retrouv\u00e9 sur ses appareils<\/p>\n<p class=\" wall-content\">Suite \u00e0 son interpellation le 7 octobre \u00e0 Toulouse, l\u2019homme de 57 ans a \u00e9t\u00e9 plac\u00e9 en garde \u00e0 vue, puis en d\u00e9tention provisoire.<\/p>\n<p class=\" wall-content\">Il \u00e9tait jug\u00e9 ce jeudi 11 d\u00e9cembre 2025, au tribunal de la Ville rose pour \u00ab\u2009propositions sexuelles faites \u00e0 un mineur de moins de 15 ans par un majeur suivies d\u2019une rencontre\u2009\u00bb, et pour \u00ab\u2009d\u00e9tention de l\u2019image d\u2019un mineur pr\u00e9sentant un caract\u00e8re pornographique\u2009\u00bb \u2013 car les enqu\u00eateurs ont retrouv\u00e9 <strong>du contenu p\u00e9dopornographique<\/strong> sur ses appareils \u00e9lectroniques.<\/p>\n<p>Condamn\u00e9 au tribunal<\/p>\n<p class=\" wall-content\">Le quinquag\u00e9naire a \u00e9cop\u00e9 de 24\u00a0mois d\u2019emprisonnement dont 6\u00a0mois avec sursis.<\/p>\n<p class=\" wall-content\">Il a \u00e9galement \u00e9t\u00e9 condamn\u00e9 \u00e0 5\u00a0ans de suivi socio-judiciaire, incluant une injonction de soins, une interdiction de d\u00e9tenir une arme et d\u2019exercer une activit\u00e9 habituellement <strong>en contact avec des mineurs<\/strong>, ainsi qu\u2019une interdiction de para\u00eetre aux abords des \u00e9tablissements scolaires. \u00c0 l\u2019issue de l\u2019audience, il est retourn\u00e9 en d\u00e9tention.<\/p>\n<p class=\" wall-content\">Personnalisez votre actualit\u00e9 en ajoutant vos villes et m\u00e9dias en favori avec <a href=\"https:\/\/moncompte.actu.fr\" title=\"D\u00e9couvez Mon Actu\" rel=\"nofollow noopener\" data-trk=\"{&quot;cta&quot;:{&quot;action&quot;:&quot;https:\\\/\\\/moncompte.actu.fr&quot;,&quot;category&quot;:&quot;mon compte&quot;,&quot;from&quot;:&quot;article footer&quot;,&quot;name&quot;:&quot;Mon actu&quot;,&quot;type&quot;:&quot;cta&quot;}}\" target=\"_blank\">Mon Actu<\/a>.<\/p>\n","protected":false},"excerpt":{"rendered":"Par Anaelle Montagne Publi\u00e9 le 19 d\u00e9c. 2025 \u00e0 17h45 Un p\u00e9docriminel est tomb\u00e9 tout droit dans le&hellip;\n","protected":false},"author":2,"featured_media":609962,"comment_status":"","ping_status":"","sticky":false,"template":"","format":"standard","meta":{"footnotes":""},"categories":[2816],"tags":[1111,11,1777,674,118,1011,27,12,2680,874,25,2312],"class_list":{"0":"post-609961","1":"post","2":"type-post","3":"status-publish","4":"format-standard","5":"has-post-thumbnail","7":"category-toulouse","8":"tag-actu","9":"tag-actualites","10":"tag-eu","11":"tag-europe","12":"tag-faits-divers","13":"tag-fr","14":"tag-france","15":"tag-news","16":"tag-occitanie","17":"tag-pedophilie","18":"tag-republique-francaise","19":"tag-toulouse"},"share_on_mastodon":{"url":"https:\/\/pubeurope.com\/@fr\/115747435528750551","error":""},"_links":{"self":[{"href":"https:\/\/www.europesays.com\/fr\/wp-json\/wp\/v2\/posts\/609961","targetHints":{"allow":["GET"]}}],"collection":[{"href":"https:\/\/www.europesays.com\/fr\/wp-json\/wp\/v2\/posts"}],"about":[{"href":"https:\/\/www.europesays.com\/fr\/wp-json\/wp\/v2\/types\/post"}],"author":[{"embeddable":true,"href":"https:\/\/www.europesays.com\/fr\/wp-json\/wp\/v2\/users\/2"}],"replies":[{"embeddable":true,"href":"https:\/\/www.europesays.com\/fr\/wp-json\/wp\/v2\/comments?post=609961"}],"version-history":[{"count":0,"href":"https:\/\/www.europesays.com\/fr\/wp-json\/wp\/v2\/posts\/609961\/revisions"}],"wp:featuredmedia":[{"embeddable":true,"href":"https:\/\/www.europesays.com\/fr\/wp-json\/wp\/v2\/media\/609962"}],"wp:attachment":[{"href":"https:\/\/www.europesays.com\/fr\/wp-json\/wp\/v2\/media?parent=609961"}],"wp:term":[{"taxonomy":"category","embeddable":true,"href":"https:\/\/www.europesays.com\/fr\/wp-json\/wp\/v2\/categories?post=609961"},{"taxonomy":"post_tag","embeddable":true,"href":"https:\/\/www.europesays.com\/fr\/wp-json\/wp\/v2\/tags?post=609961"}],"curies":[{"name":"wp","href":"https:\/\/api.w.org\/{rel}","templated":true}]}}