{"id":609970,"date":"2025-12-19T17:38:22","date_gmt":"2025-12-19T17:38:22","guid":{"rendered":"https:\/\/www.europesays.com\/fr\/609970\/"},"modified":"2025-12-19T17:38:22","modified_gmt":"2025-12-19T17:38:22","slug":"toutes-ces-communes-proches-de-marseille-ont-perdu-des-habitants","status":"publish","type":"post","link":"https:\/\/www.europesays.com\/fr\/609970\/","title":{"rendered":"toutes ces communes proches de Marseille ont perdu des habitants"},"content":{"rendered":"<p>                    Par<br \/>\n        <strong><br \/>\n            <a href=\"https:\/\/actu.fr\/auteur\/fabien-binacchi\" title=\"Consulter tous les articles de Fabien Binacchi\" target=\"_blank\" rel=\"noopener\">Fabien Binacchi<\/a><br \/>\n                    <\/strong><\/p>\n<p>        Publi\u00e9 le<\/p>\n<p>            19 d\u00e9c. 2025 \u00e0 18h12        <\/p>\n<p>Le nombre d\u2019habitants dans les <a href=\"https:\/\/actu.fr\/provence-alpes-cote-d-azur\/bouches-du-rhone_13\" target=\"_blank\" rel=\"noopener\">Bouches-des-Rh\u00f4ne<\/a> augmente. C\u2019est vrai \u00e0 l\u2019\u00e9chelle de l\u2019ensemble du d\u00e9partement selon les tout derniers chiffres de l\u2019Insee, <a href=\"https:\/\/actu.fr\/provence-alpes-cote-d-azur\/marseille_13055\/marseille-dans-cet-arrondissement-populaire-la-population-a-explose-selon-l-insee_63597150.html\" target=\"_blank\" rel=\"noopener\">publi\u00e9s ce jeudi 18\u00a0d\u00e9cembre 2025.<\/a> Ils \u00e9taient <strong>2,11\u00a0millions en 2023, contre 2,04\u00a0millions en 2017.<\/strong> Mais certaines communes ont pourtant vu leur population s\u2019\u00e9roder sur la m\u00eame p\u00e9riode.<\/p>\n<p class=\" wall-content\">Voil\u00e0 ce qui ressort de ces donn\u00e9es statistiques.<\/p>\n<p>Les Baux-de-Provence perdent un quart de leurs habitants<\/p>\n<p class=\" wall-content\">Vitrolles, Aix-en-Provence, La Ciotat ou encore Marseille attirent. Parmi les communes de plus de 30000 habitants, ce sont celles qui ont s\u00e9duit le plus de nouveaux habitants entre\u00a02017 et\u00a02023. Une grande majorit\u00e9 des 117 localit\u00e9s des Bouches-du-Rh\u00f4ne ont grossi.<\/p>\n<p class=\" wall-content\">Au contraire, <strong>23 ont vu leur population se r\u00e9duire.<\/strong> Et c\u2019est aux Baux-de-Provence que c\u2019est le plus frappant, au moins en valeur relative. Le nombre d\u2019habitants a baiss\u00e9 de plus d\u2019un quart (<strong>-26,4\u2009%<\/strong>) en l\u2019espace de 7\u00a0ans. Le village, qui comptait 363\u00a0personnes en 2017 n\u2019en comptait plus que 267 en 2023, selon les donn\u00e9es communiqu\u00e9es par l\u2019Insee.<\/p>\n<p>    <img   decoding=\"async\" loading=\"lazy\" src=\"https:\/\/www.europesays.com\/fr\/wp-content\/uploads\/2025\/12\/pop-marseille-960x640.jpg\" alt=\"pop marseille\" width=\"960\" height=\"640\"\/><br \/>\n    Les 23\u00a0communes des Bouches-du-Rh\u00f4ne ayant perdu des habitants entre\u00a02017 et\u00a02023. (\u00a9actu Marseille)Les Alpilles et le nord-ouest du d\u00e9partement<\/p>\n<p class=\" wall-content\">Dans les communes de taille plus importante, Cassis a, elle, perdu 490 r\u00e9sidents (<strong>-6,76\u2009%<\/strong>). Et, parmi celles qui tournent autour des 50000 habitants, ce sont Salon-de-Provence (<strong>-2,98\u2009%<\/strong>) et Arles (<strong>-1,51\u2009%<\/strong>) qui sont le plus en recul.<\/p>\n<p class=\" wall-content\">Selon les chiffres d\u00e9voil\u00e9s jeudi, la baisse d\u00e9mographique dans les Bouches-du-Rh\u00f4ne appara\u00eet localis\u00e9e \u2009: elle touche principalement les Alpilles et le nord-ouest du d\u00e9partement, ainsi que <strong>certaines communes industrielles de l\u2019\u00e9tang de Berre.<\/strong><\/p>\n<p>Votre r\u00e9gion, votre actu !<\/p>\n<p>Recevez chaque jour les infos qui comptent pour vous.<\/p>\n<p>\t<a href=\"https:\/\/actu.fr\/newsletter\" class=\"ac-btn ac-btn--corner ac-btn--medium ac-btn--blue800\" target=\"_blank\" rel=\"noopener\">S&rsquo;incrire<\/a><\/p>\n<p class=\" wall-content\">Dans le m\u00eame temps, les grands p\u00f4les urbains, eux, continuent de cro\u00eetre.<\/p>\n<p class=\" wall-content\">Personnalisez votre actualit\u00e9 en ajoutant vos villes et m\u00e9dias en favori avec <a href=\"https:\/\/moncompte.actu.fr\" title=\"D\u00e9couvez Mon Actu\" rel=\"nofollow noopener\" data-trk=\"{&quot;cta&quot;:{&quot;action&quot;:&quot;https:\\\/\\\/moncompte.actu.fr&quot;,&quot;category&quot;:&quot;mon compte&quot;,&quot;from&quot;:&quot;article footer&quot;,&quot;name&quot;:&quot;Mon actu&quot;,&quot;type&quot;:&quot;cta&quot;}}\" target=\"_blank\">Mon Actu<\/a>.<\/p>\n","protected":false},"excerpt":{"rendered":"Par Fabien Binacchi Publi\u00e9 le 19 d\u00e9c. 2025 \u00e0 18h12 Le nombre d\u2019habitants dans les Bouches-des-Rh\u00f4ne augmente. C\u2019est&hellip;\n","protected":false},"author":2,"featured_media":609971,"comment_status":"","ping_status":"","sticky":false,"template":"","format":"standard","meta":{"footnotes":""},"categories":[2814],"tags":[1111,11,6969,1777,674,1011,27,884,12,882,25,104],"class_list":{"0":"post-609970","1":"post","2":"type-post","3":"status-publish","4":"format-standard","5":"has-post-thumbnail","7":"category-marseille","8":"tag-actu","9":"tag-actualites","10":"tag-demographie","11":"tag-eu","12":"tag-europe","13":"tag-fr","14":"tag-france","15":"tag-marseille","16":"tag-news","17":"tag-provence-alpes-cote-dazur","18":"tag-republique-francaise","19":"tag-societe"},"share_on_mastodon":{"url":"https:\/\/pubeurope.com\/@fr\/115747456524646391","error":""},"_links":{"self":[{"href":"https:\/\/www.europesays.com\/fr\/wp-json\/wp\/v2\/posts\/609970","targetHints":{"allow":["GET"]}}],"collection":[{"href":"https:\/\/www.europesays.com\/fr\/wp-json\/wp\/v2\/posts"}],"about":[{"href":"https:\/\/www.europesays.com\/fr\/wp-json\/wp\/v2\/types\/post"}],"author":[{"embeddable":true,"href":"https:\/\/www.europesays.com\/fr\/wp-json\/wp\/v2\/users\/2"}],"replies":[{"embeddable":true,"href":"https:\/\/www.europesays.com\/fr\/wp-json\/wp\/v2\/comments?post=609970"}],"version-history":[{"count":0,"href":"https:\/\/www.europesays.com\/fr\/wp-json\/wp\/v2\/posts\/609970\/revisions"}],"wp:featuredmedia":[{"embeddable":true,"href":"https:\/\/www.europesays.com\/fr\/wp-json\/wp\/v2\/media\/609971"}],"wp:attachment":[{"href":"https:\/\/www.europesays.com\/fr\/wp-json\/wp\/v2\/media?parent=609970"}],"wp:term":[{"taxonomy":"category","embeddable":true,"href":"https:\/\/www.europesays.com\/fr\/wp-json\/wp\/v2\/categories?post=609970"},{"taxonomy":"post_tag","embeddable":true,"href":"https:\/\/www.europesays.com\/fr\/wp-json\/wp\/v2\/tags?post=609970"}],"curies":[{"name":"wp","href":"https:\/\/api.w.org\/{rel}","templated":true}]}}