{"id":609974,"date":"2025-12-19T17:40:25","date_gmt":"2025-12-19T17:40:25","guid":{"rendered":"https:\/\/www.europesays.com\/fr\/609974\/"},"modified":"2025-12-19T17:40:25","modified_gmt":"2025-12-19T17:40:25","slug":"lyon-bruno-bernard-promet-aux-habitants-de-devenir-proprietaire-pour-le-montant-dun-loyer","status":"publish","type":"post","link":"https:\/\/www.europesays.com\/fr\/609974\/","title":{"rendered":"Lyon. Bruno Bernard promet aux habitants de \u00ab\u00a0devenir propri\u00e9taire pour le montant d\u2019un loyer\u00a0\u00bb"},"content":{"rendered":"<p>                    Par<br \/>\n        <strong><br \/>\n            <a href=\"https:\/\/actu.fr\/auteur\/nicolas-zaugra\" title=\"Consulter tous les articles de Nicolas Zaugra\" target=\"_blank\" rel=\"noopener\">Nicolas Zaugra<\/a><br \/>\n                    <\/strong><\/p>\n<p>        Publi\u00e9 le<\/p>\n<p>            19 d\u00e9c. 2025 \u00e0 18h31        <\/p>\n<p>Se loger \u00e0 <a href=\"https:\/\/actu.fr\/auvergne-rhone-alpes\/lyon_69123\" target=\"_blank\" rel=\"noopener\">Lyon<\/a> et dans la m\u00e9tropole est compliqu\u00e9 pour bon nombre d\u2019habitants ou de nouveaux arrivants, locataires comme propri\u00e9taires. Les \u00e9tudes le montrent depuis plusieurs ann\u00e9es. Le pr\u00e9sident \u00e9cologiste de la M\u00e9tropole <a href=\"https:\/\/actu.fr\/auvergne-rhone-alpes\/lyon_69123\/lyon-gregory-doucet-et-bruno-bernard-cachent-leurs-depenses-sans-reelle-explication_63582954.html\" target=\"_blank\" rel=\"noopener\">Bruno Bernard<\/a>, candidat \u00e0 sa r\u00e9\u00e9lection, <strong>promet de loger plus facilement les habitants<\/strong> avec de premi\u00e8res mesures en vue des \u00e9lections de 2026.<br \/>Encadrement des loyers \u00e9tendu, plus de constructions, brigade de s\u00e9curit\u00e9 pour les logements sociaux, cr\u00e9ation d\u2019une fonci\u00e8re pour \u00ab\u00a0devenir propri\u00e9taire pour le montant d\u2019un loyer\u00a0\u00bb : les premi\u00e8res propositions du candidat.<\/p>\n<p>La cr\u00e9ation d\u2019une fonci\u00e8re pour acc\u00e9der \u00e0 la propri\u00e9t\u00e9<\/p>\n<p class=\" wall-content\">La mesure choc du pr\u00e9sident \u00e9cologiste soutenu par le PS ou encore le PCF est la cr\u00e9ation d\u2019une fonci\u00e8re pour faciliter l\u2019accession \u00e0 la propri\u00e9t\u00e9 des habitants de la M\u00e9tropole : \u00ab\u00a03 habitants sur 10 arrivent \u00e0 acc\u00e9der \u00e0 la propri\u00e9t\u00e9\u00a0\u00bb, d\u00e9plore le vice-pr\u00e9sident au logement Renaud Payre et directeur de campagne de Bruno Bernard.<\/p>\n<p class=\" wall-content\">L\u2019\u00e9quipe sortante veut monter \u00e0 un potentiel de 7 habitants sur 10 qui peuvent acheter un logement. Comment ? Concr\u00e8tement, la M\u00e9tropole ach\u00e8te les terrains des immeubles existants ou les terrains de logements \u00e0 construire pour permettre de \u00ab\u00a0devenir propri\u00e9taire pour le montant d\u2019un loyer\u00a0\u00bb. Avec un petit apport de 1 000 euros, la personne pourrait devenir <strong>propri\u00e9taire d\u2019un T1 de 30m2 \u00e0 90 000 euros<\/strong> pour \u00ab\u00a0seulement\u00a0\u00bb 476 euros par mois dans le cadre d\u2019un fonctionnement type \u00ab\u00a0bail r\u00e9el solidaire\u00a0\u00bb.<\/p>\n<p class=\" wall-content\">L\u2019objectif affich\u00e9 est de 5 000 logements d\u2019ici 2030 avec ce dispositif.<\/p>\n<p class=\" wall-content\">Concernant l\u2019encadrement des loyers, Bruno Bernard veut confirmer la mesure et l\u2019\u00e9tendre \u00e0 des secteurs tendus de la m\u00e9tropole en plus de Lyon et Villeurbanne o\u00f9 elle s\u2019applique d\u00e9j\u00e0. Le compl\u00e9ment de loyer, qui n\u2019est pas r\u00e9glement\u00e9, est aussi dans leur viseur pour \u00ab\u00a0emp\u00eacher les d\u00e9rives\u00a0\u00bb<\/p>\n<p>\u00ab\u00a0Construire plus\u00a0\u00bb et \u00ab\u00a0assumer la densification\u00a0\u00bb<\/p>\n<p class=\" wall-content\">Bruno Bernard assure vouloir construire plus de logements lors du prochain mandat, sans se donner d\u2019objectifs fix\u00e9s \u00e0 ce stade car les pr\u00e9c\u00e9dents n\u2019ont pas \u00e9t\u00e9 atteints. Une ambition qui porte sur le logement social comme priv\u00e9. Il met la pression sur les maires qui refusent des permis de construire, \u00ab\u00a0surtout de droite et dans l\u2019ouest lyonnais\u00a0\u00bb.<\/p>\n<p>Votre r\u00e9gion, votre actu !<\/p>\n<p>Recevez chaque jour les infos qui comptent pour vous.<\/p>\n<p>\t<a href=\"https:\/\/actu.fr\/newsletter\" class=\"ac-btn ac-btn--corner ac-btn--medium ac-btn--blue800\" target=\"_blank\" rel=\"noopener\">S&rsquo;incrire<\/a><\/p>\n<p class=\" wall-content\">Il affirme qu\u2019il sera \u00ab\u00a0plus ferme\u00a0\u00bb avec eux et que les subventions financi\u00e8res aux projets vers\u00e9es par la M\u00e9tropole seront conditionn\u00e9es \u00e0 la r\u00e9alisation de logements. \u00ab\u00a0Ce n\u2019est pas normal que Sainte-Foy-L\u00e8s-Lyon paie en 2026 un million d\u2019euros de p\u00e9nalit\u00e9s pour son manque de logement sociaux\u00a0\u00bb, attaque l\u2019\u00e9cologiste en r\u00e9f\u00e9rence \u00e0 la commune g\u00e9r\u00e9e par son adversaire \u00e0 la M\u00e9tropole <a href=\"https:\/\/actu.fr\/auvergne-rhone-alpes\/lyon_69123\/lyon-nouveau-metro-tram-express-bruno-bernard-tacle-jean-michel-aulas-et-veronique-sarselli_63596823.html\" target=\"_blank\" rel=\"noopener\">V\u00e9ronique Sarselli<\/a>.\u00a0<\/p>\n<p class=\" wall-content\">L\u2019\u00e9lu dit \u00ab\u00a0assumer la densification\u00a0\u00bb pour construire plus de logements et veut <strong>en construire davantage autour des transports en commun<\/strong> actuels et futurs.<\/p>\n<p>    <img   decoding=\"async\" loading=\"lazy\" src=\"https:\/\/www.europesays.com\/fr\/wp-content\/uploads\/2025\/12\/bruno-bernard-metropole-lyon-campagne-960x640.jpg\" alt=\"Bruno Bernard et son \u00e9quipe pour la campagne des m\u00e9tropolitaines 2026 pr\u00e9sentent leurs propositions sur le sujet du logement.\" width=\"960\" height=\"640\"\/><br \/>\n    Bruno Bernard et son \u00e9quipe pour la campagne des m\u00e9tropolitaines 2026 pr\u00e9sentent leurs propositions sur le sujet du logement. (\u00a9Nicolas Zaugra\/ actu Lyon)Une brigade de s\u00e9curit\u00e9 d\u00e9di\u00e9e aux logements sociaux<\/p>\n<p class=\" wall-content\">Autre mesure de campagne : la cr\u00e9ation d\u2019une brigade de s\u00e9curit\u00e9 et de cadre de vie d\u00e9di\u00e9e aux logements sociaux avec 40 agents.\u00a0<\/p>\n<p class=\" wall-content\">\u00ab\u00a0Le concept existe d\u00e9j\u00e0 \u00e0 Montpellier\u00a0\u00bb, selon Mich\u00e8le Picard, maire PCF de V\u00e9nissieux. \u00ab\u00a0Il ne s\u2019agira pas d\u2019une police bis, elle interviendra en lien avec la nationale et les polices municipales. Elle servira \u00e0 dialoguer avec les habitants, \u00e9viter les conflits\u2026\u00a0\u00bb, explique l\u2019\u00e9lue qui compte de nombreux logements de ce type dans sa commune. Des secteurs sont d\u00e9j\u00e0 cibl\u00e9s : le 8e et le 9e arrondissement de Lyon ou encore Bron.<\/p>\n<p class=\" wall-content\">Personnalisez votre actualit\u00e9 en ajoutant vos villes et m\u00e9dias en favori avec <a href=\"https:\/\/moncompte.actu.fr\" title=\"D\u00e9couvez Mon Actu\" rel=\"nofollow noopener\" data-trk=\"{&quot;cta&quot;:{&quot;action&quot;:&quot;https:\\\/\\\/moncompte.actu.fr&quot;,&quot;category&quot;:&quot;mon compte&quot;,&quot;from&quot;:&quot;article footer&quot;,&quot;name&quot;:&quot;Mon actu&quot;,&quot;type&quot;:&quot;cta&quot;}}\" target=\"_blank\">Mon Actu<\/a>.<\/p>\n","protected":false},"excerpt":{"rendered":"Par Nicolas Zaugra Publi\u00e9 le 19 d\u00e9c. 2025 \u00e0 18h31 Se loger \u00e0 Lyon et dans la m\u00e9tropole&hellip;\n","protected":false},"author":2,"featured_media":609975,"comment_status":"","ping_status":"","sticky":false,"template":"","format":"standard","meta":{"footnotes":""},"categories":[1889],"tags":[1111,11,2430,5921,4188,1777,674,1011,27,1908,2428,3434,12,316,25],"class_list":{"0":"post-609974","1":"post","2":"type-post","3":"status-publish","4":"format-standard","5":"has-post-thumbnail","7":"category-lyon","8":"tag-actu","9":"tag-actualites","10":"tag-auvergne-rhone-alpes","11":"tag-bruno-bernard","12":"tag-elections-municipales","13":"tag-eu","14":"tag-europe","15":"tag-fr","16":"tag-france","17":"tag-logement","18":"tag-lyon","19":"tag-municipales-2026","20":"tag-news","21":"tag-politique","22":"tag-republique-francaise"},"share_on_mastodon":{"url":"https:\/\/pubeurope.com\/@fr\/115747463968141719","error":""},"_links":{"self":[{"href":"https:\/\/www.europesays.com\/fr\/wp-json\/wp\/v2\/posts\/609974","targetHints":{"allow":["GET"]}}],"collection":[{"href":"https:\/\/www.europesays.com\/fr\/wp-json\/wp\/v2\/posts"}],"about":[{"href":"https:\/\/www.europesays.com\/fr\/wp-json\/wp\/v2\/types\/post"}],"author":[{"embeddable":true,"href":"https:\/\/www.europesays.com\/fr\/wp-json\/wp\/v2\/users\/2"}],"replies":[{"embeddable":true,"href":"https:\/\/www.europesays.com\/fr\/wp-json\/wp\/v2\/comments?post=609974"}],"version-history":[{"count":0,"href":"https:\/\/www.europesays.com\/fr\/wp-json\/wp\/v2\/posts\/609974\/revisions"}],"wp:featuredmedia":[{"embeddable":true,"href":"https:\/\/www.europesays.com\/fr\/wp-json\/wp\/v2\/media\/609975"}],"wp:attachment":[{"href":"https:\/\/www.europesays.com\/fr\/wp-json\/wp\/v2\/media?parent=609974"}],"wp:term":[{"taxonomy":"category","embeddable":true,"href":"https:\/\/www.europesays.com\/fr\/wp-json\/wp\/v2\/categories?post=609974"},{"taxonomy":"post_tag","embeddable":true,"href":"https:\/\/www.europesays.com\/fr\/wp-json\/wp\/v2\/tags?post=609974"}],"curies":[{"name":"wp","href":"https:\/\/api.w.org\/{rel}","templated":true}]}}