{"id":609992,"date":"2025-12-19T17:51:21","date_gmt":"2025-12-19T17:51:21","guid":{"rendered":"https:\/\/www.europesays.com\/fr\/609992\/"},"modified":"2025-12-19T17:51:21","modified_gmt":"2025-12-19T17:51:21","slug":"allemagne-les-marches-de-noel-plus-chers-et-plus-securises-reportage-international","status":"publish","type":"post","link":"https:\/\/www.europesays.com\/fr\/609992\/","title":{"rendered":"Allemagne: les march\u00e9s de No\u00ebl plus chers et plus s\u00e9curis\u00e9s &#8211; Reportage international"},"content":{"rendered":"<p><a class=\"m-item-image m-item-image--1x1 o-podcast-header__image\" href=\"https:\/\/www.rfi.fr\/fr\/podcasts\/reportage-international\/\" title=\"Reportage international\" data-article-item-link=\"\" aria-hidden=\"true\" tabindex=\"-1\" target=\"_blank\" rel=\"noopener\"><\/p>\n<p><img decoding=\"async\" fetchpriority=\"high\" src=\"https:\/\/www.europesays.com\/fr\/wp-content\/uploads\/2025\/09\/carre-3000-reportage-international.jpg\"   width=\"480\" height=\"480\" alt=\"Image carr\u00e9e\" loading=\"eager\" class=\"a-img \"\/><br \/>\n                                <\/a>                <\/p>\n<p class=\"t-content__chapo\">\n                                                Les march\u00e9s de No\u00ebl sont omnipr\u00e9sents en Allemagne et constituent une tradition centrale de la p\u00e9riode de l&rsquo;Avent, durant le mois qui pr\u00e9c\u00e8de les f\u00eates. L&rsquo;attentat \u00e0 la voiture b\u00e9lier l&rsquo;an dernier \u00e0 Magdebourg a, entre autres, rendu n\u00e9cessaires des mesures de s\u00e9curit\u00e9 suppl\u00e9mentaires. D&rsquo;autres co\u00fbts p\u00e8sent sur les organisateurs et les visiteurs se plaignent de la hausse des prix sur les march\u00e9s.                    <\/p>\n<p><img decoding=\"async\" fetchpriority=\"low\" src=\"https:\/\/www.europesays.com\/fr\/wp-content\/uploads\/2025\/12\/AP25328631202731.jpg\"   width=\"1024\" height=\"576\" alt=\"Le march\u00e9 de No\u00ebl \u00e0 Berlin en Allemagne, le 24 novembre 2025.\" loading=\"eager\" class=\"a-img \"\/><\/p>\n<p>                Le march\u00e9 de No\u00ebl \u00e0 Berlin en Allemagne, le 24 novembre 2025.                AP &#8211; Ebrahim Noroozi            <\/p>\n","protected":false},"excerpt":{"rendered":"Les march\u00e9s de No\u00ebl sont omnipr\u00e9sents en Allemagne et constituent une tradition centrale de la p\u00e9riode de l&rsquo;Avent,&hellip;\n","protected":false},"author":2,"featured_media":609993,"comment_status":"","ping_status":"","sticky":false,"template":"","format":"standard","meta":{"footnotes":""},"categories":[1587],"tags":[11,672,1804,1805,1803,1777,674,1801,12,2436,1802],"class_list":{"0":"post-609992","1":"post","2":"type-post","3":"status-publish","4":"format-standard","5":"has-post-thumbnail","7":"category-allemagne","8":"tag-actualites","9":"tag-allemagne","10":"tag-bundesrepublik-deutschland","11":"tag-de","12":"tag-deutschland","13":"tag-eu","14":"tag-europe","15":"tag-germany","16":"tag-news","17":"tag-reportage-international","18":"tag-republique-federale-dallemagne"},"share_on_mastodon":{"url":"https:\/\/pubeurope.com\/@fr\/115747506521309559","error":""},"_links":{"self":[{"href":"https:\/\/www.europesays.com\/fr\/wp-json\/wp\/v2\/posts\/609992","targetHints":{"allow":["GET"]}}],"collection":[{"href":"https:\/\/www.europesays.com\/fr\/wp-json\/wp\/v2\/posts"}],"about":[{"href":"https:\/\/www.europesays.com\/fr\/wp-json\/wp\/v2\/types\/post"}],"author":[{"embeddable":true,"href":"https:\/\/www.europesays.com\/fr\/wp-json\/wp\/v2\/users\/2"}],"replies":[{"embeddable":true,"href":"https:\/\/www.europesays.com\/fr\/wp-json\/wp\/v2\/comments?post=609992"}],"version-history":[{"count":0,"href":"https:\/\/www.europesays.com\/fr\/wp-json\/wp\/v2\/posts\/609992\/revisions"}],"wp:featuredmedia":[{"embeddable":true,"href":"https:\/\/www.europesays.com\/fr\/wp-json\/wp\/v2\/media\/609993"}],"wp:attachment":[{"href":"https:\/\/www.europesays.com\/fr\/wp-json\/wp\/v2\/media?parent=609992"}],"wp:term":[{"taxonomy":"category","embeddable":true,"href":"https:\/\/www.europesays.com\/fr\/wp-json\/wp\/v2\/categories?post=609992"},{"taxonomy":"post_tag","embeddable":true,"href":"https:\/\/www.europesays.com\/fr\/wp-json\/wp\/v2\/tags?post=609992"}],"curies":[{"name":"wp","href":"https:\/\/api.w.org\/{rel}","templated":true}]}}