{"id":609996,"date":"2025-12-19T17:53:18","date_gmt":"2025-12-19T17:53:18","guid":{"rendered":"https:\/\/www.europesays.com\/fr\/609996\/"},"modified":"2025-12-19T17:53:18","modified_gmt":"2025-12-19T17:53:18","slug":"la-reussite-du-marche-artisanal-a-martizay","status":"publish","type":"post","link":"https:\/\/www.europesays.com\/fr\/609996\/","title":{"rendered":"la r\u00e9ussite du march\u00e9 artisanal \u00e0 Martizay"},"content":{"rendered":"<p>La salle des f\u00eates de Martizay a pris des airs de f\u00eate, dimanche 14\u00a0d\u00e9cembre 2025, \u00e0 l\u2019occasion du march\u00e9 artisanal coupl\u00e9 \u00e0 une bourse aux jouets. Organis\u00e9 par Marjorie, responsable de la m\u00e9diath\u00e8que, et Patricia, de la maison du village, l\u2019\u00e9v\u00e9nement a r\u00e9uni 25 exposants et attir\u00e9 de nombreux visiteurs. Sur des tables joliment d\u00e9cor\u00e9es, les cr\u00e9ations des artisans \u00e9taient mises en valeur&amp;n&#8230; <\/p>\n<p>    Cet article a \u00e9t\u00e9 tronqu\u00e9. Abonnez-vous pour lire l&rsquo;article complet sur notre site.<\/p>\n<p style=\"margin: 0 !important; padding: 0 !important; font-size: 12px !important;\">Cet article a \u00e9t\u00e9 tronqu\u00e9. Abonnez-vous pour lire l&rsquo;article complet.<\/p>\n<p>    <a href=\"https:\/\/www.lanouvellerepublique.fr\/abonnements\" style=\"display: inline-block; margin-top: 5px !important; padding: 6px 12px !important; background: #cb1c27; color: white; text-decoration: none; border-radius: 4px; font-size: 12px !important;\" target=\"_blank\" rel=\"noopener\"><br \/>\n      S&rsquo;abonner<br \/>\n    <\/a><\/p>\n","protected":false},"excerpt":{"rendered":"La salle des f\u00eates de Martizay a pris des airs de f\u00eate, dimanche 14\u00a0d\u00e9cembre 2025, \u00e0 l\u2019occasion du&hellip;\n","protected":false},"author":2,"featured_media":609997,"comment_status":"","ping_status":"","sticky":false,"template":"","format":"standard","meta":{"footnotes":""},"categories":[1586],"tags":[11,1674,1777,674,1779,1011,27,63815,72116,12,25,1778,364],"class_list":{"0":"post-609996","1":"post","2":"type-post","3":"status-publish","4":"format-standard","5":"has-post-thumbnail","7":"category-europe","8":"tag-actualites","9":"tag-communes","10":"tag-eu","11":"tag-europe","12":"tag-european-union","13":"tag-fr","14":"tag-france","15":"tag-marches-de-noel","16":"tag-martizay","17":"tag-news","18":"tag-republique-francaise","19":"tag-ue","20":"tag-union-europeenne"},"share_on_mastodon":{"url":"https:\/\/pubeurope.com\/@fr\/115747514419361552","error":""},"_links":{"self":[{"href":"https:\/\/www.europesays.com\/fr\/wp-json\/wp\/v2\/posts\/609996","targetHints":{"allow":["GET"]}}],"collection":[{"href":"https:\/\/www.europesays.com\/fr\/wp-json\/wp\/v2\/posts"}],"about":[{"href":"https:\/\/www.europesays.com\/fr\/wp-json\/wp\/v2\/types\/post"}],"author":[{"embeddable":true,"href":"https:\/\/www.europesays.com\/fr\/wp-json\/wp\/v2\/users\/2"}],"replies":[{"embeddable":true,"href":"https:\/\/www.europesays.com\/fr\/wp-json\/wp\/v2\/comments?post=609996"}],"version-history":[{"count":0,"href":"https:\/\/www.europesays.com\/fr\/wp-json\/wp\/v2\/posts\/609996\/revisions"}],"wp:featuredmedia":[{"embeddable":true,"href":"https:\/\/www.europesays.com\/fr\/wp-json\/wp\/v2\/media\/609997"}],"wp:attachment":[{"href":"https:\/\/www.europesays.com\/fr\/wp-json\/wp\/v2\/media?parent=609996"}],"wp:term":[{"taxonomy":"category","embeddable":true,"href":"https:\/\/www.europesays.com\/fr\/wp-json\/wp\/v2\/categories?post=609996"},{"taxonomy":"post_tag","embeddable":true,"href":"https:\/\/www.europesays.com\/fr\/wp-json\/wp\/v2\/tags?post=609996"}],"curies":[{"name":"wp","href":"https:\/\/api.w.org\/{rel}","templated":true}]}}