{"id":61000,"date":"2025-04-29T05:10:14","date_gmt":"2025-04-29T05:10:14","guid":{"rendered":"https:\/\/www.europesays.com\/fr\/61000\/"},"modified":"2025-04-29T05:10:14","modified_gmt":"2025-04-29T05:10:14","slug":"une-cagnotte-creee-pour-aider-un-manouche-lourdement-handicape","status":"publish","type":"post","link":"https:\/\/www.europesays.com\/fr\/61000\/","title":{"rendered":"une cagnotte cr\u00e9\u00e9e pour aider un manouche lourdement handicap\u00e9"},"content":{"rendered":"<p>C\u2019est une figure dans le quartier du Polygone. Inratable, d\u00e9j\u00e0, de par sa p\u00eache et son humour, malgr\u00e9 les \u00e9preuves. Aussi, et surtout, de par son imposant fauteuil \u00e9lectrique qui lui permet de d\u00e9ambuler au c\u0153ur de la cit\u00e9 des Musiciens. Du haut de ses 57 ans, Ringo Weiss, qui porte avec fiert\u00e9 ses racines manouches, est <a href=\"https:\/\/www.dna.fr\/societe\/2025\/01\/24\/strasbourg-la-prise-en-compte-du-handicap-une-longue-bataille-urbaine\" target=\"_blank\" rel=\"noopener\">handicap\u00e9<\/a> moteur c\u00e9r\u00e9bral. Prisonnier de son corps, ou plut\u00f4t de sa maladie qui le grignote petit \u00e0 petit.<\/p>\n<p>Son fauteuil, sur lequel il est assis depuis plus de vingt ans, lui permet cependant de garder du lien social. Et notamment \u00e0 travers les activit\u00e9s propos\u00e9es au sein du <a href=\"https:\/\/www.dna.fr\/societe\/2024\/03\/13\/changer-le-regard-sur-les-gens-du-voyage\" target=\"_blank\" rel=\"noopener\">centre socioculturel Lupovino<\/a>, implant\u00e9 \u00e0 deux p\u00e2t\u00e9s de maisons de son domicile, auxquelles il prend part de mani\u00e8re assidue. \u00ab\u00a0Ringo est une personne ultra-impliqu\u00e9e au niveau de Lupovino et dans le quartier, on peut vraiment compter sur lui\u00a0\u00bb, confirme Fr\u00e9d\u00e9ric Goetz, le nouveau directeur de la structure.<\/p>\n<p>  35\u00a0000\u00a0euros \u00e0 collecter<\/p>\n<p>En qu\u00eate de finances pour s\u2019offrir le fauteuil roulant de ses r\u00eaves \u2013 pour l\u2019heure non pris en charge par la caisse d\u2019assurance maladie \u2013, c\u2019est tout naturellement que Ringo a os\u00e9 solliciter l\u2019\u00e9quipe de Lupovino afin de trouver un soutien technique et logistique. Une demande que le nouveau directeur, arriv\u00e9 en janvier, n\u2019a pas eu \u00e0 c\u0153ur de refuser\u00a0: \u00ab\u00a0C\u2019\u00e9tait important pour moi de l\u2019aider et de lui faire profiter de notre r\u00e9seau associatif pour avoir plus d\u2019impact. C\u2019est notre mission aussi de soutenir les habitants, m\u00eame si g\u00e9n\u00e9ralement nous sommes port\u00e9s sur des projets plus collectifs qu\u2019individuels\u00a0\u00bb, explique Fr\u00e9d\u00e9ric Goetz, qui n\u2019est en tout \u00e9tat de cause pas rest\u00e9 insensible au personnage.<\/p>\n<p>Le directeur a donc pris en main <a href=\"https:\/\/www.leetchi.com\/fr\/c\/un-fauteuil-electrique-pour-ringo-3856370?utm_source=copylink&amp;utm_medium=social_sharing\" target=\"_blank\" rel=\"noopener\">la cr\u00e9ation d\u2019une cagnotte participative<\/a> sur Leetchi, faisant appel \u00e0 la g\u00e9n\u00e9rosit\u00e9 et solidarit\u00e9 strasbourgeoises. Objectif\u00a0: atteindre 35\u00a0000\u00a0\u20ac, grosse partie du budget n\u00e9cessaire pour l\u2019achat de l\u2019engin cens\u00e9 faciliter ses d\u00e9placements.<\/p>\n<p>  Impliquer les habitants du quartier<\/p>\n<p>\u00ab\u00a0Ce fauteuil est tr\u00e8s important pour moi, car il a une autonomie et une manipulation impeccables. Il me permettrait de faire plein de choses et d\u2019avoir plus de libert\u00e9, comme monter les escaliers ou m\u00eame d\u2019aller en hauteur pour prendre quelque chose, gr\u00e2ce au si\u00e8ge \u00e9l\u00e9vateur int\u00e9gr\u00e9\u00a0\u00bb, d\u00e9taille Ringo \u2013 justifiant ainsi son prix \u00e9lev\u00e9. \u00ab\u00a0Mon fauteuil actuel n\u2019est pas vieux, mais il n\u2019est pas du tout confortable et mon corps n\u2019est pas sollicit\u00e9. Le nouveau m\u2019aiderait beaucoup \u00e0 continuer \u00e0 bouger\u00a0\u00bb, avance-t-il.<\/p>\n<p>\u00ab\u00a0On essayera de voir les subventions dont il pourrait b\u00e9n\u00e9ficier et pourquoi pas impliquer les habitants du territoire pour faire un autofinancement, en tenant une buvette par exemple\u00a0\u00bb, sugg\u00e8re par ailleurs Fr\u00e9d\u00e9ric Goetz. Un geste et une mobilisation qui en disent finalement long de la relation que la structure s\u2019efforce de construire avec les habitants du Polygone.<\/p>\n","protected":false},"excerpt":{"rendered":"C\u2019est une figure dans le quartier du Polygone. Inratable, d\u00e9j\u00e0, de par sa p\u00eache et son humour, malgr\u00e9&hellip;\n","protected":false},"author":2,"featured_media":61001,"comment_status":"","ping_status":"","sticky":false,"template":"","format":"standard","meta":{"footnotes":""},"categories":[2820],"tags":[1111,11,2389,2649,2880,1777,674,107,1011,27,775,1943,3035,12,25,104,640,2879,1631],"class_list":{"0":"post-61000","1":"post","2":"type-post","3":"status-publish","4":"format-standard","5":"has-post-thumbnail","7":"category-strasbourg","8":"tag-actu","9":"tag-actualites","10":"tag-alsace","11":"tag-bas-rhin","12":"tag-edition-strasbourg","13":"tag-eu","14":"tag-europe","15":"tag-fil-info","16":"tag-fr","17":"tag-france","18":"tag-grand-est","19":"tag-handicap","20":"tag-la-matinale-strasbourg","21":"tag-news","22":"tag-republique-francaise","23":"tag-societe","24":"tag-strasbourg","25":"tag-strasbourg-ville","26":"tag-vie-associative"},"share_on_mastodon":{"url":"https:\/\/pubeurope.com\/@fr\/114419533362385899","error":""},"_links":{"self":[{"href":"https:\/\/www.europesays.com\/fr\/wp-json\/wp\/v2\/posts\/61000","targetHints":{"allow":["GET"]}}],"collection":[{"href":"https:\/\/www.europesays.com\/fr\/wp-json\/wp\/v2\/posts"}],"about":[{"href":"https:\/\/www.europesays.com\/fr\/wp-json\/wp\/v2\/types\/post"}],"author":[{"embeddable":true,"href":"https:\/\/www.europesays.com\/fr\/wp-json\/wp\/v2\/users\/2"}],"replies":[{"embeddable":true,"href":"https:\/\/www.europesays.com\/fr\/wp-json\/wp\/v2\/comments?post=61000"}],"version-history":[{"count":0,"href":"https:\/\/www.europesays.com\/fr\/wp-json\/wp\/v2\/posts\/61000\/revisions"}],"wp:featuredmedia":[{"embeddable":true,"href":"https:\/\/www.europesays.com\/fr\/wp-json\/wp\/v2\/media\/61001"}],"wp:attachment":[{"href":"https:\/\/www.europesays.com\/fr\/wp-json\/wp\/v2\/media?parent=61000"}],"wp:term":[{"taxonomy":"category","embeddable":true,"href":"https:\/\/www.europesays.com\/fr\/wp-json\/wp\/v2\/categories?post=61000"},{"taxonomy":"post_tag","embeddable":true,"href":"https:\/\/www.europesays.com\/fr\/wp-json\/wp\/v2\/tags?post=61000"}],"curies":[{"name":"wp","href":"https:\/\/api.w.org\/{rel}","templated":true}]}}