{"id":610007,"date":"2025-12-19T18:00:14","date_gmt":"2025-12-19T18:00:14","guid":{"rendered":"https:\/\/www.europesays.com\/fr\/610007\/"},"modified":"2025-12-19T18:00:14","modified_gmt":"2025-12-19T18:00:14","slug":"stan-wawrinka-prendra-sa-retraite-a-lissue-de-la-saison-2026","status":"publish","type":"post","link":"https:\/\/www.europesays.com\/fr\/610007\/","title":{"rendered":"Stan Wawrinka prendra sa retraite \u00e0 l&rsquo;issue de la saison 2026"},"content":{"rendered":"<p>Stan Wawrinka prendra sa retraite sportive \u00e0 la fin de la saison 2026. Le Vaudois de 40 ans, ex-no3 mondial et vainqueur de trois tournois du Grand Chelem, l&rsquo;a annonc\u00e9 sur ses r\u00e9seaux sociaux.<\/p>\n<p>\u00ab\u00a0Chaque livre a besoin d&rsquo;une fin. Il est temps d&rsquo;\u00e9crire le dernier chapitre de ma carri\u00e8re de joueur de tennis professionnel\u00a0\u00bb, a annonc\u00e9 le Suisse dans un message publi\u00e9 sur ses r\u00e9seaux sociaux.<\/p>\n<p>Toujours capable de coups d&rsquo;\u00e9clat sur le circuit, comme lors des derniers Swiss Indoors de B\u00e2le, Wawrinka a malgr\u00e9 tout recul\u00e9 ces derni\u00e8res ann\u00e9es dans la hi\u00e9rarchie mondiale. En 2025, il a altern\u00e9 entre les tournois Challengers et ceux auxquels il \u00e9tait invit\u00e9.<\/p>\n<p>L&rsquo;actuel 157e mondial disputera donc une ultime saison en 2026, la 25e de sa carri\u00e8re professionnelle. Nul doute qu&rsquo;il aura l&rsquo;occasion de faire ses adieux au monde du tennis lors de nombreux tournois \u00e0 travers la plan\u00e8te.<\/p>\n<p>Contenu externe<\/p>\n<p> Ce contenu externe ne peut pas \u00eatre affich\u00e9 car il est susceptible de collecter des donn\u00e9es personnelles. Pour voir ce contenu vous devez autoriser la cat\u00e9gorie <strong>R\u00e9seaux sociaux<\/strong>. <\/p>\n<p> Accepter Plus d&rsquo;info <\/p>\n<p>    \u00ab\u00a0J&rsquo;ai encore des r\u00eaves\u00a0\u00bb<\/p>\n<p>\u00ab\u00a0J&rsquo;ai appr\u00e9ci\u00e9 chaque instant que le tennis m&rsquo;a offert, en particulier les \u00e9motions que je ressens lorsque je joue devant vous. J&rsquo;ai h\u00e2te de vous revoir une derni\u00e8re fois, partout dans le monde\u00a0\u00bb, a \u00e9crit \u00ab\u00a0Stan the Man\u00a0\u00bb.<\/p>\n<p>En 2026, il cherchera sans doute \u00e0 couronner sa carri\u00e8re avec un dernier titre, m\u00eame si son dernier sur le circuit ATP remonte \u00e0 2017 \u00e0 Gen\u00e8ve. \u00ab\u00a0J&rsquo;ai encore des r\u00eaves dans ce sport. Je veux toujours repousser mes limites et terminer cette aventure de la meilleure fa\u00e7on possible\u00a0\u00bb, a promis le Vaudois.<\/p>\n<p class=\"sources\">ats\/efas<\/p>\n","protected":false},"excerpt":{"rendered":"Stan Wawrinka prendra sa retraite sportive \u00e0 la fin de la saison 2026. Le Vaudois de 40 ans,&hellip;\n","protected":false},"author":2,"featured_media":610008,"comment_status":"","ping_status":"","sticky":false,"template":"","format":"standard","meta":{"footnotes":""},"categories":[1415],"tags":[37348,1011,27,72117,137,801,517,60,2232,1467,21369],"class_list":{"0":"post-610007","1":"post","2":"type-post","3":"status-publish","4":"format-standard","5":"has-post-thumbnail","7":"category-tennis","8":"tag-canton-de-vaud","9":"tag-fr","10":"tag-france","11":"tag-grand-chelem-de-tennis","12":"tag-retraite","13":"tag-social","14":"tag-sport","15":"tag-sports","16":"tag-stanislas-wawrinka","17":"tag-tennis","18":"tag-vainqueur"},"share_on_mastodon":{"url":"https:\/\/pubeurope.com\/@fr\/115747541709619317","error":""},"_links":{"self":[{"href":"https:\/\/www.europesays.com\/fr\/wp-json\/wp\/v2\/posts\/610007","targetHints":{"allow":["GET"]}}],"collection":[{"href":"https:\/\/www.europesays.com\/fr\/wp-json\/wp\/v2\/posts"}],"about":[{"href":"https:\/\/www.europesays.com\/fr\/wp-json\/wp\/v2\/types\/post"}],"author":[{"embeddable":true,"href":"https:\/\/www.europesays.com\/fr\/wp-json\/wp\/v2\/users\/2"}],"replies":[{"embeddable":true,"href":"https:\/\/www.europesays.com\/fr\/wp-json\/wp\/v2\/comments?post=610007"}],"version-history":[{"count":0,"href":"https:\/\/www.europesays.com\/fr\/wp-json\/wp\/v2\/posts\/610007\/revisions"}],"wp:featuredmedia":[{"embeddable":true,"href":"https:\/\/www.europesays.com\/fr\/wp-json\/wp\/v2\/media\/610008"}],"wp:attachment":[{"href":"https:\/\/www.europesays.com\/fr\/wp-json\/wp\/v2\/media?parent=610007"}],"wp:term":[{"taxonomy":"category","embeddable":true,"href":"https:\/\/www.europesays.com\/fr\/wp-json\/wp\/v2\/categories?post=610007"},{"taxonomy":"post_tag","embeddable":true,"href":"https:\/\/www.europesays.com\/fr\/wp-json\/wp\/v2\/tags?post=610007"}],"curies":[{"name":"wp","href":"https:\/\/api.w.org\/{rel}","templated":true}]}}