{"id":610009,"date":"2025-12-19T18:05:15","date_gmt":"2025-12-19T18:05:15","guid":{"rendered":"https:\/\/www.europesays.com\/fr\/610009\/"},"modified":"2025-12-19T18:05:15","modified_gmt":"2025-12-19T18:05:15","slug":"cyclisme-route-pauline-ferrand-prevot-lannee-prochaine-sera-excellente-pour-moi","status":"publish","type":"post","link":"https:\/\/www.europesays.com\/fr\/610009\/","title":{"rendered":"Cyclisme. Route &#8211; Pauline Ferrand-Pr\u00e9vot : \u00abL&rsquo;ann\u00e9e prochaine sera excellente pour moi&#8230;\u00bb"},"content":{"rendered":"<p>Apr\u00e8s une ann\u00e9e 2025 hors normes,<strong> <a href=\"https:\/\/www.cyclismactu.net\/..\/news-route-pauline-ferrand-prevot-je-ne-peux-pas-vraiment-dire-que-j-aime-courir-90962.html\" target=\"_blank\" rel=\"noopener\">Pauline Ferrand-Pr\u00e9vot<\/a><\/strong> s\u2019est accord\u00e9 un temps de r\u00e9flexion pour analyser son parcours. Invit\u00e9e du podcast <a href=\"https:\/\/www.youtube.com\/watch?v=lEFDr7HEqD0\" target=\"_blank\" rel=\"noopener\">Inside the Beehive<\/a>, produit par sa formation <strong><a href=\"https:\/\/www.cyclismactu.net\/..\/news-cyclo-cross-route-fem-van-empel-quitte-equipe-visma-et-met-sa-carriere-en-pause-91294.html\" target=\"_blank\" rel=\"noopener\">Visma | Lease a Bike<\/a> <\/strong>et mis en ligne cette semaine, la laur\u00e9ate du dernier <strong>Tour de France Femmes <\/strong>est revenue en d\u00e9tail sur la saison \u00e9coul\u00e9e, tout en se projetant vers les d\u00e9fis \u00e0 venir :\u00a0\u00ab\u00a0J&rsquo;ai beaucoup appris l&rsquo;ann\u00e9e derni\u00e8re. j&rsquo;ai le sentiment que l&rsquo;ann\u00e9e prochaine sera excellente pour moi, car j&rsquo;ai tellement appris l&rsquo;ann\u00e9e derni\u00e8re que je sais d\u00e9sormais ce que je dois faire, et je peux simplement mettre en pratique ce que j&rsquo;ai appris l&rsquo;ann\u00e9e derni\u00e8re.\u00a0\u00bb<\/p>\n<p>Vid\u00e9o &#8211; Pauline Ferrand-Pr\u00e9vot, vainqueure du Tour de France Femmes Lire la suite de l&rsquo;article&#13;<\/p>\n<p>\u00a0<\/p>\n<p>&#13;<br \/>\nObjectifs Classiques et Championnats du Monde&#13;<\/p>\n<p>\u00ab\u00a0J&rsquo;ai beaucoup appris l&rsquo;ann\u00e9e derni\u00e8re\u00a0\u00bb, a t&rsquo;elle d\u00e9clar\u00e9, avant d\u2019\u00e9voquer la suite de sa carri\u00e8re avec ambition : \u00ab\u00a0j&rsquo;ai le sentiment que l&rsquo;ann\u00e9e prochaine sera excellente pour moi, car j&rsquo;ai tellement appris l&rsquo;ann\u00e9e derni\u00e8re que je sais d\u00e9sormais ce que je dois faire, et je peux simplement mettre en pratique ce que j&rsquo;ai appris l&rsquo;ann\u00e9e derni\u00e8re.\u00a0\u00bb<\/p>\n<p>&#13;<\/p>\n<p style=\"text-align: center;\">\n<p>&#13;<\/p>\n<p>\u00a0<\/p>\n<p>&#13;<\/p>\n<p>D\u00e9j\u00e0 victorieuse de <strong>Paris-Roubaix<\/strong> sous les couleurs de\u00a0<strong>Visma | Lease a Bike<\/strong>, la Fran\u00e7aise a \u00e9galement pr\u00e9cis\u00e9 ses objectifs futurs: \u00ab\u00a0Je veux essayer de remporter le Tour des Flandres et Li\u00e8ge. (&#8230;) Je pense aussi sinc\u00e8rement que je peux \u00eatre plus r\u00e9guli\u00e8re tout au long de la saison. J&rsquo;aimerais remporter davantage de courses classiques, et je veux aussi essayer de gagner \u00e0 nouveau le Tour de France et de devenir championne du monde l&rsquo;ann\u00e9e prochaine.\u00a0\u00bb<\/p>\n","protected":false},"excerpt":{"rendered":"Apr\u00e8s une ann\u00e9e 2025 hors normes, Pauline Ferrand-Pr\u00e9vot s\u2019est accord\u00e9 un temps de r\u00e9flexion pour analyser son parcours.&hellip;\n","protected":false},"author":2,"featured_media":610010,"comment_status":"","ping_status":"","sticky":false,"template":"","format":"standard","meta":{"footnotes":""},"categories":[1411],"tags":[1154,207,211,1011,27,209,60,210,212,208,213],"class_list":{"0":"post-610009","1":"post","2":"type-post","3":"status-publish","4":"format-standard","5":"has-post-thumbnail","7":"category-cyclisme","8":"tag-cycling","9":"tag-cyclisme","10":"tag-ffc","11":"tag-fr","12":"tag-france","13":"tag-route","14":"tag-sports","15":"tag-tour-de-france","16":"tag-uci","17":"tag-velo","18":"tag-world-tour"},"share_on_mastodon":{"url":"https:\/\/pubeurope.com\/@fr\/115747561399715066","error":""},"_links":{"self":[{"href":"https:\/\/www.europesays.com\/fr\/wp-json\/wp\/v2\/posts\/610009","targetHints":{"allow":["GET"]}}],"collection":[{"href":"https:\/\/www.europesays.com\/fr\/wp-json\/wp\/v2\/posts"}],"about":[{"href":"https:\/\/www.europesays.com\/fr\/wp-json\/wp\/v2\/types\/post"}],"author":[{"embeddable":true,"href":"https:\/\/www.europesays.com\/fr\/wp-json\/wp\/v2\/users\/2"}],"replies":[{"embeddable":true,"href":"https:\/\/www.europesays.com\/fr\/wp-json\/wp\/v2\/comments?post=610009"}],"version-history":[{"count":0,"href":"https:\/\/www.europesays.com\/fr\/wp-json\/wp\/v2\/posts\/610009\/revisions"}],"wp:featuredmedia":[{"embeddable":true,"href":"https:\/\/www.europesays.com\/fr\/wp-json\/wp\/v2\/media\/610010"}],"wp:attachment":[{"href":"https:\/\/www.europesays.com\/fr\/wp-json\/wp\/v2\/media?parent=610009"}],"wp:term":[{"taxonomy":"category","embeddable":true,"href":"https:\/\/www.europesays.com\/fr\/wp-json\/wp\/v2\/categories?post=610009"},{"taxonomy":"post_tag","embeddable":true,"href":"https:\/\/www.europesays.com\/fr\/wp-json\/wp\/v2\/tags?post=610009"}],"curies":[{"name":"wp","href":"https:\/\/api.w.org\/{rel}","templated":true}]}}