{"id":610012,"date":"2025-12-19T18:07:13","date_gmt":"2025-12-19T18:07:13","guid":{"rendered":"https:\/\/www.europesays.com\/fr\/610012\/"},"modified":"2025-12-19T18:07:13","modified_gmt":"2025-12-19T18:07:13","slug":"exclu-stephane-bern-dans-dals-ils-ont-un-peu-il-leve-le-voile-sur-la-reaction-de-france-televisions-tele-star","status":"publish","type":"post","link":"https:\/\/www.europesays.com\/fr\/610012\/","title":{"rendered":"EXCLU. St\u00e9phane Bern dans DALS : &quot;Ils ont un peu&#8230;&quot;, il l\u00e8ve le voile sur la r\u00e9action de France T\u00e9l\u00e9visions &#8211; T\u00e9l\u00e9 Star"},"content":{"rendered":"<ol>\n<li><a href=\"https:\/\/news.google.com\/rss\/articles\/CBMi4wFBVV95cUxNNWtEcDdfcDZETmFraWNxVFA5c29tUFJwV1hpT3V5VDFVVHNLMG5WclNnNDgxTGNfLWpNMHI1SXZVbnlKYUFHT1djLVc4d2hINDJ1NFByTnNIb0ZiWmZvS2QwTVZMVUdXdExEaFdsZ010a2xpSTJ6OXVxb3UxX29oVHJSV0JReEVwQktYVFBtbVhkMXZ1Z3d4dExGOHBDT2htU013NnBSYmVBcG1CSHBBZS0zTV9aekNfSWtfUVZRUnNEMjdOWjJMSWZWQWdEZU5FczlWaTdLdG9mSEFTUERTeXRPNA?oc=5\" target=\"_blank\" rel=\"noopener\">EXCLU. St\u00e9phane Bern dans DALS : \u00ab\u00a0Ils ont un peu&#8230;\u00a0\u00bb, il l\u00e8ve le voile sur la r\u00e9action de France T\u00e9l\u00e9visions<\/a>&nbsp;&nbsp;T\u00e9l\u00e9 Star<\/li>\n<li><a href=\"https:\/\/news.google.com\/rss\/articles\/CBMiuwFBVV95cUxQcXJrOWRsVHAweUZadzFfMG1lT1dmVkVjWFhxNERpZmdXX3NEaWtUWE1uZ3Fuc1BZMjJHZnZtRnFGZHlnVEtHVklpdEFyUUZRa21WMnB3eUFianRPVlhVT1hyME12MTRwUmtCdDFPelEydDcyelpNT19xQnQ5SUFWUThlNzY0QzY2ZE04TjQzY0tNRkkzM2l4MzVKSVZpTV9CVFdNeEJKeUFMVE52RmJVUGYxNUZmakZDMjdr?oc=5\" target=\"_blank\" rel=\"noopener\">\u00ab Danse avec les stars \u00bb sur TF1 : Denitsa Ikonomova est de retour et fixe ses objectifs<\/a>&nbsp;&nbsp;20 Minutes<\/li>\n<li><a href=\"https:\/\/news.google.com\/rss\/articles\/CBMiwAJBVV95cUxNaUV2TXVKdFBDS1BBN2hHSEl0dzBMOGUyUlRrelYzbDQ5WGNrUFdSQnhNQmVKbjE1eTVvNWRhZ3NKOFoxbnFsb2kwWDRXOTVJMk4zSUdBSVhreENRcFM5MnJlNTJoVERxMktlTGhjR2RWUUQtWEdnYXR4WVFMczFudkZJeURPYXJ1dl9RNWlzQVJGZEMyWURMRS1NZVNZbE1mNldvai0ybzZVLUl2bzA5SDNxU0FyalhGVXVyRWV5cUlNcVdKN2kyZnAtVWJ0MVgzRkNXME52a1ZkVHROVk0wYTM5bDlGQVpsMFBaUHNhRjVIT1ItOThkMUthMzNJWlRNMW0wYWZsM25ZVFVJSFJVNklRblNzd0pPdlhqNDdWbEw2ZzFoRnFScWxTZ1pNTHJPanQ1eE0zNEZIMnNYSnZOUg?oc=5\" target=\"_blank\" rel=\"noopener\">Retour de Denitsa Ikonomova, surprises, casting\u2026 \u00ab Danse avec les stars \u00bb d\u00e9voile sa nouvelle saison<\/a>&nbsp;&nbsp;Programme TV Ouest-France<\/li>\n<li><a href=\"https:\/\/news.google.com\/rss\/articles\/CBMivwFBVV95cUxQWHJkSVhadUh3ejVZMGdVRDJSbHBtWUh2N1hZMTJ5WVlhdS1CRDN1a2hZQk1Ib0U0eU5sR2VQZFVzVC0yQnNNSmltanktTG9MajhXM1V5Sk15Nk94UzlCcGRiVy02VjVVVjZYanFpVk94dEFEMXN6dDRJbkM4RTZSSVhoVnExUlFqLXhrVTRCMzh4eTRUVUo0Zkt3WW9ycTg4MHZrdl8yT1FaYjF3TDdRSXpqbmlydk83UmVyYnFEdw?oc=5\" target=\"_blank\" rel=\"noopener\">Danse avec les stars 2026 : premi\u00e8re rencontre entre les candidats de la nouvelle saison<\/a>&nbsp;&nbsp;parismatch.com<\/li>\n<li><a href=\"https:\/\/news.google.com\/rss\/articles\/CBMirwJBVV95cUxOSUx3UVlvLU5CX0N6bENwQ3h4b2JnRXBJQ2pDTTJha2liczY5M2FnMURfNTJKT0x2N3pYX3hYdkdZSmItbVIyNkJNZjRXOWd2UGZmS0dObFJPME52eFlXSGQyUHdJNzJ6UEtjVDJKcFpFYVZ2aHJ2ajFsaWZmZURELWFNajFISllHVkxHWGI3TldIa0R0VjhJbWpobEd2akI3ZDBiR1RsNDFoWmlvR1ZfU0ZENGhhNDdSU29sQUFFMlZEODc5U01KYURSbUtXU29BTEszMTB6WUtBNV9nTEtUeGxRMjdhVHhKSU90bElJQVdIMUpYaEo3NVAtdjlUT1hDWXlYMWRnMDFxTWU4TzhpajF5cGgzOE9KaVJNeGR6UmZmNndyUDlETjNyTl80bmc?oc=5\" target=\"_blank\" rel=\"noopener\">VID\u00c9O. Danse avec les stars : on a demand\u00e9 aux candidates leur pas de danse pr\u00e9f\u00e9r\u00e9<\/a>&nbsp;&nbsp;Programme TV Ouest-France<\/li>\n<\/ol>\n","protected":false},"excerpt":{"rendered":"EXCLU. St\u00e9phane Bern dans DALS : \u00ab\u00a0Ils ont un peu&#8230;\u00a0\u00bb, il l\u00e8ve le voile sur la r\u00e9action de&hellip;\n","protected":false},"author":2,"featured_media":610013,"comment_status":"","ping_status":"","sticky":false,"template":"","format":"standard","meta":{"footnotes":""},"categories":[1359],"tags":[548,14591,194,58,59,1011,27,973,18875],"class_list":{"0":"post-610012","1":"post","2":"type-post","3":"status-publish","4":"format-standard","5":"has-post-thumbnail","7":"category-people","8":"tag-article-simple","9":"tag-dals","10":"tag-danse-avec-les-stars","11":"tag-divertissement","12":"tag-entertainment","13":"tag-fr","14":"tag-france","15":"tag-people","16":"tag-stephane-bern"},"share_on_mastodon":{"url":"https:\/\/pubeurope.com\/@fr\/115747569397600371","error":""},"_links":{"self":[{"href":"https:\/\/www.europesays.com\/fr\/wp-json\/wp\/v2\/posts\/610012","targetHints":{"allow":["GET"]}}],"collection":[{"href":"https:\/\/www.europesays.com\/fr\/wp-json\/wp\/v2\/posts"}],"about":[{"href":"https:\/\/www.europesays.com\/fr\/wp-json\/wp\/v2\/types\/post"}],"author":[{"embeddable":true,"href":"https:\/\/www.europesays.com\/fr\/wp-json\/wp\/v2\/users\/2"}],"replies":[{"embeddable":true,"href":"https:\/\/www.europesays.com\/fr\/wp-json\/wp\/v2\/comments?post=610012"}],"version-history":[{"count":0,"href":"https:\/\/www.europesays.com\/fr\/wp-json\/wp\/v2\/posts\/610012\/revisions"}],"wp:featuredmedia":[{"embeddable":true,"href":"https:\/\/www.europesays.com\/fr\/wp-json\/wp\/v2\/media\/610013"}],"wp:attachment":[{"href":"https:\/\/www.europesays.com\/fr\/wp-json\/wp\/v2\/media?parent=610012"}],"wp:term":[{"taxonomy":"category","embeddable":true,"href":"https:\/\/www.europesays.com\/fr\/wp-json\/wp\/v2\/categories?post=610012"},{"taxonomy":"post_tag","embeddable":true,"href":"https:\/\/www.europesays.com\/fr\/wp-json\/wp\/v2\/tags?post=610012"}],"curies":[{"name":"wp","href":"https:\/\/api.w.org\/{rel}","templated":true}]}}