{"id":610016,"date":"2025-12-19T18:10:12","date_gmt":"2025-12-19T18:10:12","guid":{"rendered":"https:\/\/www.europesays.com\/fr\/610016\/"},"modified":"2025-12-19T18:10:12","modified_gmt":"2025-12-19T18:10:12","slug":"les-meilleures-series-de-2025-le-top-10-des-critiques-de-telerama-telerama","status":"publish","type":"post","link":"https:\/\/www.europesays.com\/fr\/610016\/","title":{"rendered":"Les meilleures s\u00e9ries de 2025 : le top 10 des critiques de \u201cT\u00e9l\u00e9rama\u201d &#8211; T\u00e9l\u00e9rama"},"content":{"rendered":"<ol>\n<li><a href=\"https:\/\/news.google.com\/rss\/articles\/CBMitwFBVV95cUxPQnhxNlVzNWhTZVNoeFVfVVNXcVFxbDRfcW1VQmk5d2pBRmZxNjJ1eUpzSnlrN2hmMl9sVXJrYWNaRWEtX0FjV2lxazFWWjhlLVgxb1pIM2RaZW83bEhhR3NlRUtNa2ZCekxZcTR6ZTh4RHpURTNKbTlQRWhTNUxKR0pMY3o2VGF0ekxPdzhyVjN4TUgwMldoSDFPdmpEc3NWRHVrWUpnRkNzb1ZpMzJveWlENFBwcTg?oc=5\" target=\"_blank\" rel=\"noopener\">Les meilleures s\u00e9ries de 2025 : le top 10 des critiques de \u201cT\u00e9l\u00e9rama\u201d<\/a>&nbsp;&nbsp;T\u00e9l\u00e9rama<\/li>\n<li><a href=\"https:\/\/news.google.com\/rss\/articles\/CBMi8AFBVV95cUxOYmY5UTBXazR2SGktOUJjVUgwdlRrUlNVUVJBLTFPeWg4TzNWY29WVlR0Ukctanp5R3g5Q1ZMalZmMHBJY0UzUlU0Y19NRUc0V0JuWGZlQzB4RU1ncXR3TWxFOEhLSGNSemd5cUtremlPLXlFSDdPQjhvWnBFOTEtbUdsRllXMGV4U0pmNnlQcXRjS0V0aXplUmo0MzZtN2lMWG1YSF9tSkR6LXc1TU5aRm5wZl9wZEd4UGw2NlJGSHhCTG1hZU9hbkZMWEtwd1RWTG1LOUpPTS1IZUlmcTlhRVZnUnRYVFpOSWJZT0JoRUo?oc=5\" target=\"_blank\" rel=\"noopener\">Le top 10 des s\u00e9ries 2025 du service Culture : \u00abAlien Earth\u00bb, \u00abPluribus\u00bb, \u00abLos A\u00f1os Nuevos\u00bb&#8230;<\/a>&nbsp;&nbsp;Lib\u00e9ration<\/li>\n<li><a href=\"https:\/\/news.google.com\/rss\/articles\/CBMiowFBVV95cUxNQmZMb3Z5QWRvekQ1QTI1TXVnYWJWa01pZ3dud0lwYkY4WVY1YzE4eHdBV2Q5NTBBY1k3bXpEYkxGaHpLZWxaU0ZXdmZRekFFOGV0cFhZY29oekZBREs5RFBrN0lzV2c3T1BuUzk5NWhXZnlzc3NHUUU5VDVnOEdVVDVpNzVyMC1LSUJvRlE0dUVydjQwdzduY2c5TXdjV3AzZTNr?oc=5\" target=\"_blank\" rel=\"noopener\">Les 7 meilleures nouvelles s\u00e9ries internationales de 2025<\/a>&nbsp;&nbsp;L\u2019actualit\u00e9<\/li>\n<li><a href=\"https:\/\/news.google.com\/rss\/articles\/CBMirAFBVV95cUxNU1JaZmphNU43c3RVMm5ROWhPdjR0Mm5WQ19xejAyTVV5QTZsYnhUbkpvemUzVlpnT3VhOVdNM3g5eHB3YTRzWTd0cnpkdVV0UWo3NlJjdndYWWMyWWFmYWdzTFRMYjZqNU1vYU9nZU9mbnJtOFFkX1ZGQ1ZUUzV6akc5bU8tU0ZhcEVVYzBCNUZxY2d4MGpMTWJ1ZGFnZmdnelh5cEJteTItSkdr?oc=5\" target=\"_blank\" rel=\"noopener\">Les meilleures s\u00e9ries fran\u00e7aises de 2025 : le top 10 de \u201cT\u00e9l\u00e9rama\u201d<\/a>&nbsp;&nbsp;T\u00e9l\u00e9rama<\/li>\n<li><a href=\"https:\/\/news.google.com\/rss\/articles\/CBMifkFVX3lxTE56WUxZdG1fQjFOa2JwdlBFNlZtYzBmcUpSTGlIeklnVmNFdEEyRFo2bm5vSnhKUmFLR3piM3ZHNnFnRzJ5eHpnM21vQ3lVYXV5bEo2RkJuVlRTb2I2alU2WG53eS1kZmI2ZjVkZlA1XzJmenY4OS1GWTVXRjdUdw?oc=5\" target=\"_blank\" rel=\"noopener\">La s\u00e9rie pr\u00e9f\u00e9r\u00e9e de la R\u00e9dac&rsquo; AlloCin\u00e9 en 2025 est-elle Bref.2 ou Adolescence ?<\/a>&nbsp;&nbsp;AlloCin\u00e9<\/li>\n<\/ol>\n","protected":false},"excerpt":{"rendered":"Les meilleures s\u00e9ries de 2025 : le top 10 des critiques de \u201cT\u00e9l\u00e9rama\u201d&nbsp;&nbsp;T\u00e9l\u00e9rama Le top 10 des s\u00e9ries&hellip;\n","protected":false},"author":2,"featured_media":610017,"comment_status":"","ping_status":"","sticky":false,"template":"","format":"standard","meta":{"footnotes":""},"categories":[1356],"tags":[58,59,1011,27,252,1364],"class_list":{"0":"post-610016","1":"post","2":"type-post","3":"status-publish","4":"format-standard","5":"has-post-thumbnail","7":"category-television","8":"tag-divertissement","9":"tag-entertainment","10":"tag-fr","11":"tag-france","12":"tag-television","13":"tag-tv"},"share_on_mastodon":{"url":"","error":""},"_links":{"self":[{"href":"https:\/\/www.europesays.com\/fr\/wp-json\/wp\/v2\/posts\/610016","targetHints":{"allow":["GET"]}}],"collection":[{"href":"https:\/\/www.europesays.com\/fr\/wp-json\/wp\/v2\/posts"}],"about":[{"href":"https:\/\/www.europesays.com\/fr\/wp-json\/wp\/v2\/types\/post"}],"author":[{"embeddable":true,"href":"https:\/\/www.europesays.com\/fr\/wp-json\/wp\/v2\/users\/2"}],"replies":[{"embeddable":true,"href":"https:\/\/www.europesays.com\/fr\/wp-json\/wp\/v2\/comments?post=610016"}],"version-history":[{"count":0,"href":"https:\/\/www.europesays.com\/fr\/wp-json\/wp\/v2\/posts\/610016\/revisions"}],"wp:featuredmedia":[{"embeddable":true,"href":"https:\/\/www.europesays.com\/fr\/wp-json\/wp\/v2\/media\/610017"}],"wp:attachment":[{"href":"https:\/\/www.europesays.com\/fr\/wp-json\/wp\/v2\/media?parent=610016"}],"wp:term":[{"taxonomy":"category","embeddable":true,"href":"https:\/\/www.europesays.com\/fr\/wp-json\/wp\/v2\/categories?post=610016"},{"taxonomy":"post_tag","embeddable":true,"href":"https:\/\/www.europesays.com\/fr\/wp-json\/wp\/v2\/tags?post=610016"}],"curies":[{"name":"wp","href":"https:\/\/api.w.org\/{rel}","templated":true}]}}