{"id":610032,"date":"2025-12-19T18:18:14","date_gmt":"2025-12-19T18:18:14","guid":{"rendered":"https:\/\/www.europesays.com\/fr\/610032\/"},"modified":"2025-12-19T18:18:14","modified_gmt":"2025-12-19T18:18:14","slug":"lacces-a-la-fontaine-de-trevi-a-rome-va-devenir-payant-pour-les-touristes-en-fevrier","status":"publish","type":"post","link":"https:\/\/www.europesays.com\/fr\/610032\/","title":{"rendered":"L\u2019acc\u00e8s \u00e0 la fontaine de Trevi \u00e0 Rome va devenir payant pour les touristes en f\u00e9vrier"},"content":{"rendered":"<p>                      <img loading=\"lazy\" decoding=\"async\" src=\"https:\/\/www.europesays.com\/fr\/wp-content\/uploads\/2025\/12\/434c924_ftp-1-rdrlelyyjt4e-5717214-01-06.jpg\" alt=\"Un homme tient une pancarte sur laquelle est inscrit \u00ab Entr\u00e9e \u00bb devant la fontaine de Trevi, \u00e0 Rome, le 19\u00a0d\u00e9cembre 2025.\"   width=\"664\" height=\"443\"\/>    Un homme tient une pancarte sur laquelle est inscrit \u00ab Entr\u00e9e \u00bb devant la fontaine de Trevi, \u00e0 Rome, le 19\u00a0d\u00e9cembre 2025.  FILIPPO MONTEFORTE \/ AFP                          <\/p>\n<p class=\"article__paragraph  \">Les touristes devront verser deux euros pour avoir acc\u00e8s \u00e0 la fontaine de Trevi \u00e0 Rome \u00e0 partir du 1er\u00a0f\u00e9vrier, ce qui devrait rapporter 6,5\u00a0millions d\u2019euros par an \u00e0 la Ville, a annonc\u00e9 le maire de la capitale italienne, Roberto Gualtieri, vendredi 19\u00a0d\u00e9cembre. Seuls les Romains b\u00e9n\u00e9ficieront toujours de la gratuit\u00e9.<\/p>\n<p class=\"article__paragraph  \">Le monument, qui attire chaque jour de vastes foules, restera visible gratuitement \u00e0 distance, mais l\u2019acc\u00e8s de proximit\u00e9 sera r\u00e9serv\u00e9 aux d\u00e9tenteurs de billets, a pr\u00e9cis\u00e9 le maire lors d\u2019une conf\u00e9rence de presse. Cinq autres sites sont concern\u00e9s et leur acc\u00e8s co\u00fbtera cinq euros.<\/p>\n<p class=\"article__paragraph  \">Ce chef-d\u2019\u0153uvre baroque construit sur la fa\u00e7ade d\u2019un palais est l\u2019un des sites les plus populaires de Rome, rendu c\u00e9l\u00e8bre par<a href=\"https:\/\/www.lemonde.fr\/archives\/article\/1960\/02\/20\/la-dolce-vita-de-federico-fellini-expose-les-tristes-debordements-d-une-petite-societe-corrompue_2100578_1819218.html\" target=\"_blank\" rel=\"noopener\"> La Dolce Vita, film de Federico Fellini,<\/a> dans lequel Anita Ekberg invite Marcello Mastroianni \u00e0 la rejoindre dans le bassin de la fontaine. Il est l\u2019un des lieux les plus pris\u00e9s par les nombreux visiteurs qui explorent la Ville \u00e9ternelle.<\/p>\n<p class=\"article__paragraph  \">Formuler un v\u0153u et jeter une pi\u00e8ce dans l\u2019eau est une tradition si ancr\u00e9e que les autorit\u00e9s collectent des milliers d\u2019euros par semaine, qui sont ensuite remis \u00e0 l\u2019association Caritas. Entre le 1er\u00a0janvier et le 8\u00a0d\u00e9cembre, quelque neuf millions de touristes ont visit\u00e9 la zone qui se situe juste devant la fontaine, soit une moyenne de 30\u00a0000 personnes par jour, a d\u00e9clar\u00e9 M. Gualtieri. La mairie avait d\u00e9j\u00e0 annonc\u00e9 vouloir r\u00e9guler l\u2019acc\u00e8s \u00e0 la fontaine en raison d\u2019une trop forte affluence dans cette zone, cible de pickpockets.<\/p>\n<p class=\"article__paragraph  \">Ce n\u2019est pas la premi\u00e8re fois que les autorit\u00e9s italiennes introduisent des tarifs pour les monuments. Le Panth\u00e9on, une \u00e9glise install\u00e9e dans un ancien temple romain, a commenc\u00e9 \u00e0 faire payer les visiteurs en\u00a02023, et Venise a introduit l\u2019an dernier un droit d\u2019entr\u00e9e touristique pendant les p\u00e9riodes de forte affluence.<\/p>\n<p>                                       Lire aussi |  Article r\u00e9serv\u00e9 \u00e0 nos abonn\u00e9s  <a href=\"https:\/\/www.lemonde.fr\/m-le-mag\/article\/2025\/03\/28\/la-disneylandisation-de-la-ville-eternelle-une-inquietude-grandissante-pour-les-romains_6586960_4500055.html\" class=\"js-article-read-also catcher--favoris__link\" data-premium=\"1\" id=\"article-title-3414659\" target=\"_blank\" rel=\"noopener\">Rome, l\u2019empire du tourisme\u00a0: la \u00ab\u00a0disneylandisation\u00a0\u00bb de la capitale italienne pr\u00e9occupe ses habitants<\/a>    <\/p>\n<p>   Lire plus tard  <\/p>\n<p class=\"author__detail\">  Le Monde avec AFP  <\/p>\n<p>                <a href=\"https:\/\/www.lemonde.fr\/syndication\/\" class=\"reuse__content\" title=\"R\u00e9utiliser ce contenu\" target=\"_blank\" rel=\"noopener\">R\u00e9utiliser ce contenu<\/a>      <\/p>\n","protected":false},"excerpt":{"rendered":"Un homme tient une pancarte sur laquelle est inscrit \u00ab Entr\u00e9e \u00bb devant la fontaine de Trevi, \u00e0&hellip;\n","protected":false},"author":2,"featured_media":610033,"comment_status":"","ping_status":"","sticky":false,"template":"","format":"standard","meta":{"footnotes":""},"categories":[5],"tags":[11,1011,27,14,12,28],"class_list":{"0":"post-610032","1":"post","2":"type-post","3":"status-publish","4":"format-standard","5":"has-post-thumbnail","7":"category-international","8":"tag-actualites","9":"tag-fr","10":"tag-france","11":"tag-international","12":"tag-news","13":"tag-world"},"share_on_mastodon":{"url":"https:\/\/pubeurope.com\/@fr\/115747614696723335","error":""},"_links":{"self":[{"href":"https:\/\/www.europesays.com\/fr\/wp-json\/wp\/v2\/posts\/610032","targetHints":{"allow":["GET"]}}],"collection":[{"href":"https:\/\/www.europesays.com\/fr\/wp-json\/wp\/v2\/posts"}],"about":[{"href":"https:\/\/www.europesays.com\/fr\/wp-json\/wp\/v2\/types\/post"}],"author":[{"embeddable":true,"href":"https:\/\/www.europesays.com\/fr\/wp-json\/wp\/v2\/users\/2"}],"replies":[{"embeddable":true,"href":"https:\/\/www.europesays.com\/fr\/wp-json\/wp\/v2\/comments?post=610032"}],"version-history":[{"count":0,"href":"https:\/\/www.europesays.com\/fr\/wp-json\/wp\/v2\/posts\/610032\/revisions"}],"wp:featuredmedia":[{"embeddable":true,"href":"https:\/\/www.europesays.com\/fr\/wp-json\/wp\/v2\/media\/610033"}],"wp:attachment":[{"href":"https:\/\/www.europesays.com\/fr\/wp-json\/wp\/v2\/media?parent=610032"}],"wp:term":[{"taxonomy":"category","embeddable":true,"href":"https:\/\/www.europesays.com\/fr\/wp-json\/wp\/v2\/categories?post=610032"},{"taxonomy":"post_tag","embeddable":true,"href":"https:\/\/www.europesays.com\/fr\/wp-json\/wp\/v2\/tags?post=610032"}],"curies":[{"name":"wp","href":"https:\/\/api.w.org\/{rel}","templated":true}]}}