{"id":610034,"date":"2025-12-19T18:19:21","date_gmt":"2025-12-19T18:19:21","guid":{"rendered":"https:\/\/www.europesays.com\/fr\/610034\/"},"modified":"2025-12-19T18:19:21","modified_gmt":"2025-12-19T18:19:21","slug":"municipales-a-paris-rachida-dati-relance-son-projet-de-grilles-au-champ-de-mars-une-proposition-controversee","status":"publish","type":"post","link":"https:\/\/www.europesays.com\/fr\/610034\/","title":{"rendered":"Municipales \u00e0 Paris\u00a0: Rachida Dati relance son projet de grilles au Champ-de-Mars, une proposition controvers\u00e9e"},"content":{"rendered":"<p class=\"paragraph text_align_left lp-f-body-02\">Une proposition qui fait son grand retour\u00a0: fermer <a href=\"https:\/\/www.leparisien.fr\/sports\/paris-eiffel-jumping-dans-les-coulisses-de-la-metamorphose-du-champ-de-mars-pret-a-accueillir-240-chevaux-21-06-2025-4LP24I2MRREDBHKTAMD34WWYPA.php\" target=\"_self\" rel=\"noopener\">le Champ-de-Mars<\/a> la nuit, l\u2019une des mesures annonc\u00e9es en d\u00e9but de semaine par <a href=\"https:\/\/www.leparisien.fr\/politique\/rachida-dati\/\" target=\"_self\" rel=\"noopener\">Rachida Dati<\/a> dans le cadre de sa campagne <a href=\"https:\/\/www.leparisien.fr\/elections\/municipales\/municipales-paris\/\" target=\"_self\" rel=\"noopener\">pour briguer l\u2019H\u00f4tel de Ville de Paris<\/a>.<\/p>\n<p class=\"\">La candidate LR souhaite en effet installer des grilles autour du jardin au pied de <a href=\"https:\/\/www.leparisien.fr\/paris-75\/tour-eiffel\/\" target=\"_self\" rel=\"noopener\">la tour Eiffel<\/a>, aujourd\u2019hui enti\u00e8rement ouvert. Une transformation qu\u2019elle porte depuis de nombreuses ann\u00e9es.<\/p>\n<p class=\"\">\u00ab\u00a0Les agressions se sont multipli\u00e9es\u00a0\u00bb dans ce lieu embl\u00e9matique de la capitale, justifie aujourd\u2019hui l\u2019actuelle maire du <a href=\"https:\/\/www.leparisien.fr\/paris-75\/paris-75007\/\" target=\"_self\" rel=\"noopener\">VIIe\u00a0arrondissement<\/a>, celui o\u00f9 se trouve le jardin de 24 hectares. \u00ab\u00a0Ces grilles permettront aussi d\u2019\u00e9viter le commerce ill\u00e9gal, le vol \u00e0 la tire et les agressions de toutes sortes durant la journ\u00e9e\u00a0\u00bb, explique Rachida Dati, promettant \u00e9galement la cr\u00e9ation d\u2019une \u00ab\u00a0antenne de police d\u00e9di\u00e9e dot\u00e9e d\u2019une brigade \u00e9questre\u00a0\u00bb pour le Champ-de-Mars, comme pour les bois de Boulogne et de Vincennes (XVIe).<\/p>\n<p class=\"\">En 2022, <a href=\"https:\/\/www.leparisien.fr\/paris-75\/rachida-dati-je-souhaite-que-le-champ-de-mars-soit-ferme-la-nuit-15-04-2022-R3UAG4CNZBGURO4CGRO6PSOCRE.php?ts=1766144849739\" target=\"_self\" rel=\"noopener\">la maire du VIIe\u00a0arrondissement d\u00e9veloppait d\u00e9j\u00e0 cette proposition dans nos colonnes<\/a>, arguant \u00ab\u00a0des raisons de s\u00e9curit\u00e9 \u00e9videntes\u00a0\u00bb et \u00ab\u00a0des raisons \u00e9cologiques\u00a0\u00bb.<\/p>\n<p class=\"\">\u00c0 l\u2019origine, cette proposition figure dans un livre blanc r\u00e9dig\u00e9 en 2006 par l\u2019Association des amis du Champ-de-Mars, qui regroupe des centaines de riverains. Ces derniers voyaient dans ces grilles un moyen simple de \u00ab\u00a0faciliter la surveillance, d\u2019am\u00e9liorer la s\u00e9curit\u00e9, de limiter les d\u00e9gradations\u00a0\u00bb. Une id\u00e9e que Rachida Dati a ensuite reprise et port\u00e9e au fil des ann\u00e9es.<\/p>\n<p>\u00ab\u00a0Les touristes sont devenus des proies\u00a0\u00bb<\/p>\n<p class=\"\">\u00ab\u00a0Le niveau d\u2019ins\u00e9curit\u00e9 au Champ de Mars est d\u2019une gravit\u00e9 extr\u00eame, d\u00e9nonce Nelly Garnier, porte-parole de campagne de Rachida Dati. C\u2019est devenu un lieu o\u00f9 le droit des femmes \u00e0 circuler de jour comme de nuit est remis en cause.\u00a0\u00bb<\/p>\n<p class=\"\">La conseill\u00e8re de Paris explique que cette mesure serait efficace toute la journ\u00e9e. \u00ab\u00a0De jour, le contr\u00f4le des acc\u00e8s permettra de lutter plus efficacement <a href=\"https:\/\/www.leparisien.fr\/faits-divers\/apres-la-parenthese-des-jeux-les-arnaqueurs-au-bonneteau-ont-repris-leurs-marques-a-paris-ca-rapporte-gros-02-08-2025-32KSSWCD2RD2TPTYNNE2N3E7MI.php\" target=\"_blank\" rel=\"noreferrer noopener\">contre la vente \u00e0 la sauvette<\/a>, les pick-pockets et autres trafics. Et la nuit, les grilles emp\u00eacheront que des femmes soient mise en danger. Sur ce lieu, les touristes et passants sont devenus des proies.\u00a0\u00bb<\/p>\n<p class=\"\">\u00ab\u00a0Ce plan a aussi vocation \u00e0 remettre ce jardin au m\u00eame niveau d\u2019exception patrimoniale que des parcs comme les Tuileries ou le Luxembourg, continue aupr\u00e8s du Parisien Nelly Garnier. Il faut reprendre cet espace en main, pour que les Parisiens puissent en profiter.\u00a0\u00bb<\/p>\n<p>\u00ab\u00a0Ce n\u2019est pas les Buttes-Chaumont\u00a0\u00bb<\/p>\n<p class=\"\">Mais cette proposition fait grincer beaucoup de dents. Philippe Khayat, pr\u00e9sident de l\u2019association SOS Paris, se montre cat\u00e9gorique\u00a0: \u00ab\u00a0Nous avons d\u00e9j\u00e0 mis en place <a href=\"https:\/\/www.leparisien.fr\/paris-75\/paris-voici-le-mur-de-verre-de-la-tour-eiffel-14-06-2018-7772067.php\" target=\"_self\" rel=\"noopener\">une vilaine enceinte autour de la tour Eiffel<\/a>. On ferait un compartiment pour la tour Eiffel et un compartiment pour le parc\u00a0? Non merci.\u00a0\u00bb<\/p>\n<p class=\"\">\u00ab\u00a0Ce n\u2019est pas <a href=\"https:\/\/www.leparisien.fr\/paris-75\/parc-des-buttes-chaumont-a-paris-quattendent-les-usagers-du-chantier-du-siecle-a-100-millions-deuros-04-12-2025-PLYDOHDAWZBPZFE5KBN7R4DA4Q.php\" target=\"_self\" rel=\"noopener\">les Buttes-Chaumont<\/a> ou le jardin du Luxembourg\u00a0\u00bb, embraye le pr\u00e9sident de la Soci\u00e9t\u00e9 d\u2019exploitation de la tour Eiffel (Sete) Jean-Fran\u00e7ois Martins, qui rappelle que \u00ab\u00a020\u00a0millions de personnes visitent les alentours de la tour chaque ann\u00e9e\u00a0\u00bb. \u00ab\u00a0Toutes ces personnes, vous allez les comprimer ailleurs, <a href=\"https:\/\/www.leparisien.fr\/faits-divers\/arnaque-au-bonneteau-cartoke-et-son-gang-de-scorpions-escroquaient-les-touristes-au-pied-de-la-tour-eiffel-12-12-2025-4YAAJTKDIRAMBB577MBEKFMX3I.php\" target=\"_self\" rel=\"noopener\">sur le Trocad\u00e9ro<\/a> et les rues adjacentes. Surtout le soir, l\u2019\u00e9t\u00e9. Beaucoup de gens viennent au parc\u00a0\u00bb, poursuit le conseiller de Paris \u00ab\u00a0Paris en Commun\u00a0\u00bb, estimant qu\u2019un tel projet \u00ab\u00a0ne passerait pas une seconde la barre <a href=\"https:\/\/www.leparisien.fr\/paris-75\/il-faut-accepter-que-paris-change-la-difficile-conciliation-entre-renovation-energetique-et-defense-du-patrimoine-31-01-2025-G3AAEHNB5NB7RJEEFJN4K7FEK4.php\" target=\"_self\" rel=\"noopener\">des architectes des B\u00e2timents de France<\/a>\u00a0\u00bb.<\/p>\n<p>\u00ab\u00a0Le parc pourrait \u00eatre divis\u00e9 en deux parties\u00a0\u00bb<\/p>\n<p class=\"\">Au-del\u00e0 de l\u2019aspect patrimonial, Philippe Khayat soul\u00e8ve les complications pratiques d\u2019un tel projet\u00a0: \u00ab\u00a0L\u2019ajout de grilles poserait la question de la circulation en coupant la liaison entre le VIIe et le <a href=\"https:\/\/www.leparisien.fr\/paris-75\/paris-75015\/\" target=\"_self\" rel=\"noopener\">XVe\u00a0arrondissements<\/a>.\u00a0\u00bb Il s\u2019interroge\u00a0: \u00ab\u00a0Si l\u2019art\u00e8re centrale n\u2019est pas ferm\u00e9e, le parc pourrait \u00eatre divis\u00e9 en deux parties, ce qui cr\u00e9erait encore plus de grilles.\u00a0\u00bb<\/p>\n<p class=\"\">Pourtant, du c\u00f4t\u00e9 de l\u2019Association des amis du Champ-de-Mars, \u00e0 l\u2019origine m\u00eame de cette proposition, la position a \u00e9volu\u00e9. \u00ab\u00a0Il est difficile de d\u00e9finir un consensus\u00a0\u00bb, reconna\u00eet G\u00e9rard Der Agobian, pr\u00e9sident de l\u2019association.<\/p>\n<p class=\"\">Pour ce dernier, la priorit\u00e9 est ailleurs\u00a0: \u00ab\u00a0Notre premi\u00e8re demande est d\u2019\u00e9tablir une entit\u00e9 d\u00e9di\u00e9e, compos\u00e9e de gardiens, de policiers municipaux et de policiers nationaux, avec une pr\u00e9sence constante sur le Champ de Mars.\u00a0\u00bb Il r\u00e9clame \u00ab\u00a0une pr\u00e9sence effective d\u2019au moins 12\u00a0heures par jour pour assurer la s\u00e9curit\u00e9, car s\u2019il n\u2019y a pas de personnel pour garantir la s\u00e9curit\u00e9, le probl\u00e8me ne sera pas r\u00e9solu\u00a0\u00bb.<\/p>\n<p>Un discours contest\u00e9 par les chiffres de la police<\/p>\n<p class=\"\">Si la candidate LR insiste r\u00e9guli\u00e8rement sur une augmentation de l\u2019ins\u00e9curit\u00e9 au Champ-de-Mars, <a href=\"https:\/\/www.leparisien.fr\/paris-75\/paris-y-a-t-il-des-agressions-sexuelles-tous-les-jours-au-champ-de-mars-comme-laffirme-rachida-dati-25-03-2025-DZXL357PLJDZXNFX57FHSJAYUY.php\" target=\"_self\" rel=\"noopener\">les statistiques officielles de la police nuancent ce constat<\/a>. En 2024, un viol et sept agressions sexuelles ont \u00e9t\u00e9 enregistr\u00e9s dans le secteur, contre cinq viols et neuf agressions sexuelles en 2023. Si des faits divers graves ont effectivement marqu\u00e9 les esprits \u2014 viols de touristes \u00e9trang\u00e8res en 2023 notamment \u2014, une suppos\u00e9e fr\u00e9quence quotidienne ne correspond pas \u00e0 la r\u00e9alit\u00e9 des donn\u00e9es polici\u00e8res.<\/p>\n<p class=\"\">Plus largement, la d\u00e9linquance visant les touristes a connu une <a href=\"https:\/\/www.leparisien.fr\/paris-75\/champ-de-mars-trocadero-a-paris-la-delinquance-visant-les-touristes-encore-a-la-baisse-17-07-2025-6EFPVK2XLBDABH66QAUMCXT6FM.php\" target=\"_blank\" rel=\"noreferrer noopener\">baisse significative en 2024<\/a>, avec notamment une diminution de 56\u00a0% des atteintes \u00e0 l\u2019int\u00e9grit\u00e9 physique et de 72\u00a0% des vols avec violence sur le secteur Champ-de-Mars et Trocad\u00e9ro.<\/p>\n<p class=\"\">Sur ce point, Jean-Fran\u00e7ois Martins reconnait qu\u2019il y a \u00ab\u00a0des sujets \u00e0 traiter\u00a0\u00bb, mais maintient que l\u2019installation de grilles ne r\u00e9soudra rien. \u00ab\u00a0Les 20\u00a0millions de personnes, elles continueront \u00e0 venir\u00a0! Et la petite d\u00e9linquance autour des monuments, c\u2019est un ph\u00e9nom\u00e8ne qu\u2019on retrouve dans absolument tous les pays. L\u00e0, vous allez concentrer les touristes et donc concentrer les arnaques. C\u2019est la police qui arr\u00eate les d\u00e9linquants, pas des grilles.\u00a0\u00bb<\/p>\n","protected":false},"excerpt":{"rendered":"Une proposition qui fait son grand retour\u00a0: fermer le Champ-de-Mars la nuit, l\u2019une des mesures annonc\u00e9es en d\u00e9but&hellip;\n","protected":false},"author":2,"featured_media":610035,"comment_status":"","ping_status":"","sticky":false,"template":"","format":"standard","meta":{"footnotes":""},"categories":[4],"tags":[11,1011,27,1944,12,626,316,25],"class_list":{"0":"post-610034","1":"post","2":"type-post","3":"status-publish","4":"format-standard","5":"has-post-thumbnail","7":"category-france","8":"tag-actualites","9":"tag-fr","10":"tag-france","11":"tag-ma-ville","12":"tag-news","13":"tag-paris","14":"tag-politique","15":"tag-republique-francaise"},"share_on_mastodon":{"url":"https:\/\/pubeurope.com\/@fr\/115747616611886767","error":""},"_links":{"self":[{"href":"https:\/\/www.europesays.com\/fr\/wp-json\/wp\/v2\/posts\/610034","targetHints":{"allow":["GET"]}}],"collection":[{"href":"https:\/\/www.europesays.com\/fr\/wp-json\/wp\/v2\/posts"}],"about":[{"href":"https:\/\/www.europesays.com\/fr\/wp-json\/wp\/v2\/types\/post"}],"author":[{"embeddable":true,"href":"https:\/\/www.europesays.com\/fr\/wp-json\/wp\/v2\/users\/2"}],"replies":[{"embeddable":true,"href":"https:\/\/www.europesays.com\/fr\/wp-json\/wp\/v2\/comments?post=610034"}],"version-history":[{"count":0,"href":"https:\/\/www.europesays.com\/fr\/wp-json\/wp\/v2\/posts\/610034\/revisions"}],"wp:featuredmedia":[{"embeddable":true,"href":"https:\/\/www.europesays.com\/fr\/wp-json\/wp\/v2\/media\/610035"}],"wp:attachment":[{"href":"https:\/\/www.europesays.com\/fr\/wp-json\/wp\/v2\/media?parent=610034"}],"wp:term":[{"taxonomy":"category","embeddable":true,"href":"https:\/\/www.europesays.com\/fr\/wp-json\/wp\/v2\/categories?post=610034"},{"taxonomy":"post_tag","embeddable":true,"href":"https:\/\/www.europesays.com\/fr\/wp-json\/wp\/v2\/tags?post=610034"}],"curies":[{"name":"wp","href":"https:\/\/api.w.org\/{rel}","templated":true}]}}