{"id":610047,"date":"2025-12-19T18:26:20","date_gmt":"2025-12-19T18:26:20","guid":{"rendered":"https:\/\/www.europesays.com\/fr\/610047\/"},"modified":"2025-12-19T18:26:20","modified_gmt":"2025-12-19T18:26:20","slug":"rugby-touche-aux-cotes-jean-baptiste-gros-indisponible-plusieurs-semaines-et-incertain-pour-le","status":"publish","type":"post","link":"https:\/\/www.europesays.com\/fr\/610047\/","title":{"rendered":"Rugby. Touch\u00e9 aux c\u00f4tes, Jean-Baptiste Gros, indisponible plusieurs semaines et incertain pour le"},"content":{"rendered":"<p>La tuile. Bless\u00e9 lors de <a href=\"https:\/\/www.ouest-france.fr\/sport\/rugby\/coupe-d-europe\/direct-toulon-bath-suivez-le-match-de-la-2e-journee-de-champions-cup-en-live-27f3848e-4496-459a-890c-2c97758c3831\" target=\"_blank\" rel=\"noopener\">la victoire du RC Toulon face \u00e0 Bath en Champions Cup<\/a>, dimanche 14\u00a0d\u00e9cembre, le pilier gauche international, Jean-Baptiste Gros, devrait \u00eatre absent pendant six semaines, ce qui pourrait le priver du d\u00e9but du Tournoi des 6\u00a0Nations, a annonc\u00e9 le club ce vendredi 19\u00a0d\u00e9cembre.<\/p>\n<p>\u00ab\u00a0Touch\u00e9 aux c\u00f4tes\u00a0\u00bb<\/p>\n<p>\u00a0Jean-Baptiste Gros s\u2019est ajout\u00e9 \u00e0 l\u2019infirmerie pour six semaines, il est touch\u00e9 aux c\u00f4tes\u00a0, a expliqu\u00e9 Pierre Mignoni, le manager toulonnais, en conf\u00e9rence de presse vendredi, sans pr\u00e9cision suppl\u00e9mentaire.<\/p>\n<p>Le joueur aux 40\u00a0s\u00e9lections manquera donc le d\u00e9placement de son \u00e9quipe \u00e0 Bordeaux dimanche en Top 14, puis les deux derniers matches de poule de la Champions Cup, avant de potentiellement faire son retour fin janvier, une semaine seulement avant le d\u00e9but du Tournoi et le match entre le XV de France et l\u2019Irlande le jeudi 5\u00a0f\u00e9vrier (21\u00a0h\u00a010).<\/p>\n<p>Si sa blessure \u00e9volue positivement, le Toulonnais pourrait donc prendre part \u00e0 la comp\u00e9tition, lui qui a \u00e9t\u00e9 titulaire lors des cinq matches du Tournoi 2025 et deux fois cet automne face aux Fidji et \u00e0 l\u2019Australie.<\/p>\n<p><strong>Lire aussi\u00a0:<\/strong>\u00a0<a href=\"https:\/\/rennes.maville.com\/sport\/detail_-entretien.-les-mecs-sont-curieux-de-notre-vision-du-rugby-anthony-belleau-savoure-son-experience-en-angleterre-_54135-7096989_actu.Htm\" target=\"_blank\" rel=\"noopener\">ENTRETIEN. \u00ab\u00a0Les mecs sont curieux de notre vision du rugby\u00a0\u00bb\u00a0: Anthony Belleau savoure son exp\u00e9rience en Angleterre<\/a><\/p>\n<p>Le RC Toulon doit \u00e9galement toujours se passer de David Ribbans (dos), <a href=\"https:\/\/toulon.maville.com\/sport\/detail_-rc-toulon.-melvyn-jaminet-blesse-a-la-main-droite-sera-absent-huit-semaines-_53046-7106883_actu.Htm\" target=\"_blank\" rel=\"noopener\">Melvyn Jaminet (main)<\/a>, Beka Gigashvili (mollet), Antoine Frisch (pied), Matthias Halagahu (pied) et Gianmarco Lucchesi, victime d\u2019une rechute \u00e0 un genou apr\u00e8s avoir disput\u00e9 une mi-temps contre Bath.<\/p>\n<p>\u00a0Gianmarco a rechut\u00e9 au niveau de son genou, mais \u00e7a n\u2019a rien \u00e0 voir avec le ligament pour lequel il a \u00e9t\u00e9 op\u00e9r\u00e9, c\u2019est plut\u00f4t au niveau du cartilage. Il manquera trois semaines au minimum\u00a0, a confi\u00e9 Pierre Mignoni, qui peut n\u00e9anmoins compter sur le retour de l\u2019ailier Gabin Villi\u00e8re, pr\u00e9sent dans le groupe varois pour le d\u00e9placement en Gironde dimanche soir (21\u00a0h\u00a005).<\/p>\n<p>\u00a0<\/p>\n","protected":false},"excerpt":{"rendered":"La tuile. Bless\u00e9 lors de la victoire du RC Toulon face \u00e0 Bath en Champions Cup, dimanche 14\u00a0d\u00e9cembre,&hellip;\n","protected":false},"author":2,"featured_media":610048,"comment_status":"","ping_status":"","sticky":false,"template":"","format":"standard","meta":{"footnotes":""},"categories":[9619],"tags":[1111,11,3809,1465,1777,674,63,1011,27,1792,1922,12,882,25,479,4937,517,2310,1470],"class_list":{"0":"post-610047","1":"post","2":"type-post","3":"status-publish","4":"format-standard","5":"has-post-thumbnail","7":"category-toulon","8":"tag-actu","9":"tag-actualites","10":"tag-ball","11":"tag-basket","12":"tag-eu","13":"tag-europe","14":"tag-football","15":"tag-fr","16":"tag-france","17":"tag-handball","18":"tag-info","19":"tag-news","20":"tag-provence-alpes-cote-dazur","21":"tag-republique-francaise","22":"tag-rugby","23":"tag-saint-brieuc","24":"tag-sport","25":"tag-toulon","26":"tag-volley"},"share_on_mastodon":{"url":"https:\/\/pubeurope.com\/@fr\/115747644020921079","error":""},"_links":{"self":[{"href":"https:\/\/www.europesays.com\/fr\/wp-json\/wp\/v2\/posts\/610047","targetHints":{"allow":["GET"]}}],"collection":[{"href":"https:\/\/www.europesays.com\/fr\/wp-json\/wp\/v2\/posts"}],"about":[{"href":"https:\/\/www.europesays.com\/fr\/wp-json\/wp\/v2\/types\/post"}],"author":[{"embeddable":true,"href":"https:\/\/www.europesays.com\/fr\/wp-json\/wp\/v2\/users\/2"}],"replies":[{"embeddable":true,"href":"https:\/\/www.europesays.com\/fr\/wp-json\/wp\/v2\/comments?post=610047"}],"version-history":[{"count":0,"href":"https:\/\/www.europesays.com\/fr\/wp-json\/wp\/v2\/posts\/610047\/revisions"}],"wp:featuredmedia":[{"embeddable":true,"href":"https:\/\/www.europesays.com\/fr\/wp-json\/wp\/v2\/media\/610048"}],"wp:attachment":[{"href":"https:\/\/www.europesays.com\/fr\/wp-json\/wp\/v2\/media?parent=610047"}],"wp:term":[{"taxonomy":"category","embeddable":true,"href":"https:\/\/www.europesays.com\/fr\/wp-json\/wp\/v2\/categories?post=610047"},{"taxonomy":"post_tag","embeddable":true,"href":"https:\/\/www.europesays.com\/fr\/wp-json\/wp\/v2\/tags?post=610047"}],"curies":[{"name":"wp","href":"https:\/\/api.w.org\/{rel}","templated":true}]}}