{"id":610049,"date":"2025-12-19T18:27:17","date_gmt":"2025-12-19T18:27:17","guid":{"rendered":"https:\/\/www.europesays.com\/fr\/610049\/"},"modified":"2025-12-19T18:27:17","modified_gmt":"2025-12-19T18:27:17","slug":"vols-de-produits-cosmetiques-sous-une-veste-ample-une-montpellieraine-avait-dissimule-un-sac-accroche-a-sa-ceinture","status":"publish","type":"post","link":"https:\/\/www.europesays.com\/fr\/610049\/","title":{"rendered":"Vols de produits cosm\u00e9tiques\u00a0: sous une veste ample, une Montpelli\u00e9raine avait dissimul\u00e9 un sac accroch\u00e9 \u00e0 sa ceinture"},"content":{"rendered":"<p>\n                                                                Une enqu\u00eate, rondement men\u00e9e par les gendarmes de la brigade de Saint-G\u00e9ly-du-Fesc, a permis d\u2019identifier une voleuse qui ciblait les pharmacies du secteur. Interpell\u00e9e cette semaine, cette Montpelli\u00e9raine de 30 ans devra s\u2019expliquer devant la justice en mars\u00a02026.\n                            <\/p>\n<p>Partant d\u2019un vol par ruse perp\u00e9tr\u00e9 au sein d\u2019une pharmacie implant\u00e9e \u00e0 Saint-G\u00e9ly-du-Fesc le 26\u00a0novembre dernier, une enqu\u00eat\u00e9e men\u00e9e par les gendarmes\u00a0vient de mettre\u00a0fin aux agissements d\u2019une voleuse qui s\u00e9vissait selon un mode op\u00e9ratoire bien rod\u00e9 dans plusieurs commerces de la r\u00e9gion.<\/p>\n<p>Ce jour-l\u00e0, la mise en cause p\u00e9n\u00e8tre dans la pharmacie du Forum, situ\u00e9e avenue du Pic-Saint-Loup. Elle se dirige vers le rayon cosm\u00e9tique et profite de l\u2019agencement des lieux pour agir discr\u00e8tement. V\u00eatue d\u2019une veste tr\u00e8s ample, elle parvient \u00e0 dissimuler plusieurs produits dans un sac accroch\u00e9 \u00e0 sa ceinture, \u00e0 l\u2019abri des regards. Elle quitte ensuite l\u2019\u00e9tablissement avec de nombreux articles de cosm\u00e9tique, pour un pr\u00e9judice\u00a0estim\u00e9 \u00e0\u00a01\u00a0000\u00a0euros.<\/p>\n<p>Elle a reconnu les faits<\/p>\n<p>Apr\u00e8s avoir identifi\u00e9 l\u2019auteure pr\u00e9sum\u00e9e, les investigations entreprises ont permis de lui imputer plusieurs autres faits similaires. Interpell\u00e9e et plac\u00e9e en garde \u00e0 vue, cette Montpelli\u00e9raine \u00e2g\u00e9e de 30 ans a reconnu\u00a0l\u2019ensemble des faits qui lui \u00e9taient reproch\u00e9s.<\/p>\n<p>Remise en libert\u00e9, elle devra d\u00e9sormais s\u2019expliquer devant la justice. Elle est convoqu\u00e9e devant le tribunal judiciaire, en mars\u00a02026, dans le cadre d\u2019une comparution sur reconnaissance pr\u00e9alable de culpabilit\u00e9 et d\u2019une convocation par officier de police judiciaire (COPJ).<\/p>\n","protected":false},"excerpt":{"rendered":"Une enqu\u00eate, rondement men\u00e9e par les gendarmes de la brigade de Saint-G\u00e9ly-du-Fesc, a permis d\u2019identifier une voleuse qui&hellip;\n","protected":false},"author":2,"featured_media":610050,"comment_status":"","ping_status":"","sticky":false,"template":"","format":"standard","meta":{"footnotes":""},"categories":[9599],"tags":[1111,11,1777,674,118,1011,27,7089,2208,12,2680,25],"class_list":{"0":"post-610049","1":"post","2":"type-post","3":"status-publish","4":"format-standard","5":"has-post-thumbnail","7":"category-montpellier","8":"tag-actu","9":"tag-actualites","10":"tag-eu","11":"tag-europe","12":"tag-faits-divers","13":"tag-fr","14":"tag-france","15":"tag-herault","16":"tag-montpellier","17":"tag-news","18":"tag-occitanie","19":"tag-republique-francaise"},"share_on_mastodon":{"url":"https:\/\/pubeurope.com\/@fr\/115747648123742127","error":""},"_links":{"self":[{"href":"https:\/\/www.europesays.com\/fr\/wp-json\/wp\/v2\/posts\/610049","targetHints":{"allow":["GET"]}}],"collection":[{"href":"https:\/\/www.europesays.com\/fr\/wp-json\/wp\/v2\/posts"}],"about":[{"href":"https:\/\/www.europesays.com\/fr\/wp-json\/wp\/v2\/types\/post"}],"author":[{"embeddable":true,"href":"https:\/\/www.europesays.com\/fr\/wp-json\/wp\/v2\/users\/2"}],"replies":[{"embeddable":true,"href":"https:\/\/www.europesays.com\/fr\/wp-json\/wp\/v2\/comments?post=610049"}],"version-history":[{"count":0,"href":"https:\/\/www.europesays.com\/fr\/wp-json\/wp\/v2\/posts\/610049\/revisions"}],"wp:featuredmedia":[{"embeddable":true,"href":"https:\/\/www.europesays.com\/fr\/wp-json\/wp\/v2\/media\/610050"}],"wp:attachment":[{"href":"https:\/\/www.europesays.com\/fr\/wp-json\/wp\/v2\/media?parent=610049"}],"wp:term":[{"taxonomy":"category","embeddable":true,"href":"https:\/\/www.europesays.com\/fr\/wp-json\/wp\/v2\/categories?post=610049"},{"taxonomy":"post_tag","embeddable":true,"href":"https:\/\/www.europesays.com\/fr\/wp-json\/wp\/v2\/tags?post=610049"}],"curies":[{"name":"wp","href":"https:\/\/api.w.org\/{rel}","templated":true}]}}