{"id":610052,"date":"2025-12-19T18:29:12","date_gmt":"2025-12-19T18:29:12","guid":{"rendered":"https:\/\/www.europesays.com\/fr\/610052\/"},"modified":"2025-12-19T18:29:12","modified_gmt":"2025-12-19T18:29:12","slug":"il-a-percute-un-bus-a-canteleu-le-chauffard-condamne-pour-homicide-involontaire","status":"publish","type":"post","link":"https:\/\/www.europesays.com\/fr\/610052\/","title":{"rendered":"il a percut\u00e9 un bus \u00e0 Canteleu, le chauffard condamn\u00e9 pour homicide involontaire"},"content":{"rendered":"<p>                    Par<br \/>\n        <strong><br \/>\n            <a href=\"https:\/\/actu.fr\/auteur\/yann-rivallan\" title=\"Consulter tous les articles de Yann Rivallan\" target=\"_blank\" rel=\"noopener\">Yann Rivallan<\/a><br \/>\n                    <\/strong><\/p>\n<p>        Publi\u00e9 le<\/p>\n<p>            19 d\u00e9c. 2025 \u00e0 18h26        <\/p>\n<p>Les faits sont \u00ab\u2009gravissimes\u2009\u00bb, rappelle le pr\u00e9sident du tribunal de Rouen. Le 21\u00a0juillet 2024, un automobiliste fonce \u00e0 vive allure et en sens inverse sur <strong>une voie r\u00e9serv\u00e9e aux bus<\/strong> du r\u00e9seau Astuce \u00e0 <a href=\"https:\/\/actu.fr\/normandie\/canteleu_76157\" target=\"_blank\" rel=\"noopener\">Canteleu<\/a>. Le conducteur roule tellement vite qu\u2019il ne parvient pas \u00e0 \u00e9viter un bus en face de lui. Le choc est violent. Et le bilan est dramatique\u2009: <strong>l\u2019un des passagers de la voiture est mort<\/strong>. Deux autres passag\u00e8res et le conducteur sont s\u00e9rieusement bless\u00e9s. Apr\u00e8s v\u00e9rification, ce dernier \u00e9tait ivre et son permis de conduire annul\u00e9 depuis 4 mois. Il \u00e9tait depuis poursuivi, entre autres, pour <strong>homicide involontaire<\/strong>.<\/p>\n<p>\u00ab\u2009Aucun souvenir\u2009\u00bb de l\u2019accident<\/p>\n<p class=\" wall-content\">Pour Sofiane*, il aura fallu attendre vendredi 19\u00a0d\u00e9cembre 2025 pour \u00eatre jug\u00e9. C\u2019est ce jeune homme, \u00e2g\u00e9 de 22\u00a0ans, qui \u00e9tait au volant en juillet\u00a02024. Interrog\u00e9 par le pr\u00e9sident du tribunal, il explique ne plus avoir<strong> \u00ab\u2009aucun souvenir\u2009\u00bb de l\u2019accident<\/strong> qui a co\u00fbt\u00e9 la vie \u00e0 \u00ab\u2009son meilleur ami\u2009\u00bb. Mais il reconna\u00eet les faits.<\/p>\n<p class=\" wall-content\">Appuy\u00e9 sur une canne \u00e0 la barre, il garde des s\u00e9quelles de la collision. Tout comme ses deux amies, \u00e2g\u00e9es de 23 et 20\u00a0ans, qui \u00e9taient install\u00e9es \u00e0 l\u2019arri\u00e8re du v\u00e9hicule. Toutefois, les deux victimes directes, tout comme la famille du passager d\u00e9c\u00e9d\u00e9, n\u2019ont pas <strong>souhait\u00e9 se constituer partie civile<\/strong>. Sofiane explique d\u2019ailleurs \u00eatre toujours en contact avec toutes ces personnes.<\/p>\n<p class=\" wall-content\">Seule la caisse primaire d\u2019assurance maladie, qui a indemnis\u00e9 une des passag\u00e8res, a d\u00e9cid\u00e9 de se constituer partie civile.<\/p>\n<p>D\u00e9j\u00e0 condamn\u00e9 \u00e0 quatre reprises<\/p>\n<p class=\" wall-content\">Le pr\u00e9sident note une certaine \u00ab\u2009nonchalance\u2009\u00bb dans le comportement du pr\u00e9venu \u00e0 la barre\u2009: \u00ab\u2009On a l\u2019impression que \u00e7a vous importe peu.\u2009\u00bb Pourtant, Sofiane risque gros. D\u00e9j\u00e0 <strong>condamn\u00e9 \u00e0 quatre reprises<\/strong> entre\u00a02021 et\u00a02025, il a \u00ab\u2009une peine de 3\u00a0mois de prison \u00e0 ex\u00e9cuter [d\u2019une pr\u00e9c\u00e9dente condamnation]\u2009\u00bb, rappelle le pr\u00e9sident.<\/p>\n<p class=\" wall-content\">Le jour de l\u2019accident, il pr\u00e9sentait un taux d\u2019alcool de <strong>0,77\u00a0g\/L de sang<\/strong>. Il n\u2019\u00e9tait pas sous l\u2019emprise de stup\u00e9fiants mais comme vont le confirmer le t\u00e9moignage du chauffeur du bus et l\u2019exploitation des cam\u00e9ras du r\u00e9seau Astuce, il roulait excessivement vite. Sans oublier le fait que son permis de conduire avait \u00e9t\u00e9 annul\u00e9 4\u00a0mois plus t\u00f4t pour un d\u00e9lit routier.<\/p>\n<p class=\" wall-content\">Autant d\u2019\u00e9l\u00e9ments qui font dire au procureur de la R\u00e9publique qu\u2019une condamnation ferme est justifi\u00e9e. Il requiert <strong>quatre\u00a0ans de prison<\/strong>, dont 30\u00a0mois assortis d\u2019un sursis probatoire. Une condamnation \u00e0 laquelle il faudra ajouter les trois mois de prison d\u2019une pr\u00e9c\u00e9dente affaire.<\/p>\n<p>Votre r\u00e9gion, votre actu !<\/p>\n<p>Recevez chaque jour les infos qui comptent pour vous.<\/p>\n<p>\t<a href=\"https:\/\/actu.fr\/newsletter\" class=\"ac-btn ac-btn--corner ac-btn--medium ac-btn--blue800\" target=\"_blank\" rel=\"noopener\">S&rsquo;incrire<\/a><br \/>\nDeux ans de prison<\/p>\n<p class=\" wall-content\">L\u2019avocat de Sofiane demande une indulgence par rapport \u00e0 l\u2019\u00e9tat de sant\u00e9 de son client. Il constate cette impression de \u00ab\u2009nonchalance\u2009\u00bb du jeune homme mais il tient \u00e0 pr\u00e9ciser que ce dernier a fait une d\u00e9pression et ne s\u2019est <strong>\u00ab\u2009jamais remis\u2009\u00bb<\/strong> de la disparition de son ami ce jour-l\u00e0.<\/p>\n<blockquote class=\"ac-article-quote wall-content\">\n<p>Toute sa vie, il devra vivre [avec sa mort] sur la conscience.<\/p>\n<p>    <strong>L&rsquo;avocat de la d\u00e9fense<\/strong>\n            <\/p><\/blockquote>\n<p class=\" wall-content\">De plus, Sofiane est reconnu handicap\u00e9 depuis l\u2019accident. \u00ab\u2009Il ne peut plus utiliser correctement sa jambe gauche\u2009\u00bb, souligne son conseil. Il suit d\u2019ailleurs des s\u00e9ances de r\u00e9\u00e9ducation depuis un moment. Face \u00e0 son \u00e9tat de sant\u00e9, l\u2019avocat demande <strong>une peine am\u00e9nag\u00e9e<\/strong> \u00e0 domicile. \u00ab\u2009Je ne suis pas s\u00fbr que la prison soit compatible\u2009\u00bb, plaide-t-il.<\/p>\n<p class=\" wall-content\">Apr\u00e8s en avoir d\u00e9lib\u00e9r\u00e9, le tribunal condamne Sofiane \u00e0 <strong>deux\u00a0ans de prison<\/strong>, dont un an avec sursis. Il devra passer devant le juge d\u2019application des peines au mois de mars\u00a02026 pour \u00e9ventuellement am\u00e9nager sa peine \u00e0 domicile.<\/p>\n<p class=\" wall-content\">Le tribunal d\u00e9cide \u00e9galement <strong>l\u2019annulation de son permis<\/strong> de conduire pour une dur\u00e9e de 3\u00a0ans et accepte la constitution de partie civile de la CPAM mais Sofiane n\u2019aura pas \u00e0 payer de dommages et int\u00e9r\u00eat en l\u2019absence des victimes directes.<\/p>\n<p class=\" wall-content\">*Le pr\u00e9nom a \u00e9t\u00e9 modifi\u00e9<\/p>\n<p>Suivez l\u2019actualit\u00e9 de Rouen sur <a href=\"https:\/\/www.whatsapp.com\/channel\/0029VaKfnf99hXF2ddApFB1D\" target=\"_blank\" rel=\"noopener\">notre cha\u00eene WhatsApp<\/a> et sur <a href=\"https:\/\/www.tiktok.com\/@76actu.fr?lang=fr\" target=\"_blank\" rel=\"noopener\">notre compte TikTok<\/a><\/p>\n<p class=\" wall-content\">Personnalisez votre actualit\u00e9 en ajoutant vos villes et m\u00e9dias en favori avec <a href=\"https:\/\/moncompte.actu.fr\" title=\"D\u00e9couvez Mon Actu\" rel=\"nofollow noopener\" data-trk=\"{&quot;cta&quot;:{&quot;action&quot;:&quot;https:\\\/\\\/moncompte.actu.fr&quot;,&quot;category&quot;:&quot;mon compte&quot;,&quot;from&quot;:&quot;article footer&quot;,&quot;name&quot;:&quot;Mon actu&quot;,&quot;type&quot;:&quot;cta&quot;}}\" target=\"_blank\">Mon Actu<\/a>.<\/p>\n<p>                    <script async src=\"\/\/www.tiktok.com\/embed.js\"><\/script><\/p>\n","protected":false},"excerpt":{"rendered":"Par Yann Rivallan Publi\u00e9 le 19 d\u00e9c. 2025 \u00e0 18h26 Les faits sont \u00ab\u2009gravissimes\u2009\u00bb, rappelle le pr\u00e9sident du&hellip;\n","protected":false},"author":2,"featured_media":610053,"comment_status":"","ping_status":"","sticky":false,"template":"","format":"standard","meta":{"footnotes":""},"categories":[9587],"tags":[119,1111,11,1777,674,118,1011,27,12,5161,25,9726,9590,13682],"class_list":{"0":"post-610052","1":"post","2":"type-post","3":"status-publish","4":"format-standard","5":"has-post-thumbnail","7":"category-rouen","8":"tag-accident","9":"tag-actu","10":"tag-actualites","11":"tag-eu","12":"tag-europe","13":"tag-faits-divers","14":"tag-fr","15":"tag-france","16":"tag-news","17":"tag-normandie","18":"tag-republique-francaise","19":"tag-reseau-astuce-tcar","20":"tag-rouen","21":"tag-tribunal-de-rouen"},"share_on_mastodon":{"url":"https:\/\/pubeurope.com\/@fr\/115747655965709129","error":""},"_links":{"self":[{"href":"https:\/\/www.europesays.com\/fr\/wp-json\/wp\/v2\/posts\/610052","targetHints":{"allow":["GET"]}}],"collection":[{"href":"https:\/\/www.europesays.com\/fr\/wp-json\/wp\/v2\/posts"}],"about":[{"href":"https:\/\/www.europesays.com\/fr\/wp-json\/wp\/v2\/types\/post"}],"author":[{"embeddable":true,"href":"https:\/\/www.europesays.com\/fr\/wp-json\/wp\/v2\/users\/2"}],"replies":[{"embeddable":true,"href":"https:\/\/www.europesays.com\/fr\/wp-json\/wp\/v2\/comments?post=610052"}],"version-history":[{"count":0,"href":"https:\/\/www.europesays.com\/fr\/wp-json\/wp\/v2\/posts\/610052\/revisions"}],"wp:featuredmedia":[{"embeddable":true,"href":"https:\/\/www.europesays.com\/fr\/wp-json\/wp\/v2\/media\/610053"}],"wp:attachment":[{"href":"https:\/\/www.europesays.com\/fr\/wp-json\/wp\/v2\/media?parent=610052"}],"wp:term":[{"taxonomy":"category","embeddable":true,"href":"https:\/\/www.europesays.com\/fr\/wp-json\/wp\/v2\/categories?post=610052"},{"taxonomy":"post_tag","embeddable":true,"href":"https:\/\/www.europesays.com\/fr\/wp-json\/wp\/v2\/tags?post=610052"}],"curies":[{"name":"wp","href":"https:\/\/api.w.org\/{rel}","templated":true}]}}