{"id":610054,"date":"2025-12-19T18:30:14","date_gmt":"2025-12-19T18:30:14","guid":{"rendered":"https:\/\/www.europesays.com\/fr\/610054\/"},"modified":"2025-12-19T18:30:14","modified_gmt":"2025-12-19T18:30:14","slug":"a-rouen-le-so-se-bat-en-urgence-pour-faire-lever-sa-fermeture-de-deux-mois","status":"publish","type":"post","link":"https:\/\/www.europesays.com\/fr\/610054\/","title":{"rendered":"\u00c0 Rouen, le So se bat en urgence pour faire lever sa fermeture de deux mois"},"content":{"rendered":"<p>                    Par<br \/>\n        <strong><br \/>\n            <a href=\"https:\/\/actu.fr\/auteur\/julien-bouteiller\" title=\"Consulter tous les articles de Julien Bouteiller\" target=\"_blank\" rel=\"noopener\">Julien Bouteiller<\/a><br \/>\n                    <\/strong><\/p>\n<p>        Publi\u00e9 le<\/p>\n<p>            19 d\u00e9c. 2025 \u00e0 19h18        <\/p>\n<p><strong>Le patron du So<\/strong>, se refuse \u00e0 se dire \u00ab\u2009dans un combat contre la pr\u00e9fecture\u2009\u00bb. Mais Nicolas Lamotte, co-g\u00e9rant de la discoth\u00e8que de <a href=\"https:\/\/actu.fr\/normandie\/rouen_76540\" target=\"_blank\" rel=\"noopener\">Rouen<\/a> a tenu \u00e0 d\u00e9fendre son \u00e9tablissement face <a href=\"https:\/\/actu.fr\/normandie\/rouen_76540\/la-prefecture-tape-fort-sur-des-bars-et-boites-de-nuit-de-rouen-des-sanctions-injustes_63593628.html\" target=\"_blank\" rel=\"noopener\">\u00e0 la fermeture administrative de deux mois<\/a>, impos\u00e9e par les autorit\u00e9s. Ainsi, l\u2019affaire s\u2019est retrouv\u00e9e, <strong>en urgence, dans les mains du tribunal administratif<\/strong>, ce vendredi 19\u00a0d\u00e9cembre 2025.<\/p>\n<p>Sanction contre le So\u2009: qui a command\u00e9 la bouteille de vodka\u2009?<\/p>\n<p class=\" wall-content\">Pour rappel, la bo\u00eete de nuit des quais rive droite a \u00e9t\u00e9 sanctionn\u00e9e \u00ab\u2009pour des infractions de vente d\u2019alcool \u00e0 un mineur et de vente d\u2019alcool \u00e0 des individus manifestement ivres\u2009\u00bb, <strong>en septembre dernier<\/strong>, comme l\u2019indique l\u2019arr\u00eat\u00e9 pr\u00e9fectoral.<\/p>\n<p class=\" wall-content\">Des infractions que le So, par la voix de son avocat, <strong>conteste<\/strong>\u2009: \u00ab\u2009L\u2019arr\u00eat dit que la bouteille de vodka a \u00e9t\u00e9 servie \u00e0 un groupe de sept. Mais il y a bien quelqu\u2019un qui l\u2019a command\u00e9e et pay\u00e9e cette bouteille\u2009! L\u00e0, vous n\u2019avez aucun \u00e9l\u00e9ment permettant de savoir qui a command\u00e9. Par ailleurs, rien ne permet de soutenir qu\u2019il \u00e9tait en \u00e9tat d\u2019ivresse manifeste\u2009\u00bb.<\/p>\n<p class=\" wall-content\">Si la mineure en question a reconnu avoir bu un verre de vodka dans l\u2019\u00e9tablissement \u00ab\u2009sans avoir rien achet\u00e9 ni command\u00e9\u2009\u00bb, cela n\u2019appara\u00eet pas suffisant, aux yeux du conseil du So, pour incriminer l\u2019\u00e9tablissement. \u00ab\u2009Alors la pr\u00e9fecture nous dit qu\u2019ils [le So] l\u2019ont laiss\u00e9 boire. Moi, la vente ou le service d\u2019alcool \u00e0 un mineur par abstention,<strong> je n\u2019ai jamais vu \u00e7a<\/strong>\u2009!\u2009\u00bb<\/p>\n<p class=\" wall-content\">Et d\u2019avancer les diff\u00e9rentes attestations de clients, \u00ab\u2009dont trois fonctionnaires de police\u2009\u00bb, t\u00e9moins et personnels, dont il s\u2019\u00e9tonne qu\u2019elle soit balay\u00e9e par la pr\u00e9fecture dans la proc\u00e9dure contradictoire pr\u00e9alable \u00e0 la sanction. Mais aussi un \u00e9pais dossier attestant selon lui des efforts du So en mati\u00e8re de <strong>pr\u00e9vention des conduites \u00e0 risques<\/strong>.<\/p>\n<p class=\" wall-content\">\u00ab\u2009On a vraiment travaill\u00e9 dur l\u00e0-dessus depuis un an [le So ayant d\u00e9j\u00e0 fait l\u2019objet d\u2019une fermeture d\u2019un mois l\u2019an dernier \u00e0 la m\u00eame p\u00e9riode, NDLR], en allant au-del\u00e0 de nos missions et on est fiers\u2009\u00bb, s\u2019enorgueillit Nicolas Lamotte, le co-g\u00e9rant. \u00ab\u2009On travaille m\u00eame <strong>avec la maman d\u2019Owen<\/strong> [<a href=\"https:\/\/actu.fr\/normandie\/rouen_76540\/mort-d-owen-a-rouen-ce-que-revele-l-autopsie-du-jeune-homme_61757149.html\" target=\"_blank\" rel=\"noopener\">jeune d\u00e9c\u00e9d\u00e9 accidentellement<\/a> apr\u00e8s une sortie dans la discoth\u00e8que]. On tend la main \u00e0 la pr\u00e9fecture mais elle ne la prend pas.\u2009\u00bb<\/p>\n<p>Votre r\u00e9gion, votre actu !<\/p>\n<p>Recevez chaque jour les infos qui comptent pour vous.<\/p>\n<p>\t<a href=\"https:\/\/actu.fr\/newsletter\" class=\"ac-btn ac-btn--corner ac-btn--medium ac-btn--blue800\" target=\"_blank\" rel=\"noopener\">S&rsquo;incrire<\/a><br \/>\nDe lourdes cons\u00e9quences financi\u00e8res<\/p>\n<p>L&rsquo;avocat du So est \u00e9galement longuement revenu sur les cons\u00e9quences financi\u00e8res de cette fermeture pour l&rsquo;\u00e9tablissement qui fait travailler une quarantaine de salari\u00e9s. Pr\u00e8s d&rsquo;1 million d&rsquo;euros estime-t-il, en cumulant les pertes de chiffre d&rsquo;affaires (avec la tr\u00e8s importante soir\u00e9e du Nouvel an), mais aussi les charges fixe. <\/p>\n<p>\u00ab\u00a0Cette p\u00e9riode repr\u00e9sente un cinqui\u00e8me du chiffre d&rsquo;affaires annuel \u00bb, avance-t-il en s&rsquo;appuyant sur une expertise comptable. \u00ab Et cela arrive \u00e0 une soci\u00e9t\u00e9 d\u00e9j\u00e0 fragilis\u00e9e \u00bb par la sanction de l&rsquo;an dernier. \u00ab\u00a0L&rsquo;enjeu, c&rsquo;est la p\u00e9rennit\u00e9 de l&rsquo;\u00e9tablissement. \u00bb<\/p>\n<p>\u00ab\u2009Il y a des faits qui me semblent graves\u2009\u00bb<\/p>\n<p class=\" wall-content\">De son c\u00f4t\u00e9, l\u2019\u00c9tat repr\u00e9sent\u00e9 par la sous-pr\u00e9f\u00e8te, directrice de cabinet du pr\u00e9fet, estime pourtant qu\u2019il y a urgence oui, non pas \u00e0 rouvrir l\u2019\u00e9tablissement, mais \u00ab\u2009\u00e0 placer <strong>sur le plan de la sant\u00e9 et de la s\u00e9curit\u00e9 publique<\/strong>. Il y a des faits qui me semblent graves, \u00e0 la fois dans leur r\u00e9it\u00e9ration et dans leurs cons\u00e9quences tragiques\u2009\u00bb.<\/p>\n<p class=\" wall-content\">Elle fait r\u00e9f\u00e9rence \u00e0 la fois au d\u00e9c\u00e8s d\u2019Owen, mais aussi \u00e0 une proc\u00e9dure en cours pour viol, dont la mineure qui a fr\u00e9quent\u00e9 l\u2019\u00e9tablissement, dit avoir \u00e9t\u00e9 victime ce fameux soir. <strong>Une affaire qui fait l\u2019objet d\u2019une enqu\u00eate<\/strong>, comme nous l\u2019a confirm\u00e9 laconiquement le parquet et qui n\u2019est pas mentionn\u00e9e \u00e0 l\u2019arr\u00eat\u00e9 pris par la pr\u00e9fecture.<\/p>\n<p class=\" wall-content\">La sous-pr\u00e9f\u00e8te soutient par ailleurs que la bouteille a bien \u00e9t\u00e9 vendue \u00e0 un groupe \u00ab\u2009parfaitement identifi\u00e9\u2009\u00bb, dont la mineure \u00ab\u2009dont l\u2019\u00e2ge n\u2019a pas \u00e9t\u00e9 demand\u00e9 \u00e0 son arriv\u00e9e\u2009\u00bb.<\/p>\n<p>L&rsquo;autre affaire dans l&rsquo;affaire&#8230;<\/p>\n<p>Lors des d\u00e9bats, une autre affaire dans l&rsquo;affaire est revenue \u00e0 plusieurs reprises. Les patrons du So ont en effet \u00e9t\u00e9 entendus en garde \u00e0 vue pour \u00ab\u00a0subornation de t\u00e9moin \u00bb. Ils sont soup\u00e7onn\u00e9s d&rsquo;avoir intimid\u00e9 d&rsquo;une mani\u00e8re ou d&rsquo;une autre la mineure de 17 ans pour influencer son t\u00e9moignage et l&rsquo;attestation qu&rsquo;elle a fourni dans le cadre de la proc\u00e9dure contradictoire. <\/p>\n<p>\u00ab C&rsquo;est quelque chose que je n&rsquo;ai jamais vu ! \u00bb, s&rsquo;est \u00e9mu l&rsquo;avocat du So, habitu\u00e9 \u00e0 d\u00e9fendre les int\u00e9r\u00eats de ce type d&rsquo;\u00e9tablissements. Il a d&rsquo;ailleurs fourni au tribunal administratif une copie de l&rsquo;\u00e9change t\u00e9l\u00e9phonique entre les g\u00e9rants et la jeune femme.<\/p>\n<p>Selon la sous-pr\u00e9f\u00e8te, c&rsquo;est cette proc\u00e9dure judiciaire, parall\u00e8le \u00e0 l&rsquo;administrative, qui a ralenti l&rsquo;examen du dossier et conduit \u00e0 une sanction effective, co\u00efncidence, avec la p\u00e9riode des f\u00eates de fin d&rsquo;ann\u00e9e. <\/p>\n<p>Sur ce volet, la proc\u00e9dure judiciaire est, selon la pr\u00e9fecture, toujours en cours.<\/p>\n<p class=\" wall-content\"><strong>Sur les autres bars r\u00e9cemment sanctionn\u00e9s<\/strong>, elle \u00ab\u2009d\u00e9plore qu\u2019on ait eu \u00e0 relever ces infractions et conduire ces proc\u00e9dures. Mais on ne concentre pas nos efforts sur la p\u00e9riode de fin d\u2019ann\u00e9e\u2009\u00bb.<\/p>\n<p class=\" wall-content\">Le pr\u00e9sident du tribunal administratif a voulu, dans le cadre de cette requ\u00eate en r\u00e9f\u00e9r\u00e9 libert\u00e9, s\u2019attarder sur les faits reproch\u00e9s. Il aura fort \u00e0 faire pour examiner, en urgence, le dossier. \u00c0 l\u2019heure o\u00f9 nous \u00e9crivons ces lignes, <strong>sa d\u00e9cision n\u2019a pas \u00e9t\u00e9 rendue<\/strong>. Elle le sera dans la soir\u00e9e ou le weekend.<\/p>\n<p>Suivez l\u2019actualit\u00e9 de Rouen <a href=\"https:\/\/www.whatsapp.com\/channel\/0029VaKfnf99hXF2ddApFB1D\" target=\"_blank\" rel=\"noopener\">sur notre cha\u00eene WhatsApp<\/a> et <a href=\"https:\/\/www.tiktok.com\/@76actu.fr?lang=fr\" target=\"_blank\" rel=\"noopener\">sur notre compte TikTok<\/a><\/p>\n<p class=\" wall-content\">Personnalisez votre actualit\u00e9 en ajoutant vos villes et m\u00e9dias en favori avec <a href=\"https:\/\/moncompte.actu.fr\" title=\"D\u00e9couvez Mon Actu\" rel=\"nofollow noopener\" data-trk=\"{&quot;cta&quot;:{&quot;action&quot;:&quot;https:\\\/\\\/moncompte.actu.fr&quot;,&quot;category&quot;:&quot;mon compte&quot;,&quot;from&quot;:&quot;article footer&quot;,&quot;name&quot;:&quot;Mon actu&quot;,&quot;type&quot;:&quot;cta&quot;}}\" target=\"_blank\">Mon Actu<\/a>.<\/p>\n<p>                    <script async src=\"\/\/www.tiktok.com\/embed.js\"><\/script><\/p>\n","protected":false},"excerpt":{"rendered":"Par Julien Bouteiller Publi\u00e9 le 19 d\u00e9c. 2025 \u00e0 19h18 Le patron du So, se refuse \u00e0 se&hellip;\n","protected":false},"author":2,"featured_media":610055,"comment_status":"","ping_status":"","sticky":false,"template":"","format":"standard","meta":{"footnotes":""},"categories":[9587],"tags":[1111,11,1777,674,118,1011,27,303,12,5161,25,9590,13682],"class_list":{"0":"post-610054","1":"post","2":"type-post","3":"status-publish","4":"format-standard","5":"has-post-thumbnail","7":"category-rouen","8":"tag-actu","9":"tag-actualites","10":"tag-eu","11":"tag-europe","12":"tag-faits-divers","13":"tag-fr","14":"tag-france","15":"tag-justice","16":"tag-news","17":"tag-normandie","18":"tag-republique-francaise","19":"tag-rouen","20":"tag-tribunal-de-rouen"},"share_on_mastodon":{"url":"https:\/\/pubeurope.com\/@fr\/115747659712656705","error":""},"_links":{"self":[{"href":"https:\/\/www.europesays.com\/fr\/wp-json\/wp\/v2\/posts\/610054","targetHints":{"allow":["GET"]}}],"collection":[{"href":"https:\/\/www.europesays.com\/fr\/wp-json\/wp\/v2\/posts"}],"about":[{"href":"https:\/\/www.europesays.com\/fr\/wp-json\/wp\/v2\/types\/post"}],"author":[{"embeddable":true,"href":"https:\/\/www.europesays.com\/fr\/wp-json\/wp\/v2\/users\/2"}],"replies":[{"embeddable":true,"href":"https:\/\/www.europesays.com\/fr\/wp-json\/wp\/v2\/comments?post=610054"}],"version-history":[{"count":0,"href":"https:\/\/www.europesays.com\/fr\/wp-json\/wp\/v2\/posts\/610054\/revisions"}],"wp:featuredmedia":[{"embeddable":true,"href":"https:\/\/www.europesays.com\/fr\/wp-json\/wp\/v2\/media\/610055"}],"wp:attachment":[{"href":"https:\/\/www.europesays.com\/fr\/wp-json\/wp\/v2\/media?parent=610054"}],"wp:term":[{"taxonomy":"category","embeddable":true,"href":"https:\/\/www.europesays.com\/fr\/wp-json\/wp\/v2\/categories?post=610054"},{"taxonomy":"post_tag","embeddable":true,"href":"https:\/\/www.europesays.com\/fr\/wp-json\/wp\/v2\/tags?post=610054"}],"curies":[{"name":"wp","href":"https:\/\/api.w.org\/{rel}","templated":true}]}}