{"id":610056,"date":"2025-12-19T18:31:15","date_gmt":"2025-12-19T18:31:15","guid":{"rendered":"https:\/\/www.europesays.com\/fr\/610056\/"},"modified":"2025-12-19T18:31:15","modified_gmt":"2025-12-19T18:31:15","slug":"metropole-de-grenoble-au-conseil-metropolitain-les-migrants-lurgence-a-agir-et-le-debat-nauseabond","status":"publish","type":"post","link":"https:\/\/www.europesays.com\/fr\/610056\/","title":{"rendered":"M\u00e9tropole de Grenoble. Au conseil m\u00e9tropolitain, les migrants, l\u2019urgence \u00e0 agir et le d\u00e9bat \u00ab\u00a0naus\u00e9abond\u00a0\u00bb"},"content":{"rendered":"<p>Il y a eu, bien s\u00fbr, l\u2019arr\u00eat du projet Plan climat air \u00e9nergie territorial (PCAET) et la pr\u00e9sentation du Rapport sur les orientations budg\u00e9taires (ROB). Mais il y a eu surtout, en pr\u00e9ambule de la s\u00e9ance convoqu\u00e9e ce vendredi, le r\u00e9cit de Mohamed Fofana, porte-parole de ces 150 hommes, femmes et enfants mis \u00e0 l\u2019abri depuis le 19\u00a0novembre au si\u00e8ge de la M\u00e9tropole \u2013 en attendant mieux \u2013 expuls\u00e9s d\u2019un squat de la place des G\u00e9ants \u00e0 Grenoble. Des hommes, femmes et enfants \u2013 dont ces livreurs \u00e0 v\u00e9lo connus de tous \u2013 proies faciles de marchands de sommeil et autres&#8230;<\/p>\n","protected":false},"excerpt":{"rendered":"Il y a eu, bien s\u00fbr, l\u2019arr\u00eat du projet Plan climat air \u00e9nergie territorial (PCAET) et la pr\u00e9sentation&hellip;\n","protected":false},"author":2,"featured_media":610057,"comment_status":"","ping_status":"","sticky":false,"template":"","format":"standard","meta":{"footnotes":""},"categories":[9566],"tags":[1111,11,2430,9852,9853,112,1777,674,9592,11680,1011,27,2731,2732,108,1908,9597,9598,12,316,25,275,276,9448,11264,801,104],"class_list":{"0":"post-610056","1":"post","2":"type-post","3":"status-publish","4":"format-standard","5":"has-post-thumbnail","7":"category-grenoble","8":"tag-actu","9":"tag-actualites","10":"tag-auvergne-rhone-alpes","11":"tag-echirolles","12":"tag-echirolles-bassin","13":"tag-edition-grenoble-agglomeration","14":"tag-eu","15":"tag-europe","16":"tag-fontaine","17":"tag-fontaine-bassin","18":"tag-fr","19":"tag-france","20":"tag-grenoble","21":"tag-grenoble-bassin","22":"tag-isere","23":"tag-logement","24":"tag-meylan","25":"tag-meylan-et-autour","26":"tag-news","27":"tag-politique","28":"tag-republique-francaise","29":"tag-saint-egreve","30":"tag-saint-egreve-et-autour","31":"tag-saint-martin-dheres","32":"tag-saint-martin-dheres-bassin","33":"tag-social","34":"tag-societe"},"share_on_mastodon":{"url":"https:\/\/pubeurope.com\/@fr\/115747663707287867","error":""},"_links":{"self":[{"href":"https:\/\/www.europesays.com\/fr\/wp-json\/wp\/v2\/posts\/610056","targetHints":{"allow":["GET"]}}],"collection":[{"href":"https:\/\/www.europesays.com\/fr\/wp-json\/wp\/v2\/posts"}],"about":[{"href":"https:\/\/www.europesays.com\/fr\/wp-json\/wp\/v2\/types\/post"}],"author":[{"embeddable":true,"href":"https:\/\/www.europesays.com\/fr\/wp-json\/wp\/v2\/users\/2"}],"replies":[{"embeddable":true,"href":"https:\/\/www.europesays.com\/fr\/wp-json\/wp\/v2\/comments?post=610056"}],"version-history":[{"count":0,"href":"https:\/\/www.europesays.com\/fr\/wp-json\/wp\/v2\/posts\/610056\/revisions"}],"wp:featuredmedia":[{"embeddable":true,"href":"https:\/\/www.europesays.com\/fr\/wp-json\/wp\/v2\/media\/610057"}],"wp:attachment":[{"href":"https:\/\/www.europesays.com\/fr\/wp-json\/wp\/v2\/media?parent=610056"}],"wp:term":[{"taxonomy":"category","embeddable":true,"href":"https:\/\/www.europesays.com\/fr\/wp-json\/wp\/v2\/categories?post=610056"},{"taxonomy":"post_tag","embeddable":true,"href":"https:\/\/www.europesays.com\/fr\/wp-json\/wp\/v2\/tags?post=610056"}],"curies":[{"name":"wp","href":"https:\/\/api.w.org\/{rel}","templated":true}]}}