{"id":61006,"date":"2025-04-29T05:13:13","date_gmt":"2025-04-29T05:13:13","guid":{"rendered":"https:\/\/www.europesays.com\/fr\/61006\/"},"modified":"2025-04-29T05:13:13","modified_gmt":"2025-04-29T05:13:13","slug":"rejoindre-la8-tunnel-de-la-voie-mathis-tout-ce-que-vous-devez-savoir-pour-bien-circuler-a-nice-ouest-a-compter-du-mardi-29-avril","status":"publish","type":"post","link":"https:\/\/www.europesays.com\/fr\/61006\/","title":{"rendered":"Rejoindre l&rsquo;A8, tunnel de la voie Mathis&#8230; Tout ce que vous devez savoir pour (bien) circuler \u00e0 Nice-Ouest \u00e0 compter du mardi 29 avril"},"content":{"rendered":"<p>C\u2019est \u00e0 partir de ce mardi 29 avril que s\u2019appliquent les modifications de circulation sur l\u2019avenue Val\u00e9ry-Giscard-d\u2019Estaing (ex-route de Grenoble).<\/p>\n<p>L\u2019ouest de Nice change \u00e0 mesure que progresse le chantier de la sortie de la voie Mathis. Si le tunnel n\u2019ouvrira que fin mai, l\u2019acc\u00e8s est d\u2019ores et d\u00e9j\u00e0 direct \u00e0 l\u2019autoroute.<\/p>\n<p>Voici ce qu\u2019il faut retenir, selon l\u2019endroit o\u00f9 l\u2019on souhaite se rendre.<\/p>\n<p>Comment circuler sur l\u2019avenue Giscard-d\u2019Estaing?<\/p>\n<p>Dans le sens est-ouest, il n\u2019y aura plus de feu tricolore pour tourner \u00e0 gauche vers la bretelle d\u2019acc\u00e8s n\u00b050 \u00e0 l\u2019A8.<\/p>\n<p>Il est possible de circuler sur l\u2019avenue depuis la sortie de la voie rapide, mais aussi depuis les autres rues, notamment la rue Nicot-de-Villemain (pour ceux qui viennent du boulevard Paul-Montel).<\/p>\n<p>Le changement majeur concerne le sens inverse: en arrivant de la promenade des Anglais, via la RM6202, il sera impossible de tourner \u00e0 droite sur l\u2019avenue Giscard-d\u2019Estaing, pas m\u00eame pour y r\u00e9cup\u00e9rer l\u2019entr\u00e9e d\u2019autoroute.<\/p>\n<p>Comment rejoindre l\u2019A8?<\/p>\n<p>En venant de l\u2019est par la voie Mathis, il suffit de remonter l\u2019avenue Giscard-d\u2019Estaing et d\u2019emprunter la bretelle d\u2019acc\u00e8s n\u00b050 comme dit pr\u00e9c\u00e9demment.<\/p>\n<p>En revanche, ceux qui arrivent de la promenade des Anglais par la RM6202 devront poursuivre tout droit jusqu\u2019au carrefour de la Digue des Fran\u00e7ais et prendre la bretelle n\u00b051 Nice-A\u00e9roport (en tournant \u00e0 gauche sous l\u2019autopont).<\/p>\n<p>\u00c0 quoi tout cela sert-il?<\/p>\n<p>L\u2019objectif est de fluidifier le trafic, d\u2019inciter les v\u00e9hicules \u00e0 emprunter la voie Mathis pour aller de l\u2019est \u00e0 l\u2019ouest vers l\u2019autoroute et, dans le m\u00eame temps, de lib\u00e9rer un peu la promenade des Anglais.<\/p>\n<p>Comment se rendre chez Peugeot au 63, avenue Val\u00e9ry-Giscard-d\u2019Estaing?<\/p>\n<p>Cette fois, la r\u00e9ponse a \u00e9t\u00e9 donn\u00e9e par l\u2019adjoint au maire \u00e0 la Circulation, Ga\u00ebl Nofri: \u00ab\u00a0Il suffira d\u2019emprunter l\u2019autoroute \u00e0 Saint-Laurent-du-Var et de prendre la sortie 50 Nice-Ouest\u00a0\u00bb.<\/p>\n<p>Par ailleurs, la concession devrait \u00eatre relocalis\u00e9e, \u00e0 terme, pour laisser place au projet d\u2019am\u00e9nagement de la Zac (zone d\u2019am\u00e9nagement concert\u00e9).<\/p>\n<p>L\u2019\u00e9lu pr\u00e9cise \u00e0 toutes fins utiles qu\u2019\u00a0\u00bbil ne sera pas possible d\u2019acc\u00e9der \u00e0 cette concession en remontant l\u2019avenue Giscard d\u2019Estaing puis en bifurquant tout \u00e0 gauche au lieu d\u2019entrer sur l\u2019autoroute: ce serait tr\u00e8s dangereux car cela reviendrait \u00e0 couper la route de la sortie de l\u2019A8.\u00a0\u00bb<\/p>\n<p>Comment les professionnels iront-ils au Min?<\/p>\n<p>\u00ab\u00a0Ils le rejoindront en passant par le Min fleurs et ressortiront par l\u2019avenue Giscard-d\u2019Estaing, r\u00e9pond Ga\u00ebl Nofri. Il faudra probablement quelques jours d\u2019adaptation le temps que tous les usagers aient en t\u00eate les modifications et prennent de nouvelles habitudes, quelle que soit leur destination.\u00a0\u00bb<\/p>\n<p>Quand ouvrira le tunnel de sortie ouest de la voie Mathis?<\/p>\n<p>Le maire de Nice, <a href=\"https:\/\/www.nicematin.com\/info-trafic\/on-connait-la-date-d-ouverture-du-tunnel-de-sortie-de-la-voie-mathis-de-nice-et-en-attendant-ca-roule-plutot-bien-983047\" target=\"_blank\" rel=\"noopener\">Christian Estrosi, a annonc\u00e9 <\/a>que l\u2019ouvrage sera mis en service le 24 mai.<\/p>\n<p>La veille, les Ni\u00e7ois qui se seront pr\u00e9alablement inscrits, pourront le parcourir \u00e0 pied pour la derni\u00e8re fois, car plusieurs visites ont \u00e9t\u00e9 propos\u00e9es ces derniers mois par la Ville.<\/p>\n<p>Qui contacter si l\u2019on a besoin d\u2019informations?<\/p>\n<p>Le service Infos projets par t\u00e9l\u00e9phone au 06.03.595.696 ou par mail \u00e0 l\u2019adresse info.projets@nicecotedazur.org.<\/p>\n","protected":false},"excerpt":{"rendered":"C\u2019est \u00e0 partir de ce mardi 29 avril que s\u2019appliquent les modifications de circulation sur l\u2019avenue Val\u00e9ry-Giscard-d\u2019Estaing (ex-route&hellip;\n","protected":false},"author":2,"featured_media":61007,"comment_status":"","ping_status":"","sticky":false,"template":"","format":"standard","meta":{"footnotes":""},"categories":[2819],"tags":[1111,11,1777,674,1011,27,803,12,2401,882,25,800],"class_list":{"0":"post-61006","1":"post","2":"type-post","3":"status-publish","4":"format-standard","5":"has-post-thumbnail","7":"category-nice","8":"tag-actu","9":"tag-actualites","10":"tag-eu","11":"tag-europe","12":"tag-fr","13":"tag-france","14":"tag-info-trafic","15":"tag-news","16":"tag-nice","17":"tag-provence-alpes-cote-dazur","18":"tag-republique-francaise","19":"tag-transports"},"share_on_mastodon":{"url":"https:\/\/pubeurope.com\/@fr\/114419545088112206","error":""},"_links":{"self":[{"href":"https:\/\/www.europesays.com\/fr\/wp-json\/wp\/v2\/posts\/61006","targetHints":{"allow":["GET"]}}],"collection":[{"href":"https:\/\/www.europesays.com\/fr\/wp-json\/wp\/v2\/posts"}],"about":[{"href":"https:\/\/www.europesays.com\/fr\/wp-json\/wp\/v2\/types\/post"}],"author":[{"embeddable":true,"href":"https:\/\/www.europesays.com\/fr\/wp-json\/wp\/v2\/users\/2"}],"replies":[{"embeddable":true,"href":"https:\/\/www.europesays.com\/fr\/wp-json\/wp\/v2\/comments?post=61006"}],"version-history":[{"count":0,"href":"https:\/\/www.europesays.com\/fr\/wp-json\/wp\/v2\/posts\/61006\/revisions"}],"wp:featuredmedia":[{"embeddable":true,"href":"https:\/\/www.europesays.com\/fr\/wp-json\/wp\/v2\/media\/61007"}],"wp:attachment":[{"href":"https:\/\/www.europesays.com\/fr\/wp-json\/wp\/v2\/media?parent=61006"}],"wp:term":[{"taxonomy":"category","embeddable":true,"href":"https:\/\/www.europesays.com\/fr\/wp-json\/wp\/v2\/categories?post=61006"},{"taxonomy":"post_tag","embeddable":true,"href":"https:\/\/www.europesays.com\/fr\/wp-json\/wp\/v2\/tags?post=61006"}],"curies":[{"name":"wp","href":"https:\/\/api.w.org\/{rel}","templated":true}]}}