{"id":610060,"date":"2025-12-19T18:33:13","date_gmt":"2025-12-19T18:33:13","guid":{"rendered":"https:\/\/www.europesays.com\/fr\/610060\/"},"modified":"2025-12-19T18:33:13","modified_gmt":"2025-12-19T18:33:13","slug":"gros-accident-sur-cette-route-tres-empruntee-pres-de-rennes-dimportants-bouchons-en-cours","status":"publish","type":"post","link":"https:\/\/www.europesays.com\/fr\/610060\/","title":{"rendered":"Gros accident sur cette route tr\u00e8s emprunt\u00e9e pr\u00e8s de Rennes : d&rsquo;importants bouchons en cours"},"content":{"rendered":"<p>                    Par<br \/>\n        <strong><br \/>\n            <a href=\"https:\/\/actu.fr\/auteur\/clemence-pays02-actu-fr\" title=\"Consulter tous les articles de Cl\u00e9mence Pays\" target=\"_blank\" rel=\"noopener\">Cl\u00e9mence Pays<\/a><br \/>\n                    <\/strong><\/p>\n<p>        Publi\u00e9 le<\/p>\n<p>            19 d\u00e9c. 2025 \u00e0 18h46        <\/p>\n<p>Prudence sur la route, ce vendredi 19\u00a0d\u00e9cembre 2025. Vers 17h30, un a<strong>ccident entre trois v\u00e9hicules<\/strong> a \u00e9t\u00e9 signal\u00e9 sur la<strong> N12 <\/strong>dans le sens Paris-Brest (est-ouest), au niveau de la commune de Pac\u00e9, non loin de Rennes.<\/p>\n<p class=\" wall-content\">\u00c0 18h16, Bison Fut\u00e9 a mis \u00e0 jour ces informations qualifiant <strong>l\u2019accident de \u00ab\u2009corporel\u2009\u00bb.<\/strong><\/p>\n<p>Plus de 6\u00a0km de bouchons<\/p>\n<p class=\" wall-content\">Le service d\u2019information routi\u00e8re rel\u00e8ve \u00e9galement <strong>5\u00a0km de bouchons<\/strong> de Vezin-le-Coquet \u00e0 Pac\u00e9 \u00ab\u2009sur toutes les voies\u2009\u00bb.<\/p>\n<p>    <img   decoding=\"async\" loading=\"lazy\" src=\"https:\/\/www.europesays.com\/fr\/wp-content\/uploads\/2025\/12\/capture-decran-2025-12-19-183609-960x640.png\" alt=\"La circulation est satur\u00e9e sur la N12 apr\u00e8s un accident.\" width=\"960\" height=\"640\"\/><br \/>\n    La circulation est satur\u00e9e sur la N12 apr\u00e8s un accident. (\u00a9Capture d\u2019\u00e9cran ViaMichelin)<\/p>\n<p class=\" wall-content\">Les embouteillages s\u2019accumulent \u00e9galement jusqu\u2019\u00e0 l\u2019\u00e9changeur de la rocade permettant de rejoindre la N12, au niveau de la porte de Brest\/Villejean, avec<strong> 1,9 km de bouchons.<\/strong><\/p>\n<p class=\" wall-content\">Le nombre de voies disponibles \u00e0 la circulation a \u00e9t\u00e9 r\u00e9duit. Prudence en approchant le secteur.<\/p>\n<p class=\" wall-content\">Personnalisez votre actualit\u00e9 en ajoutant vos villes et m\u00e9dias en favori avec <a href=\"https:\/\/moncompte.actu.fr\" title=\"D\u00e9couvez Mon Actu\" rel=\"nofollow noopener\" data-trk=\"{&quot;cta&quot;:{&quot;action&quot;:&quot;https:\\\/\\\/moncompte.actu.fr&quot;,&quot;category&quot;:&quot;mon compte&quot;,&quot;from&quot;:&quot;article footer&quot;,&quot;name&quot;:&quot;Mon actu&quot;,&quot;type&quot;:&quot;cta&quot;}}\" target=\"_blank\">Mon Actu<\/a>.<\/p>\n","protected":false},"excerpt":{"rendered":"Par Cl\u00e9mence Pays Publi\u00e9 le 19 d\u00e9c. 2025 \u00e0 18h46 Prudence sur la route, ce vendredi 19\u00a0d\u00e9cembre 2025.&hellip;\n","protected":false},"author":2,"featured_media":610061,"comment_status":"","ping_status":"","sticky":false,"template":"","format":"standard","meta":{"footnotes":""},"categories":[2821],"tags":[119,1111,11,6427,829,1777,674,1011,27,803,12,584,25,104],"class_list":{"0":"post-610060","1":"post","2":"type-post","3":"status-publish","4":"format-standard","5":"has-post-thumbnail","7":"category-rennes","8":"tag-accident","9":"tag-actu","10":"tag-actualites","11":"tag-bison-fute","12":"tag-bretagne","13":"tag-eu","14":"tag-europe","15":"tag-fr","16":"tag-france","17":"tag-info-trafic","18":"tag-news","19":"tag-rennes","20":"tag-republique-francaise","21":"tag-societe"},"share_on_mastodon":{"url":"https:\/\/pubeurope.com\/@fr\/115747672941225942","error":""},"_links":{"self":[{"href":"https:\/\/www.europesays.com\/fr\/wp-json\/wp\/v2\/posts\/610060","targetHints":{"allow":["GET"]}}],"collection":[{"href":"https:\/\/www.europesays.com\/fr\/wp-json\/wp\/v2\/posts"}],"about":[{"href":"https:\/\/www.europesays.com\/fr\/wp-json\/wp\/v2\/types\/post"}],"author":[{"embeddable":true,"href":"https:\/\/www.europesays.com\/fr\/wp-json\/wp\/v2\/users\/2"}],"replies":[{"embeddable":true,"href":"https:\/\/www.europesays.com\/fr\/wp-json\/wp\/v2\/comments?post=610060"}],"version-history":[{"count":0,"href":"https:\/\/www.europesays.com\/fr\/wp-json\/wp\/v2\/posts\/610060\/revisions"}],"wp:featuredmedia":[{"embeddable":true,"href":"https:\/\/www.europesays.com\/fr\/wp-json\/wp\/v2\/media\/610061"}],"wp:attachment":[{"href":"https:\/\/www.europesays.com\/fr\/wp-json\/wp\/v2\/media?parent=610060"}],"wp:term":[{"taxonomy":"category","embeddable":true,"href":"https:\/\/www.europesays.com\/fr\/wp-json\/wp\/v2\/categories?post=610060"},{"taxonomy":"post_tag","embeddable":true,"href":"https:\/\/www.europesays.com\/fr\/wp-json\/wp\/v2\/tags?post=610060"}],"curies":[{"name":"wp","href":"https:\/\/api.w.org\/{rel}","templated":true}]}}