{"id":610062,"date":"2025-12-19T18:34:14","date_gmt":"2025-12-19T18:34:14","guid":{"rendered":"https:\/\/www.europesays.com\/fr\/610062\/"},"modified":"2025-12-19T18:34:14","modified_gmt":"2025-12-19T18:34:14","slug":"il-va-faciliter-lintervention-des-secours-a-rennes-ce-nouveau-materiel-va-aider-le-travail-des-pompiers","status":"publish","type":"post","link":"https:\/\/www.europesays.com\/fr\/610062\/","title":{"rendered":"\u00ab\u00a0Il va faciliter l&rsquo;intervention des secours\u00a0\u00bb : \u00e0 Rennes, ce nouveau mat\u00e9riel va aider le travail des pompiers"},"content":{"rendered":"<p>Le SDIS 35, le Service d\u00e9partemental d&rsquo;incendie et de secours d&rsquo;Ille-et-Vilaine, est \u00e9quip\u00e9 d\u00e9sormais d&rsquo;un bras \u00e9l\u00e9vateur articul\u00e9 sur chenilles, un BEA C qui sera affect\u00e9 d\u00e8s la fin janvier 2026 pour le centre ville ancien de Rennes.<\/p>\n<p>C&rsquo;est un cadeau de No\u00ebl avant l&rsquo;heure pour le Service d\u00e9partemental d&rsquo;incendie et de secours d&rsquo;Ille-et-Vilaine. Le SDIS 35 est \u00e9quip\u00e9 d\u00e9sormais d&rsquo;un bras \u00e9l\u00e9vateur articul\u00e9 sur chenilles, un BEA C qui sera affect\u00e9 pour le centre ville ancien de Rennes. <strong>L&rsquo;Ille-et-Vilaine est le deuxi\u00e8me d\u00e9partement de France (apr\u00e8s l&rsquo;Oise) \u00e0 s&rsquo;\u00e9quiper de ce mat\u00e9riel performant et couteux, 600.000 euros.<\/strong><\/p>\n<p>Des interventions facilit\u00e9es<\/p>\n<p>Une pr\u00e9sentation officielle s&rsquo;est d\u00e9roul\u00e9e vendredi 19 d\u00e9cembre 2025 pr\u00e8s de l&rsquo;H\u00f4tel de ville de Rennes. Les performances du bras articul\u00e9 sur chenilles sont spectaculaires, sa nacelle peut aller jusqu&rsquo;\u00e0 30 m\u00e8tres de haut et 15 m\u00e8tres en horizontalit\u00e9. Affect\u00e9 au centre ville , il sera stationn\u00e9 au caserne du Moulin de Jou\u00e9.<\/p>\n<p>Mieux qu&rsquo;une grande \u00e9chelle<\/p>\n<p>On peut dire qu&rsquo;il s&rsquo;agit d&rsquo;une grande \u00e9chelle nouvelle g\u00e9n\u00e9ration \u00ab\u00a0ce BEA C\u00a0permet d&rsquo;aller dans les cours int\u00e9rieures des b\u00e2timents et de passer dans les cheminements les plus \u00e9troits l\u00e0 o\u00f9 les moyens classiques ne pourraient pas acc\u00e9der\u00a0\u00bb explique <strong>le colonel Mathieu Malfait directeur d\u00e9partemental adjoint du SDIS 35<\/strong> \u00ab\u00a0\u00e7a va permettre de faciliter l&rsquo;intervention des secours, notamment en cas d&rsquo;incendie ou en cas de reconnaissance dans les appartements quand \u00e7a sera n\u00e9cessaire\u00a0\u00bb. Pour <strong>Jean-Luc Chenut, pr\u00e9sident du SDIS 35 et du d\u00e9partement d&rsquo;Ille-et-Vilaine<\/strong> \u00ab\u00a0ce syst\u00e8me sur chenilles permet d&rsquo;aller un peu sur tout type de sol avec un syst\u00e8me de transport pour que l&rsquo;arriv\u00e9e sur le site soit aussi rapide que possible\u00a0\u00bb.<\/p>\n<p>Un engin tr\u00e8s performant<\/p>\n<p>\u00ab\u00a0Le co\u00fbt d&rsquo;investissement est \u00e9lev\u00e9 parce que ces engins l\u00e0 sont fabriqu\u00e9s un petit peu au compte gouttes\u00a0\u00bb reconnait Jean-Luc Chenut. Mais pour l&rsquo;\u00e9lu, il s&rsquo;agit d&rsquo;un vrai plus \u00ab\u00a0notamment pour la s\u00e9curisation d&rsquo;un p\u00e9rim\u00e8tre comme le centre de Rennes ou d&rsquo;autres types d&rsquo;interventions\u00a0 par exemple sur des entrep\u00f4ts\u00a0\u00bb. <strong>Plus d&rsquo;une quarantaine de pompiers sont en formation<\/strong> \u00ab\u00a0quatre mois de cycle sont n\u00e9cessaires\u00a0pour que, dans toutes les \u00e9quipes qui se succ\u00e8dent dans les gardes, il y ait toujours un \u00e9quipage qui soit pr\u00eat \u00e0 l&rsquo;utiliser\u00a0\u00bb. Il sera mis en service \u00e0 la fin janvier 2026.<\/p>\n<p>  <img decoding=\"async\" src=\"https:\/\/www.europesays.com\/fr\/wp-content\/uploads\/2025\/12\/1766169253_576_1280\" alt=\"illustration agrandir l'image\" style=\"--_image-preview:url('data:image\/jpeg;base64,\/9j\/2wBDACgcHiMeGSgjISMtKygwPGRBPDc3PHtYXUlkkYCZlo+AjIqgtObDoKrarYqMyP\/L2u71\/\/\/\/m8H\/\/\/\/6\/+b9\/\/j\/2wBDASstLTw1PHZBQXb4pYyl+Pj4+Pj4+Pj4+Pj4+Pj4+Pj4+Pj4+Pj4+Pj4+Pj4+Pj4+Pj4+Pj4+Pj4+Pj4+Pj4+Pj\/wAARCAAfACoDASIAAhEBAxEB\/8QAGAABAQEBAQAAAAAAAAAAAAAAAwIAAQT\/xAAYEAEBAQEBAAAAAAAAAAAAAAAAAgEREv\/EABUBAQEAAAAAAAAAAAAAAAAAAAEA\/8QAFBEBAAAAAAAAAAAAAAAAAAAAAP\/aAAwDAQACEQMRAD8A7Uo3HorBVgIuLnG4ucCVMk8tEl8lBodL3UaQnhIxOYScBLGE4iClP\/\/Z');\" loading=\"lazy\" fetchpriority=\"low\" class=\"svelte-1cksh76 rounded\" onload=\"this.__e=event\" onerror=\"this.__e=event\"\/> Le bras \u00e9l\u00e9vateur articul\u00e9 sur chenilles arrive dans une cour \u00e9troite \u00e0 Rennes \u00a9 Radio France &#8211; Lo\u00efck Guellec   <img decoding=\"async\" src=\"https:\/\/www.europesays.com\/fr\/wp-content\/uploads\/2025\/12\/1766169254_408_1280\" alt=\"illustration agrandir l'image\" style=\"--_image-preview:url('data:image\/jpeg;base64,\/9j\/2wBDACgcHiMeGSgjISMtKygwPGRBPDc3PHtYXUlkkYCZlo+AjIqgtObDoKrarYqMyP\/L2u71\/\/\/\/m8H\/\/\/\/6\/+b9\/\/j\/2wBDASstLTw1PHZBQXb4pYyl+Pj4+Pj4+Pj4+Pj4+Pj4+Pj4+Pj4+Pj4+Pj4+Pj4+Pj4+Pj4+Pj4+Pj4+Pj4+Pj4+Pj\/wAARCAAfACoDASIAAhEBAxEB\/8QAGAABAQEBAQAAAAAAAAAAAAAAAwIAAQT\/xAAYEAEBAQEBAAAAAAAAAAAAAAAAAgEREv\/EABYBAQEBAAAAAAAAAAAAAAAAAAEAAv\/EABURAQEAAAAAAAAAAAAAAAAAAAAR\/9oADAMBAAIRAxEAPwA50s6880TKaBd0V020K6NEHei6q9H1knylZYOu+gTbY6pPpO6U1ajrbrgT\/9k=');\" loading=\"lazy\" fetchpriority=\"low\" class=\"svelte-1cksh76 rounded\" onload=\"this.__e=event\" onerror=\"this.__e=event\"\/> Le bras \u00e9l\u00e9vateur articul\u00e9 sur chenilles lors d&rsquo;une d\u00e9monstration \u00e0 Rennes \u00a9 Radio France &#8211; Lo\u00efck Guellec   <\/p>\n","protected":false},"excerpt":{"rendered":"Le SDIS 35, le Service d\u00e9partemental d&rsquo;incendie et de secours d&rsquo;Ille-et-Vilaine, est \u00e9quip\u00e9 d\u00e9sormais d&rsquo;un bras \u00e9l\u00e9vateur articul\u00e9&hellip;\n","protected":false},"author":2,"featured_media":610063,"comment_status":"","ping_status":"","sticky":false,"template":"","format":"standard","meta":{"footnotes":""},"categories":[2821],"tags":[1111,11,829,1777,674,1011,27,12,584,25],"class_list":{"0":"post-610062","1":"post","2":"type-post","3":"status-publish","4":"format-standard","5":"has-post-thumbnail","7":"category-rennes","8":"tag-actu","9":"tag-actualites","10":"tag-bretagne","11":"tag-eu","12":"tag-europe","13":"tag-fr","14":"tag-france","15":"tag-news","16":"tag-rennes","17":"tag-republique-francaise"},"share_on_mastodon":{"url":"https:\/\/pubeurope.com\/@fr\/115747678430755608","error":""},"_links":{"self":[{"href":"https:\/\/www.europesays.com\/fr\/wp-json\/wp\/v2\/posts\/610062","targetHints":{"allow":["GET"]}}],"collection":[{"href":"https:\/\/www.europesays.com\/fr\/wp-json\/wp\/v2\/posts"}],"about":[{"href":"https:\/\/www.europesays.com\/fr\/wp-json\/wp\/v2\/types\/post"}],"author":[{"embeddable":true,"href":"https:\/\/www.europesays.com\/fr\/wp-json\/wp\/v2\/users\/2"}],"replies":[{"embeddable":true,"href":"https:\/\/www.europesays.com\/fr\/wp-json\/wp\/v2\/comments?post=610062"}],"version-history":[{"count":0,"href":"https:\/\/www.europesays.com\/fr\/wp-json\/wp\/v2\/posts\/610062\/revisions"}],"wp:featuredmedia":[{"embeddable":true,"href":"https:\/\/www.europesays.com\/fr\/wp-json\/wp\/v2\/media\/610063"}],"wp:attachment":[{"href":"https:\/\/www.europesays.com\/fr\/wp-json\/wp\/v2\/media?parent=610062"}],"wp:term":[{"taxonomy":"category","embeddable":true,"href":"https:\/\/www.europesays.com\/fr\/wp-json\/wp\/v2\/categories?post=610062"},{"taxonomy":"post_tag","embeddable":true,"href":"https:\/\/www.europesays.com\/fr\/wp-json\/wp\/v2\/tags?post=610062"}],"curies":[{"name":"wp","href":"https:\/\/api.w.org\/{rel}","templated":true}]}}