{"id":610068,"date":"2025-12-19T18:38:12","date_gmt":"2025-12-19T18:38:12","guid":{"rendered":"https:\/\/www.europesays.com\/fr\/610068\/"},"modified":"2025-12-19T18:38:12","modified_gmt":"2025-12-19T18:38:12","slug":"pres-de-nice-transports-et-stationnement-gratuits-dans-cette-ville-avant-noel-voici-quand","status":"publish","type":"post","link":"https:\/\/www.europesays.com\/fr\/610068\/","title":{"rendered":"Pr\u00e8s de Nice. Transports et stationnement gratuits dans cette ville avant No\u00ebl, voici quand"},"content":{"rendered":"<p>                    Par<br \/>\n        <strong><br \/>\n            <a href=\"https:\/\/actu.fr\/auteur\/arthur-frand\" title=\"Consulter tous les articles de Arthur Frand\" target=\"_blank\" rel=\"noopener\">Arthur Frand<\/a><br \/>\n                    <\/strong><\/p>\n<p>        Publi\u00e9 le<\/p>\n<p>            19 d\u00e9c. 2025 \u00e0 17h50<br \/>\n        ; mis \u00e0 jour le 19 d\u00e9c. 2025 \u00e0 17h51    <\/p>\n<p>C\u2019est un bon plan qui peut vous \u00eatre utile. Ce samedi 20\u00a0d\u00e9cembre 2025, tous les transports en commun de la ville d\u2019Antibes Juan-les-Pins, pr\u00e8s de <a href=\"https:\/\/actu.fr\/nice\/\" target=\"_blank\" rel=\"noopener\">Nice<\/a> dans les Alpes-Maritimes, seront <strong>gratuits pour le public<\/strong>.<\/p>\n<p class=\" wall-content\">Une mesure qui pourra permettre \u00e0 la population de <strong>d\u00e9ambuler en toute libert\u00e9<\/strong> et d\u2019effectuer ses derniers achats de No\u00ebl. Transports, stationnement\u2026 Voici ce qu\u2019il faut savoir.<\/p>\n<p>Le r\u00e9seau Envibus gratuit ce samedi<\/p>\n<p class=\" wall-content\">\u00ab\u2009Le 20\u00a0d\u00e9cembre, d\u00e9placez-vous gratuitement \u00e0 Antibes\u2009\u00bb\u2009: c\u2019est ce qu\u2019a annonc\u00e9 la mairie d\u2019Antibes Juan-les-Pins. Une mesure rare mais un <strong>joli geste<\/strong> avant les f\u00eates de fin d\u2019ann\u00e9e.<\/p>\n<p class=\" wall-content\">Ce samedi, l\u2019ensemble du r\u00e9seau de transports Envibus qui dessert la ville sera gratuit. Les Antibois et personnes de passage pourront se balader librement <strong>sans payer de ticket<\/strong> ou scanner de carte d\u2019abonnement. La navette de Fort Carr\u00e9, en direction de porte Marine, sera notamment en acc\u00e8s libre de 9h30 \u00e0 21h. Mais ce n\u2019est pas tout.<\/p>\n<p>    <a href=\"https:\/\/www.facebook.com\/plugins\/post.php?href=https%3A%2F%2Fwww.facebook.com%2Fmairieantibesjuanlespins%2Fposts%2Fpfbid084TZJwAEmkRNTv9wT6wjkC8nYtpqc2yrdVgYmKLDTSXMhKJXFaMraEdwEAcQH8Dpl&amp;show_text=true&amp;width=350\" title=\"Ouvrie le lien\" target=\"_blank\" rel=\"noopener\">Cliquez ici pour visualiser le contenu<\/a><\/p>\n<p>Stationnement gratuit sur la voie publique<\/p>\n<p class=\" wall-content\">Les automobilistes, eux, pourront profiter <strong>stationner gratuitement<\/strong> sur la voie publique, sur des emplacements habituellement payants. Ce samedi\u00a020 et ce dimanche 21\u00a0d\u00e9cembre mais aussi les jours f\u00e9ri\u00e9s comme le 25\u00a0d\u00e9cembre et le 1er\u00a0janvier 2026.<\/p>\n<p class=\" wall-content\">Les parkings d\u2019entr\u00e9e Fort Carr\u00e9 et relais Bouygues, qui abritent 400 places, seront <strong>gratuits pendant 48\u00a0heures<\/strong>, pr\u00e9cise la ville d\u2019Antibes Juan-les-Pins. Cette facilit\u00e9 d\u2019acc\u00e8s devrait \u00eatre appr\u00e9ci\u00e9e.<\/p>\n<p class=\" wall-content\">Personnalisez votre actualit\u00e9 en ajoutant vos villes et m\u00e9dias en favori avec <a href=\"https:\/\/moncompte.actu.fr\" title=\"D\u00e9couvez Mon Actu\" rel=\"nofollow noopener\" data-trk=\"{&quot;cta&quot;:{&quot;action&quot;:&quot;https:\\\/\\\/moncompte.actu.fr&quot;,&quot;category&quot;:&quot;mon compte&quot;,&quot;from&quot;:&quot;article footer&quot;,&quot;name&quot;:&quot;Mon actu&quot;,&quot;type&quot;:&quot;cta&quot;}}\" target=\"_blank\">Mon Actu<\/a>.<\/p>\n","protected":false},"excerpt":{"rendered":"Par Arthur Frand Publi\u00e9 le 19 d\u00e9c. 2025 \u00e0 17h50 ; mis \u00e0 jour le 19 d\u00e9c. 2025&hellip;\n","protected":false},"author":2,"featured_media":610069,"comment_status":"","ping_status":"","sticky":false,"template":"","format":"standard","meta":{"footnotes":""},"categories":[2819],"tags":[1111,11,3542,1777,674,1011,27,12,2401,882,25,104,2803],"class_list":{"0":"post-610068","1":"post","2":"type-post","3":"status-publish","4":"format-standard","5":"has-post-thumbnail","7":"category-nice","8":"tag-actu","9":"tag-actualites","10":"tag-circulation","11":"tag-eu","12":"tag-europe","13":"tag-fr","14":"tag-france","15":"tag-news","16":"tag-nice","17":"tag-provence-alpes-cote-dazur","18":"tag-republique-francaise","19":"tag-societe","20":"tag-transport"},"share_on_mastodon":{"url":"https:\/\/pubeurope.com\/@fr\/115747691354157790","error":""},"_links":{"self":[{"href":"https:\/\/www.europesays.com\/fr\/wp-json\/wp\/v2\/posts\/610068","targetHints":{"allow":["GET"]}}],"collection":[{"href":"https:\/\/www.europesays.com\/fr\/wp-json\/wp\/v2\/posts"}],"about":[{"href":"https:\/\/www.europesays.com\/fr\/wp-json\/wp\/v2\/types\/post"}],"author":[{"embeddable":true,"href":"https:\/\/www.europesays.com\/fr\/wp-json\/wp\/v2\/users\/2"}],"replies":[{"embeddable":true,"href":"https:\/\/www.europesays.com\/fr\/wp-json\/wp\/v2\/comments?post=610068"}],"version-history":[{"count":0,"href":"https:\/\/www.europesays.com\/fr\/wp-json\/wp\/v2\/posts\/610068\/revisions"}],"wp:featuredmedia":[{"embeddable":true,"href":"https:\/\/www.europesays.com\/fr\/wp-json\/wp\/v2\/media\/610069"}],"wp:attachment":[{"href":"https:\/\/www.europesays.com\/fr\/wp-json\/wp\/v2\/media?parent=610068"}],"wp:term":[{"taxonomy":"category","embeddable":true,"href":"https:\/\/www.europesays.com\/fr\/wp-json\/wp\/v2\/categories?post=610068"},{"taxonomy":"post_tag","embeddable":true,"href":"https:\/\/www.europesays.com\/fr\/wp-json\/wp\/v2\/tags?post=610068"}],"curies":[{"name":"wp","href":"https:\/\/api.w.org\/{rel}","templated":true}]}}