{"id":61008,"date":"2025-04-29T05:14:14","date_gmt":"2025-04-29T05:14:14","guid":{"rendered":"https:\/\/www.europesays.com\/fr\/61008\/"},"modified":"2025-04-29T05:14:14","modified_gmt":"2025-04-29T05:14:14","slug":"la-chapelle-sur-erdre-patrick-chesnais-et-florian-hessique-a-grand-ecran","status":"publish","type":"post","link":"https:\/\/www.europesays.com\/fr\/61008\/","title":{"rendered":"La Chapelle-sur-Erdre. Patrick Chesnais et Florian Hessique \u00e0 Grand \u00c9cran"},"content":{"rendered":"<p>Mercredi, le cin\u00e9ma Grand \u00c9cran accueillera le r\u00e9alisateur et acteur Florian Hessique et\u00a0l\u2019acteur Patrick Chesnais, pour une avant-premi\u00e8re de leur nouveau film, La tourn\u00e9e. Cette com\u00e9die dispose d\u2019un casting de r\u00eave avec \u00e9galement Richard Berry, Martin Lamotte, Dominique Frot, \u00c9lisa Servier et Thierry Lhermitte. \u00c0 l\u2019issue de la s\u00e9ance, les deux acteurs r\u00e9pondront aux questions du public et en diront plus sur le tournage du film.<\/p>\n<p>L\u2019histoire\u00a0: accul\u00e9 par les dettes apr\u00e8s une longue travers\u00e9e du d\u00e9sert, l\u2019acteur Marius de Villeduc se voit contraint d\u2019accepter le r\u00f4le principal du nouveau film de Richard Favard, un acteur-r\u00e9alisateur prometteur, mais dont il ne conna\u00eet rien. Seulement, pour toucher l\u2019int\u00e9gralit\u00e9 de son cachet, l\u2019obligation\u00a0est de participer \u00e0 la tourn\u00e9e d\u2019avant-premi\u00e8res\u00a0! Aux c\u00f4t\u00e9s de Richard, Colette et Lulu, Marius se lance alors bien malgr\u00e9 lui sur les routes de France dans un road-movie chaotique et haut en couleur\u00a0!<\/p>\n<p><strong>Mercredi 30\u00a0avril, <\/strong>\u00e0 20\u00a0h\u00a030, au cin\u00e9ma Grand \u00c9cran, 20, avenue des Perri\u00e8res. 7\u00a0\u20ac. 02\u00a040\u00a010\u00a046\u00a025\u00a0; www.grandecran.fr<\/p>\n<p>\u00a0<\/p>\n","protected":false},"excerpt":{"rendered":"Mercredi, le cin\u00e9ma Grand \u00c9cran accueillera le r\u00e9alisateur et acteur Florian Hessique et\u00a0l\u2019acteur Patrick Chesnais, pour une avant-premi\u00e8re&hellip;\n","protected":false},"author":2,"featured_media":61009,"comment_status":"","ping_status":"","sticky":false,"template":"","format":"standard","meta":{"footnotes":""},"categories":[2818],"tags":[1111,11,10770,15856,15859,1777,674,15857,1011,27,2515,15858,766,12,12012,2636,25,3272],"class_list":{"0":"post-61008","1":"post","2":"type-post","3":"status-publish","4":"format-standard","5":"has-post-thumbnail","7":"category-nantes","8":"tag-actu","9":"tag-actualites","10":"tag-chapelle-sur-erdre","11":"tag-chesnais","12":"tag-ecran","13":"tag-eu","14":"tag-europe","15":"tag-florian","16":"tag-fr","17":"tag-france","18":"tag-grand","19":"tag-hessique","20":"tag-nantes","21":"tag-news","22":"tag-patrick","23":"tag-pays-de-la-loire","24":"tag-republique-francaise","25":"tag-saint-nazaire"},"share_on_mastodon":{"url":"https:\/\/pubeurope.com\/@fr\/114419549034711596","error":""},"_links":{"self":[{"href":"https:\/\/www.europesays.com\/fr\/wp-json\/wp\/v2\/posts\/61008","targetHints":{"allow":["GET"]}}],"collection":[{"href":"https:\/\/www.europesays.com\/fr\/wp-json\/wp\/v2\/posts"}],"about":[{"href":"https:\/\/www.europesays.com\/fr\/wp-json\/wp\/v2\/types\/post"}],"author":[{"embeddable":true,"href":"https:\/\/www.europesays.com\/fr\/wp-json\/wp\/v2\/users\/2"}],"replies":[{"embeddable":true,"href":"https:\/\/www.europesays.com\/fr\/wp-json\/wp\/v2\/comments?post=61008"}],"version-history":[{"count":0,"href":"https:\/\/www.europesays.com\/fr\/wp-json\/wp\/v2\/posts\/61008\/revisions"}],"wp:featuredmedia":[{"embeddable":true,"href":"https:\/\/www.europesays.com\/fr\/wp-json\/wp\/v2\/media\/61009"}],"wp:attachment":[{"href":"https:\/\/www.europesays.com\/fr\/wp-json\/wp\/v2\/media?parent=61008"}],"wp:term":[{"taxonomy":"category","embeddable":true,"href":"https:\/\/www.europesays.com\/fr\/wp-json\/wp\/v2\/categories?post=61008"},{"taxonomy":"post_tag","embeddable":true,"href":"https:\/\/www.europesays.com\/fr\/wp-json\/wp\/v2\/tags?post=61008"}],"curies":[{"name":"wp","href":"https:\/\/api.w.org\/{rel}","templated":true}]}}